{"id":122980,"date":"2024-02-03T15:12:44","date_gmt":"2024-02-03T18:12:44","guid":{"rendered":"https:\/\/corrientesdetarde.com\/?p=122980"},"modified":"2024-02-03T15:12:47","modified_gmt":"2024-02-03T18:12:47","slug":"que-es-la-ley-omnibus-de-javier-milei-y-cuales-son-las-principales-medidas","status":"publish","type":"post","link":"https:\/\/corrientesdetarde.com\/index.php\/politica\/que-es-la-ley-omnibus-de-javier-milei-y-cuales-son-las-principales-medidas\/","title":{"rendered":"Qu\u00e9 es la Ley \u00d3mnibus de Javier Milei y cu\u00e1les son las principales medidas"},"content":{"rendered":"\n<p>El proyecto de\u00a0<strong>Ley \u00d3mnibus<\/strong>\u00a0presentado por<strong>Javier Milei<\/strong>\u00a0ante el Congreso declara la emergencia p\u00fablica en materia econ\u00f3mica, financiera, previsional, de seguridad, de defensa, tarifaria, energ\u00e9tica, sanitaria, administrativa y social hasta el 31 de diciembre de 2025.<\/p>\n\n\n\n<p>La iniciativa original constaba de 183 p\u00e1ginas y 664 art\u00edculos y est\u00e1 firmada por el presidente, el jefe de Gabinete&nbsp;<strong>Nicolas Posse<\/strong>, y los ministros del Poder Ejecutivo. Sin embargo, el proyecto final qued\u00f3 reducido a&nbsp;<strong>386 art\u00edculos<\/strong>, con la completa eliminaci\u00f3n de las reformas fiscales y electorales,para facilitar su aprobaci\u00f3n en el Congreso,<\/p>\n\n\n\n<p>Estas reformas se consideran un complemento al\u00a0<strong>Decreto de Necesidad y Urgencia (DNU)<\/strong>, y tienen como objetivo principal promover la libertad de todos los ciudadanos argentinos.<\/p>\n\n\n\n<h2 class=\"wp-block-heading\">Texto completo de la versi\u00f3n final de la Ley \u00d3mnibus de Javier Milei<\/h2>\n\n\n\n<h2 class=\"wp-block-heading\">Crece el inter\u00e9s de los usuarios en la Ley \u00d3mnibus, seg\u00fan Google Trends<\/h2>\n\n\n\n<p>El paro que llev\u00f3 adelante la Confederaci\u00f3n Argentina del Trabajador (CGT) en contra de las medidas del gobierno de Javier Milei provocaron un pico de b\u00fasquedas sobre la Ley \u00d3mnibus que impulsa el Presidente, seg\u00fan se observa en Google Trends.<\/p>\n\n\n\n<figure class=\"wp-block-image\"><img decoding=\"async\" src=\"https:\/\/tn.com.ar\/resizer\/7gI9a4PkL7uMwJhQXhAhB8zso8w=\/767x0\/smart\/filters:format(webp)\/cloudfront-us-east-1.images.arcpublishing.com\/artear\/SVTT7K3VC5FT7JR266WVZ3LSQI.jpg\" alt=\"Las b\u00fasquedas sobre la Ley \u00d3mnibus se dispararon al calor del paro de la CGT. (Foto: Google Trends).\"\/><figcaption>Las b\u00fasquedas sobre la Ley \u00d3mnibus se dispararon al calor del paro de la CGT. (Foto: Google Trends).<\/figcaption><\/figure>\n\n\n\n<p>Entre otras cosas, las b\u00fasquedas se centraron en el impacto de las medias sobre el cepo al d\u00f3lar, los derechos laborales y qu\u00e9 diputados est\u00e1n a favor de la iniciativa.<\/p>\n\n\n\n<h2 class=\"wp-block-heading\">El resumen de la Ley \u00d3mnibus de Javier Milei<\/h2>\n\n\n\n<h3 class=\"wp-block-heading\">1- Manifestaciones y cortes de calles<\/h3>\n\n\n\n<ul class=\"wp-block-list\"><li>Mayor control de las manifestaciones y aumento de las penas por cortes de calles.<\/li><li>Castigo de hasta tres a\u00f1os y medio de prisi\u00f3n para quienes obstaculicen el transporte.<\/li><li>Sanciones a los organizadores de los cortes y responsabilidad por los da\u00f1os.<\/li><li>Obligaci\u00f3n de notificar al Ministerio de Seguridad de la Naci\u00f3n todas las reuniones o manifestaciones, incluso las espont\u00e1neas.<\/li><\/ul>\n\n\n\n<h3 class=\"wp-block-heading\">2- Leg\u00edtima defensa<\/h3>\n\n\n\n<ul class=\"wp-block-list\"><li>Ampliaci\u00f3n de los casos de \u201cleg\u00edtima defensa.\u201d<\/li><li>Consideraci\u00f3n de la proporcionalidad del medio empleado en favor de quien act\u00faa en cumplimiento de su deber o en el ejercicio leg\u00edtimo de su derecho.<\/li><li>Mayor flexibilidad en la justificaci\u00f3n de la leg\u00edtima defensa en situaciones que involucran diferencias de edad, contextura f\u00edsica, experiencia en ri\u00f1as, n\u00famero de agresores y uso de armas falsas.<\/li><\/ul>\n\n\n\n<h3 class=\"wp-block-heading\">3- Obra p\u00fablica<\/h3>\n\n\n\n<ul class=\"wp-block-list\"><li>Posibilidad de financiar la infraestructura con inversi\u00f3n privada.<\/li><li>Facultad del Poder Ejecutivo para renegociar o rescindir contratos en ejecuci\u00f3n celebrados antes del 10 de diciembre de 2023.<\/li><li>Regreso al esquema de concesiones y transferencia del riesgo al concesionario.<\/li><li>Mecanismo de soluci\u00f3n de controversias para contratos de obra p\u00fablica con plazos vencidos y litigios pendientes.<\/li><\/ul>\n\n\n\n<h3 class=\"wp-block-heading\">4- \u201cBlanqueo\u201d laboral<\/h3>\n\n\n\n<ul class=\"wp-block-list\"><li>Promoci\u00f3n del Empleo Registrado mediante un \u201cblanqueo\u201d laboral.<\/li><li>Extinci\u00f3n de la acci\u00f3n penal y condonaci\u00f3n de infracciones, multas y sanciones por irregularidades en la contrataci\u00f3n de empleados.<\/li><li>Posible eliminaci\u00f3n del Registro de Empleadores con Sanciones Laborales (REPSAL).<\/li><li>Plazos para la regularizaci\u00f3n de relaciones laborales y planes de regularizaci\u00f3n plurianuales.<\/li><\/ul>\n\n\n\n<h3 class=\"wp-block-heading\">5- Privatizaci\u00f3n de empresas p\u00fablicas<\/h3>\n\n\n\n<ul class=\"wp-block-list\"><li>Plan de privatizaci\u00f3n de empresas p\u00fablicas para concentrar la actividad del Estado en funciones esenciales.<\/li><li>Objetivo de generar competencia, eficiencia econ\u00f3mica, reducci\u00f3n de carga fiscal y mejor calidad de servicios.<\/li><li>Inclusi\u00f3n de empresas como Aerol\u00edneas Argentinas, Correo Argentino, ferrocarriles, Aysa, YPF, YCRT, Banco de la Naci\u00f3n, Casa de la Moneda y Nucleoel\u00e9ctrica Argentina en el listado.<\/li><\/ul>\n\n\n\n<h3 class=\"wp-block-heading\">6- Energ\u00eda<\/h3>\n\n\n\n<ul class=\"wp-block-list\"><li>Enfoque en maximizar la renta de la explotaci\u00f3n de recursos y satisfacer las necesidades de hidrocarburos.<\/li><li>Limitaci\u00f3n del Poder Ejecutivo para fijar precios de comercializaci\u00f3n en el mercado interno.<\/li><li>Libertad para las empresas estatales en fijar precios competitivos.<\/li><li>Comercio internacional de hidrocarburos libre.<\/li><\/ul>\n\n\n\n<h3 class=\"wp-block-heading\">7- Educaci\u00f3n<\/h3>\n\n\n\n<ul class=\"wp-block-list\"><li>Examen al finalizar la secundaria para acreditar el nivel de desempe\u00f1o de los estudiantes.<\/li><li>Posibilidad de ingresar a la universidad p\u00fablica a trav\u00e9s de examen o curso de nivelaci\u00f3n.<\/li><li>Estudios de grado gratuitos para argentinos y extranjeros residentes permanentes, con posibilidad de cobrar una cuota a extranjeros.<\/li><li>Posibilidad de homeschooling a partir de cuarto grado del nivel primario.<\/li><\/ul>\n\n\n\n<h3 class=\"wp-block-heading\">8- Medio ambiente<\/h3>\n\n\n\n<ul class=\"wp-block-list\"><li>Modificaci\u00f3n de leyes de medio ambiente, incluyendo la Ley de Bosques Nativos, Ley de Glaciares y Ley de Protecci\u00f3n Ambiental contra la Actividad de Quema.<\/li><li>Creaci\u00f3n de un mercado de carbono y controles de emisiones en sectores productivos.<\/li><li>Establecimiento de l\u00edmites de emisiones y posibles multas por superarlos.<\/li><\/ul>\n\n\n\n<h2 class=\"wp-block-heading\">Qu\u00e9 es una Ley \u00d3mnibus<\/h2>\n\n\n\n<p>La expresi\u00f3n \u201c<strong>ley \u00f3mnibus<\/strong>\u201d se volvi\u00f3 cada vez m\u00e1s com\u00fan en los c\u00edrculos legislativos y en el lenguaje jur\u00eddico. Este t\u00e9rmino, que proviene del lat\u00edn \u201comnis\u201d (todo), se refiere a una&nbsp;<strong>legislaci\u00f3n integral que aborda una variedad de temas o asuntos en un solo proyecto de ley<\/strong>. En lugar de tratar problemas de manera individual, una ley \u00f3mnibus busca abordar m\u00faltiples cuestiones dentro de un marco legislativo unificado.<\/p>\n\n\n\n<p><strong>Caracter\u00edsticas principales de una Ley \u00d3mnibus:<\/strong><\/p>\n\n\n\n<ul class=\"wp-block-list\"><li><strong>Amplitud tem\u00e1tica:<\/strong>&nbsp;Una ley \u00f3mnibus es conocida por su amplitud tem\u00e1tica. Puede abordar asuntos que van desde cuestiones fiscales y presupuestarias hasta regulaciones medioambientales y asuntos sociales. La idea detr\u00e1s de esta estrategia es consolidar m\u00faltiples \u00e1reas de legislaci\u00f3n en un solo documento para mejorar la eficiencia y la coherencia normativa.<\/li><li><strong>Complejidad y volumen:<\/strong>&nbsp;Dada la naturaleza integral de estas leyes, suelen ser extensas y complejas. El contenido puede abordar diversos temas, y la redacci\u00f3n debe ser lo suficientemente precisa como para cubrir todas las \u00e1reas relevantes. La complejidad a menudo genera debates intensos y detallados durante el proceso legislativo.<\/li><li><strong>Agilidad legislativa:<\/strong>&nbsp;La ley \u00f3mnibus puede ser vista como un enfoque para abordar varios problemas de manera m\u00e1s r\u00e1pida y eficiente. En lugar de pasar m\u00faltiples proyectos de ley individualmente, los legisladores pueden consolidarlos en una \u00fanica legislaci\u00f3n para agilizar el proceso legislativo.<\/li><\/ul>\n\n\n\n<p><strong>Ventajas de las Leyes \u00d3mnibus:<\/strong><\/p>\n\n\n\n<ul class=\"wp-block-list\"><li><strong>Eficiencia legislativa:<\/strong>&nbsp;Al abordar m\u00faltiples problemas en un solo proyecto de ley, se busca ahorrar tiempo y recursos en el proceso legislativo. Esto puede ser especialmente beneficioso cuando hay una necesidad urgente de abordar diversas cuestiones simult\u00e1neamente.<\/li><li><strong>Coherencia normativa:<\/strong>&nbsp;Al consolidar temas relacionados en un solo documento, se puede lograr una mayor coherencia normativa. Esto evita la posibilidad de tener regulaciones conflictivas o contradictorias que podr\u00edan surgir si cada tema se abordara por separado.<\/li><li><strong>Negociaci\u00f3n y compromiso:<\/strong>&nbsp;Las leyes \u00f3mnibus a menudo requieren un alto grado de negociaci\u00f3n y compromiso entre diferentes partes interesadas y legisladores. Esto puede fomentar la construcci\u00f3n de consensos y acuerdos m\u00e1s amplios en temas diversos.<\/li><\/ul>\n","protected":false},"excerpt":{"rendered":"<p>El proyecto de\u00a0Ley \u00d3mnibus\u00a0presentado porJavier Milei\u00a0ante el Congreso declara la emergencia p\u00fablica en materia econ\u00f3mica, financiera, previsional, de seguridad, de defensa, tarifaria, energ\u00e9tica, sanitaria, administrativa y social hasta el 31&hellip; <\/p>\n","protected":false},"author":12,"featured_media":122981,"comment_status":"closed","ping_status":"open","sticky":false,"template":"","format":"standard","meta":{"footnotes":""},"categories":[3],"tags":[],"class_list":["post-122980","post","type-post","status-publish","format-standard","has-post-thumbnail","hentry","category-politica"],"_links":{"self":[{"href":"https:\/\/corrientesdetarde.com\/index.php\/wp-json\/wp\/v2\/posts\/122980","targetHints":{"allow":["GET"]}}],"collection":[{"href":"https:\/\/corrientesdetarde.com\/index.php\/wp-json\/wp\/v2\/posts"}],"about":[{"href":"https:\/\/corrientesdetarde.com\/index.php\/wp-json\/wp\/v2\/types\/post"}],"author":[{"embeddable":true,"href":"https:\/\/corrientesdetarde.com\/index.php\/wp-json\/wp\/v2\/users\/12"}],"replies":[{"embeddable":true,"href":"https:\/\/corrientesdetarde.com\/index.php\/wp-json\/wp\/v2\/comments?post=122980"}],"version-history":[{"count":1,"href":"https:\/\/corrientesdetarde.com\/index.php\/wp-json\/wp\/v2\/posts\/122980\/revisions"}],"predecessor-version":[{"id":122982,"href":"https:\/\/corrientesdetarde.com\/index.php\/wp-json\/wp\/v2\/posts\/122980\/revisions\/122982"}],"wp:featuredmedia":[{"embeddable":true,"href":"https:\/\/corrientesdetarde.com\/index.php\/wp-json\/wp\/v2\/media\/122981"}],"wp:attachment":[{"href":"https:\/\/corrientesdetarde.com\/index.php\/wp-json\/wp\/v2\/media?parent=122980"}],"wp:term":[{"taxonomy":"category","embeddable":true,"href":"https:\/\/corrientesdetarde.com\/index.php\/wp-json\/wp\/v2\/categories?post=122980"},{"taxonomy":"post_tag","embeddable":true,"href":"https:\/\/corrientesdetarde.com\/index.php\/wp-json\/wp\/v2\/tags?post=122980"}],"curies":[{"name":"wp","href":"https:\/\/api.w.org\/{rel}","templated":true}]}}