{"id":123003,"date":"2024-02-03T16:25:42","date_gmt":"2024-02-03T19:25:42","guid":{"rendered":"https:\/\/corrientesdetarde.com\/?p=123003"},"modified":"2024-02-03T16:25:54","modified_gmt":"2024-02-03T19:25:54","slug":"ana-laura-ruggiero-interpelo-a-los-legisladores-ante-el-debate-de-la-ley-omnibus-la-mejor-respuesta-es-leer-la-constitucion","status":"publish","type":"post","link":"https:\/\/corrientesdetarde.com\/index.php\/politica\/ana-laura-ruggiero-interpelo-a-los-legisladores-ante-el-debate-de-la-ley-omnibus-la-mejor-respuesta-es-leer-la-constitucion\/","title":{"rendered":"ANA LAURA RUGGIERO INTERPEL\u00d3 A LOS LEGISLADORES ANTE EL DEBATE DE LA LEY \u00d3MNIBUS: &#8220;LA MEJOR RESPUESTA ES LEER LA CONSTITUCI\u00d3N\u201d"},"content":{"rendered":"\n<p>La secretaria General de ANDUNA y subsecretaria de G\u00e9nero de FATUN, Ana Laura Ruggiero, apunt\u00f3 de \u201cinconstitucional\u201d al DNU 70\/2023 y a la Ley \u00f3mnibus del Gobierno Nacional, que avanza en su tratamiento en el Congreso Nacional y aconsej\u00f3 a los legisladores, que prev\u00e9n acompa\u00f1arla, que lean la Carta Magna Argentina.<\/p>\n\n\n\n<p>&#8220;La mejor respuesta es leer la Constituci\u00f3n. All\u00ed est\u00e1n las bases, los derechos y garant\u00edas fundamentales y la forma de organizar los poderes del Estado\u201d, indic\u00f3 la secretaria General de la Asociaci\u00f3n No Docente de la Universidad Nacional de Avellaneda -ANDUNA- sobre el apoyo que el DNU y la Ley \u00f3mnibus podr\u00edan cosechar en ambas C\u00e1maras.<\/p>\n\n\n\n<p>\u201cCualquiera que la haya le\u00eddo sabe que todo lo que plantea el DNU y la Ley \u00f3mnibus van contra el Estado de derecho y la Constituci\u00f3n&#8221;, agreg\u00f3 dando por hecho la negativa a acompa\u00f1ar \u201ceste brutal avasallamiento a la democracia y a todos los aspectos de la vida de las y los argentinos\u201d.<\/p>\n\n\n\n<p>Asimismo, como representante de las y los trabajadores No Docentes de la UNDAV, manifest\u00f3 su preocupaci\u00f3n por los efectos cr\u00edticos que el Decreto y el paquete de leyes tendr\u00edan -con la suba de tarifas, la desregulaci\u00f3n del Estado y el desfinanciamiento educativo, entre otras- sobre el Sistema Universitario, as\u00ed como, tambi\u00e9n, sobre las y los trabajadores y estudiantes.<\/p>\n\n\n\n<h2 class=\"wp-block-heading\">&#8220;Como Universidad del Conurbano tenemos que estar alerta y atentos No queremos que las y los estudiantes tengan que elegir entre estudiar o buscar otro trabajo porque no llegan a fin de mes. Sabemos que la realidad puede ser distinta y vamos a luchar para que as\u00ed sea&#8221;, finaliz\u00f3.<\/h2>\n\n\n\n<p>Ana Laura Ruggiero conduce, por tercer per\u00edodo consecutivo, la Asociaci\u00f3n No Docente de la Universidad Nacional de Avellaneda -ANDUNA-.<br>Con casi 12 a\u00f1os de vida institucional, nacida el 15 de mayo de 2012, ANDUNA est\u00e1 ligada a la irrupci\u00f3n de una de las Universidades del Bicentenario -la de Avellaneda-. Forma parte de la FATUN \u2013que conduce Walter Merkis-; del colectivo Mujeres Sindicalistas -CFT\/CGT- y de la CGT regional Avellaneda\/Lan\u00fas.<\/p>\n","protected":false},"excerpt":{"rendered":"<p>La secretaria General de ANDUNA y subsecretaria de G\u00e9nero de FATUN, Ana Laura Ruggiero, apunt\u00f3 de \u201cinconstitucional\u201d al DNU 70\/2023 y a la Ley \u00f3mnibus del Gobierno Nacional, que avanza&hellip; <\/p>\n","protected":false},"author":11,"featured_media":123004,"comment_status":"closed","ping_status":"open","sticky":false,"template":"","format":"standard","meta":{"footnotes":""},"categories":[3],"tags":[],"class_list":["post-123003","post","type-post","status-publish","format-standard","has-post-thumbnail","hentry","category-politica"],"_links":{"self":[{"href":"https:\/\/corrientesdetarde.com\/index.php\/wp-json\/wp\/v2\/posts\/123003","targetHints":{"allow":["GET"]}}],"collection":[{"href":"https:\/\/corrientesdetarde.com\/index.php\/wp-json\/wp\/v2\/posts"}],"about":[{"href":"https:\/\/corrientesdetarde.com\/index.php\/wp-json\/wp\/v2\/types\/post"}],"author":[{"embeddable":true,"href":"https:\/\/corrientesdetarde.com\/index.php\/wp-json\/wp\/v2\/users\/11"}],"replies":[{"embeddable":true,"href":"https:\/\/corrientesdetarde.com\/index.php\/wp-json\/wp\/v2\/comments?post=123003"}],"version-history":[{"count":1,"href":"https:\/\/corrientesdetarde.com\/index.php\/wp-json\/wp\/v2\/posts\/123003\/revisions"}],"predecessor-version":[{"id":123005,"href":"https:\/\/corrientesdetarde.com\/index.php\/wp-json\/wp\/v2\/posts\/123003\/revisions\/123005"}],"wp:featuredmedia":[{"embeddable":true,"href":"https:\/\/corrientesdetarde.com\/index.php\/wp-json\/wp\/v2\/media\/123004"}],"wp:attachment":[{"href":"https:\/\/corrientesdetarde.com\/index.php\/wp-json\/wp\/v2\/media?parent=123003"}],"wp:term":[{"taxonomy":"category","embeddable":true,"href":"https:\/\/corrientesdetarde.com\/index.php\/wp-json\/wp\/v2\/categories?post=123003"},{"taxonomy":"post_tag","embeddable":true,"href":"https:\/\/corrientesdetarde.com\/index.php\/wp-json\/wp\/v2\/tags?post=123003"}],"curies":[{"name":"wp","href":"https:\/\/api.w.org\/{rel}","templated":true}]}}