{"id":123129,"date":"2024-02-04T18:40:56","date_gmt":"2024-02-04T21:40:56","guid":{"rendered":"https:\/\/corrientesdetarde.com\/?p=123129"},"modified":"2024-02-04T18:41:08","modified_gmt":"2024-02-04T21:41:08","slug":"un-sospechoso-de-doble-homicidio-fue-arrestado-en-misiones","status":"publish","type":"post","link":"https:\/\/corrientesdetarde.com\/index.php\/policiales\/un-sospechoso-de-doble-homicidio-fue-arrestado-en-misiones\/","title":{"rendered":"Un sospechoso de doble homicidio fue arrestado en Misiones."},"content":{"rendered":"\n<h2 class=\"wp-block-heading\">La intervenci\u00f3n tuvo lugar en Santo Tom\u00e9. El detenido de 24 a\u00f1os ser\u00eda familiar de una de las v\u00edctimas del crimen ocurrido el \u00faltimo viernes en la localidad misionera de Arist\u00f3bulo del Valle.<\/h2>\n\n\n\n<p>Polic\u00edas de Corrientes y Misiones detuvieron este s\u00e1bado en Santo Tom\u00e9 a un hombre de 24 a\u00f1os que ser\u00eda el principal sospechoso de un doble homicidio en la localidad misionera de Arist\u00f3bulo del Valle.\u00a0<\/p>\n\n\n\n<p>Seg\u00fan informaci\u00f3n policial, el detenido ser\u00eda familiar de Daniel Ferrari de 62 a\u00f1os, quien fue hallado el \u00faltimo viernes sin vida junto a su empleada Regina Martins Da Rosa de 57. El mismo habr\u00eda viajado a Corrientes a las pocas horas del hallazgo de los cuerpos. Adem\u00e1s se hab\u00eda instalado en una vivienda ubicada sobre la calle Centeno de Santo Tom\u00e9.<\/p>\n\n\n\n<figure class=\"wp-block-image\"><a href=\"https:\/\/www.radiosudamericana.com\/notix\/multimedia\/imagenes\/fotos\/2024-02-04\/273700.jpg\"><img decoding=\"async\" src=\"https:\/\/www.radiosudamericana.com\/notix\/multimedia\/imagenes\/fotos\/2024-02-04\/273700.jpg_nota.jpg\" alt=\"\"\/><\/a><\/figure>\n\n\n\n<p>La investigaci\u00f3n condujo al allanamiento del domicilio en cuesti\u00f3n, donde se detuvo al implicado y se procedi\u00f3 al secuestro de un tel\u00e9fono celular clave para esclarecer el doble homicidio.<\/p>\n\n\n\n<p>El hombre fue llevado a una dependencia policial donde permanecer\u00e1 alojado a disposici\u00f3n del Juzgado de Instrucci\u00f3n Nro. 2 de Ober\u00e1.<\/p>\n","protected":false},"excerpt":{"rendered":"<p>La intervenci\u00f3n tuvo lugar en Santo Tom\u00e9. El detenido de 24 a\u00f1os ser\u00eda familiar de una de las v\u00edctimas del crimen ocurrido el \u00faltimo viernes en la localidad misionera de&hellip; <\/p>\n","protected":false},"author":6,"featured_media":123133,"comment_status":"closed","ping_status":"open","sticky":false,"template":"","format":"standard","meta":{"footnotes":""},"categories":[33],"tags":[],"class_list":["post-123129","post","type-post","status-publish","format-standard","has-post-thumbnail","hentry","category-policiales"],"_links":{"self":[{"href":"https:\/\/corrientesdetarde.com\/index.php\/wp-json\/wp\/v2\/posts\/123129","targetHints":{"allow":["GET"]}}],"collection":[{"href":"https:\/\/corrientesdetarde.com\/index.php\/wp-json\/wp\/v2\/posts"}],"about":[{"href":"https:\/\/corrientesdetarde.com\/index.php\/wp-json\/wp\/v2\/types\/post"}],"author":[{"embeddable":true,"href":"https:\/\/corrientesdetarde.com\/index.php\/wp-json\/wp\/v2\/users\/6"}],"replies":[{"embeddable":true,"href":"https:\/\/corrientesdetarde.com\/index.php\/wp-json\/wp\/v2\/comments?post=123129"}],"version-history":[{"count":1,"href":"https:\/\/corrientesdetarde.com\/index.php\/wp-json\/wp\/v2\/posts\/123129\/revisions"}],"predecessor-version":[{"id":123134,"href":"https:\/\/corrientesdetarde.com\/index.php\/wp-json\/wp\/v2\/posts\/123129\/revisions\/123134"}],"wp:featuredmedia":[{"embeddable":true,"href":"https:\/\/corrientesdetarde.com\/index.php\/wp-json\/wp\/v2\/media\/123133"}],"wp:attachment":[{"href":"https:\/\/corrientesdetarde.com\/index.php\/wp-json\/wp\/v2\/media?parent=123129"}],"wp:term":[{"taxonomy":"category","embeddable":true,"href":"https:\/\/corrientesdetarde.com\/index.php\/wp-json\/wp\/v2\/categories?post=123129"},{"taxonomy":"post_tag","embeddable":true,"href":"https:\/\/corrientesdetarde.com\/index.php\/wp-json\/wp\/v2\/tags?post=123129"}],"curies":[{"name":"wp","href":"https:\/\/api.w.org\/{rel}","templated":true}]}}