{"id":123135,"date":"2024-02-04T19:02:07","date_gmt":"2024-02-04T22:02:07","guid":{"rendered":"https:\/\/corrientesdetarde.com\/?p=123135"},"modified":"2024-02-04T19:02:10","modified_gmt":"2024-02-04T22:02:10","slug":"catastrofe-en-chile-hay-al-menos-99-muertos-por-los-incendios-y-la-cifra-podria-aumentar","status":"publish","type":"post","link":"https:\/\/corrientesdetarde.com\/index.php\/internacionales\/catastrofe-en-chile-hay-al-menos-99-muertos-por-los-incendios-y-la-cifra-podria-aumentar\/","title":{"rendered":"Cat\u00e1strofe en Chile: hay al menos 99 muertos por los incendios y la cifra podr\u00eda aumentar."},"content":{"rendered":"\n<h2 class=\"wp-block-heading\">El presidente Gabriel Boric dijo que se trata de la tragedia m\u00e1s grande desde el terremoto de 2010. Hay 372 personas desaparecidas.<\/h2>\n\n\n\n<p>Los devastadores incendios que golpearon la regi\u00f3n de Valpara\u00edso, en el centro de Chile,&nbsp;<strong>causaron al menos 99 muerto<\/strong>s. Lo anunci\u00f3 este domingo el Servicio M\u00e9dico Legal (SML).<\/p>\n\n\n\n<p>\u201cEl SML lamenta la tragedia que est\u00e1 viviendo la regi\u00f3n de Valpara\u00edso e informa que en estos momentos se encuentran<strong>&nbsp;todos sus equipos t\u00e9cnicos, m\u00e9dicos y administrativos, con apoyo de profesionales provenientes de Santiago,&nbsp;<\/strong>dispuestos para enfrentar esta emergencia\u201d, dijo la entidad en un comunicado divulgado en su cuenta de X.<\/p>\n\n\n\n<p>En tanto, la alcaldesa de Vi\u00f1a del Mar,\u00a0<strong>Macarena Ripamonti<\/strong>, dijo que hay \u201calrededor de\u00a0<strong>372 personas desaparecidas<\/strong>\u201d.<\/p>\n\n\n\n<p>Poco antes, el presidente&nbsp;<strong>Gabriel Boric&nbsp;<\/strong>hab\u00eda anunciado un balance provisorio de 64 muertos, aunque asegur\u00f3 que&nbsp;<strong>la cifra aumentar\u00e1 significativamente<\/strong>.<\/p>\n\n\n\n<p>\u201cPuedo tristemente confirmar que hay 64 muertos. Esa cifra va a crecer, sabemos que va a crecer significativamente\u201d, dijo el mandatario desde Quilpu\u00e9, una zona de cerros poblados en las afueras de Vi\u00f1a del Mar, uno de los lugares donde se ven barrios de casas carbonizados, a unos 90 km al noroeste de Santiago. Solo en esa zona se quemaron 1300 viviendas.<\/p>\n\n\n\n<p>Boric dijo que&nbsp;<strong>\u201ces la tragedia m\u00e1s grande que hemos vivido como pa\u00eds<\/strong>&nbsp;desde el terremoto del 27 de febrero de 2010\u2033. En la zona rige el toque de queda. El&nbsp;<strong>gobierno decret\u00f3 duelo nacional&nbsp;<\/strong>durante dos d\u00edas a partir del lunes.<\/p>\n\n\n\n<h2 class=\"wp-block-heading\">Las llamas consumieron m\u00e1s de 25.000 hect\u00e1reas en Chile<\/h2>\n\n\n\n<p>Los incendios forestales no dan tregua. Las autoridades advirtieron este domingo sobre \u201ccondiciones complicadas\u201d para combatir el fuego en plena ola de calor.<\/p>\n\n\n\n<p>Seg\u00fan el Servicio Nacional de Prevenci\u00f3n y Respuesta ante Desastres (Senapred), las llamas&nbsp;<strong>ya consumieron 25.567&nbsp;<\/strong>hect\u00e1reas en las regiones del centro del pa\u00eds de Valpara\u00edso, Metropolitana, O\u2019Higgins, as\u00ed como al sur, en el Maule, La Araucan\u00eda y Los Lagos.<\/p>\n\n\n\n<figure class=\"wp-block-image\"><img decoding=\"async\" src=\"https:\/\/tn.com.ar\/resizer\/4gL1MEcvBNn78rF1EnKigzAaqTw=\/767x0\/smart\/filters:format(webp)\/cloudfront-us-east-1.images.arcpublishing.com\/artear\/QYNNG6JZNJG4BNRSXRLD5UHY3I.jfif\" alt=\"Las llamas consumen el sector de Las Pataguas, en Vi\u00f1a (Foto: AFP)\"\/><figcaption>Las llamas consumen el sector de Las Pataguas, en Vi\u00f1a (Foto: AFP)<\/figcaption><\/figure>\n\n\n\n<p>El director nacional de Senapred,&nbsp;<strong>\u00c1lvaro Hormaz\u00e1bal<\/strong>, resalt\u00f3 que hay 34 puntos en combate de las llamas y otros 43 que ya fueron controlados.<\/p>\n\n\n\n<p>Adem\u00e1s, expuso que las \u201ccondiciones (meteorol\u00f3gicas) van a seguir complicadas\u201d, aunque no tendr\u00e1n la misma intensidad que los d\u00edas anteriores.<\/p>\n\n\n\n<h2 class=\"wp-block-heading\">El papa Francisco pidi\u00f3 rezar por las v\u00edctimas de los incendios en Chile<\/h2>\n\n\n\n<p>Los testimonios desgarradores de v\u00edctimas que perdieron sus casas y familiares, as\u00ed como las im\u00e1genes de las llamas cubriendo colinas pobladas en Vi\u00f1a del Mar, en la regi\u00f3n de Valpara\u00edso, llevaron al papa Francisco a referirse a esta cat\u00e1strofe.<\/p>\n\n\n\n<p>Asomado a la ventana del palacio apost\u00f3lico,&nbsp;<strong>el pont\u00edfice pidi\u00f3 rezar \u201cpor los muertos y heridos en los devastadores incendios en Chile\u201d<\/strong>, tras el \u00e1ngelus dominical en la plaza de San Pedro.<\/p>\n\n\n\n<figure class=\"wp-block-image\"><img decoding=\"async\" src=\"https:\/\/tn.com.ar\/resizer\/gRsW4O1BycSJ9OVxZcjPdBtNvaQ=\/767x0\/smart\/filters:format(webp)\/cloudfront-us-east-1.images.arcpublishing.com\/artear\/OBHYMWXX5VEA5F4T7KHIAWW72Q.jfif\" alt=\"Veh\u00edculos carbonizados tras el paso de las llamas en Quilpue, Vi\u00f1a del Mar (Foto: AFP)\"\/><figcaption>Veh\u00edculos carbonizados tras el paso de las llamas en Quilpue, Vi\u00f1a del Mar (Foto: AFP)<\/figcaption><\/figure>\n\n\n\n<p>En Santiago, la ministra del Interior,&nbsp;<strong>Carolina Toh\u00e1<\/strong>, advirti\u00f3 que el n\u00famero de v\u00edctimas ser\u00e1 mayor con el correr de las horas.<\/p>\n\n\n\n<p>\u201dHa sido sin duda el incendio que ha generado m\u00e1s p\u00e9rdidas humanas y probablemente va a ser la situaci\u00f3n de emergencia, despu\u00e9s del terremoto de 2010, que m\u00e1s v\u00edctimas ha generado en Chile en el \u00faltimo tiempo\u201d, dijo. El sismo de magnitud 8,8, que fue seguido de un tsunami, ocurrido el 27 de febrero de 2010, caus\u00f3 m\u00e1s de 500 fallecidos.<\/p>\n\n\n\n<p>Los incendios forestales empezaron a mediados de la semana pasada en el centro y al sur del pa\u00eds, al mismo tiempo que lleg\u00f3 una in\u00e9dita ola de calor extremo.<\/p>\n\n\n\n<p>Varios de estos incendios se reactivaron de manera muy agresiva y r\u00e1pida el viernes en la tarde, amenazando a miles de personas que viven en cerros \u00e1ridos en la regi\u00f3n de Valpara\u00edso. \u201dLos escenarios van a estar propensos para que se puedan seguir generando incendios forestales\u201d, advirti\u00f3 el Comit\u00e9 de Gesti\u00f3n del Riesgo de Desastres (Cogrid) de Valpara\u00edso.<\/p>\n\n\n\n<p>(Con informaci\u00f3n de&nbsp;<em>AFP<\/em>&nbsp;y&nbsp;<em>EFE<\/em>)<\/p>\n","protected":false},"excerpt":{"rendered":"<p>El presidente Gabriel Boric dijo que se trata de la tragedia m\u00e1s grande desde el terremoto de 2010. Hay 372 personas desaparecidas. Los devastadores incendios que golpearon la regi\u00f3n de&hellip; <\/p>\n","protected":false},"author":6,"featured_media":123142,"comment_status":"closed","ping_status":"open","sticky":false,"template":"","format":"standard","meta":{"footnotes":""},"categories":[11],"tags":[],"class_list":["post-123135","post","type-post","status-publish","format-standard","has-post-thumbnail","hentry","category-internacionales"],"_links":{"self":[{"href":"https:\/\/corrientesdetarde.com\/index.php\/wp-json\/wp\/v2\/posts\/123135","targetHints":{"allow":["GET"]}}],"collection":[{"href":"https:\/\/corrientesdetarde.com\/index.php\/wp-json\/wp\/v2\/posts"}],"about":[{"href":"https:\/\/corrientesdetarde.com\/index.php\/wp-json\/wp\/v2\/types\/post"}],"author":[{"embeddable":true,"href":"https:\/\/corrientesdetarde.com\/index.php\/wp-json\/wp\/v2\/users\/6"}],"replies":[{"embeddable":true,"href":"https:\/\/corrientesdetarde.com\/index.php\/wp-json\/wp\/v2\/comments?post=123135"}],"version-history":[{"count":1,"href":"https:\/\/corrientesdetarde.com\/index.php\/wp-json\/wp\/v2\/posts\/123135\/revisions"}],"predecessor-version":[{"id":123143,"href":"https:\/\/corrientesdetarde.com\/index.php\/wp-json\/wp\/v2\/posts\/123135\/revisions\/123143"}],"wp:featuredmedia":[{"embeddable":true,"href":"https:\/\/corrientesdetarde.com\/index.php\/wp-json\/wp\/v2\/media\/123142"}],"wp:attachment":[{"href":"https:\/\/corrientesdetarde.com\/index.php\/wp-json\/wp\/v2\/media?parent=123135"}],"wp:term":[{"taxonomy":"category","embeddable":true,"href":"https:\/\/corrientesdetarde.com\/index.php\/wp-json\/wp\/v2\/categories?post=123135"},{"taxonomy":"post_tag","embeddable":true,"href":"https:\/\/corrientesdetarde.com\/index.php\/wp-json\/wp\/v2\/tags?post=123135"}],"curies":[{"name":"wp","href":"https:\/\/api.w.org\/{rel}","templated":true}]}}