{"id":123136,"date":"2024-02-04T18:49:13","date_gmt":"2024-02-04T21:49:13","guid":{"rendered":"https:\/\/corrientesdetarde.com\/?p=123136"},"modified":"2024-02-04T18:49:25","modified_gmt":"2024-02-04T21:49:25","slug":"equiparon-centros-de-salud-con-elementos-para-prevenir-y-combatir-incendios","status":"publish","type":"post","link":"https:\/\/corrientesdetarde.com\/index.php\/bienestar-y-salud\/equiparon-centros-de-salud-con-elementos-para-prevenir-y-combatir-incendios\/","title":{"rendered":"Equiparon centros de salud con elementos para prevenir y combatir incendios."},"content":{"rendered":"\n<h2 class=\"wp-block-heading\">Para el interior y la capital se adquirieron elementos de seguridad y se realizaron talleres para el personal sobre el uso de extintores y la ejecuci\u00f3n de planes de evacuaci\u00f3n.<\/h2>\n\n\n\n<p>El Ministerio de Salud P\u00fablica, a trav\u00e9s de la Direcci\u00f3n General de Administraci\u00f3n, equip\u00f3 23 hospitales y centros de salud de toda la provincia con elementos para la prevenci\u00f3n, detecci\u00f3n y combate de focos \u00edgneos. En ese marco, se instalaron equipos extintores de gran potencial y art\u00edculos de protecci\u00f3n; y se revalidaron planes de evacuaci\u00f3n, con capacitaciones te\u00f3ricas y pr\u00e1cticas para el personal.<\/p>\n\n\n\n<p>En la capital, el trabajo se realiz\u00f3 a trav\u00e9s del Programa &#8220;Hospitales Seguros&#8221; que puso en marcha la Direcci\u00f3n de Administraci\u00f3n en abril y comprendi\u00f3 a los seis hospitales de la zona.<\/p>\n\n\n\n<p>En los hospitales Pedi\u00e1trico &#8220;Juan Pablo II&#8221;, &#8220;Juan Ram\u00f3n Vidal&#8221;, Materno Neonatal &#8220;Elo\u00edsa Torrent de Vidal&#8221;, Escuela &#8220;Jos\u00e9 de San Mart\u00edn&#8221;, &#8220;\u00c1ngela Iglesia de Llano&#8221; y de Salud Mental &#8220;San Francisco de As\u00eds&#8221;, se instalaron extintores de gran potencial (6A40BC, certificados por IRAM) y detectores de humo de cabezal fotoel\u00e9ctrico. Adem\u00e1s, se agregaron elementos de protecci\u00f3n colectiva y se instalaron alarmas de incendio con pulsadores autom\u00e1ticos de \u00faltima generaci\u00f3n, una de ellas fonolum\u00ednica de emisi\u00f3n sonora de 95 dBc con pulsador manual, para ser accionado en caso de incendio.<\/p>\n\n\n\n<p>El trabajo de reequipamiento se lleva adelante tambi\u00e9n en el interior de la provincia y forma parte de un plan de acci\u00f3n que articula el ministro de Salud P\u00fablica, Ricardo Cardozo, en consonancia con las diversas acciones que puso en marcha el gobernador Gustavo Vald\u00e9s, para disponer de los recursos necesarios para prevenir y afrontar posibles incendios.<\/p>\n\n\n\n<p>Se equiparon los hospitales y centros de salud de Ituzaing\u00f3, Santo Tom\u00e9, Curuz\u00fa Cuati\u00e1, San Luis del Palmar, Cecilio Echeverr\u00eda, La Cruz, San Carlos, Santa Rosa, Sauce, Paso de los Libres, Pago de los Deseos, Ca\u00e1 Cat\u00ed, Paso de la Patria, San Miguel, Mercedes, Mburucuy\u00e1 y Monte Caseros.<\/p>\n\n\n\n<p>En total, se instalaron 132 matafuegos de gran potencial y cerca de 300 detectores de humo de cabezal fotoel\u00e9ctrico. A los que se suman otros elementos de seguridad como carteler\u00eda, alarmas, instrumentos de protecci\u00f3n colectiva.<\/p>\n\n\n\n<p>&#8220;Un eje importante del programa es que el personal de los centros de salud adquiera conocimientos b\u00e1sicos sobre las herramientas de prevenci\u00f3n y protecci\u00f3n ante incendios y que sean capaces de actuar en funci\u00f3n de un plan de emergencia integral y pr\u00e1ctico para una evacuaci\u00f3n segura que garantice el efectivo cumplimiento del derecho a la salud y seguridad de pacientes y trabajadores&#8221;, dijo el director general de Administraci\u00f3n, Francisco Fern\u00e1ndez.<\/p>\n\n\n\n<p><\/p>\n","protected":false},"excerpt":{"rendered":"<p>Para el interior y la capital se adquirieron elementos de seguridad y se realizaron talleres para el personal sobre el uso de extintores y la ejecuci\u00f3n de planes de evacuaci\u00f3n.&hellip; <\/p>\n","protected":false},"author":6,"featured_media":123140,"comment_status":"closed","ping_status":"open","sticky":false,"template":"","format":"standard","meta":{"footnotes":""},"categories":[16],"tags":[],"class_list":["post-123136","post","type-post","status-publish","format-standard","has-post-thumbnail","hentry","category-bienestar-y-salud"],"_links":{"self":[{"href":"https:\/\/corrientesdetarde.com\/index.php\/wp-json\/wp\/v2\/posts\/123136","targetHints":{"allow":["GET"]}}],"collection":[{"href":"https:\/\/corrientesdetarde.com\/index.php\/wp-json\/wp\/v2\/posts"}],"about":[{"href":"https:\/\/corrientesdetarde.com\/index.php\/wp-json\/wp\/v2\/types\/post"}],"author":[{"embeddable":true,"href":"https:\/\/corrientesdetarde.com\/index.php\/wp-json\/wp\/v2\/users\/6"}],"replies":[{"embeddable":true,"href":"https:\/\/corrientesdetarde.com\/index.php\/wp-json\/wp\/v2\/comments?post=123136"}],"version-history":[{"count":1,"href":"https:\/\/corrientesdetarde.com\/index.php\/wp-json\/wp\/v2\/posts\/123136\/revisions"}],"predecessor-version":[{"id":123141,"href":"https:\/\/corrientesdetarde.com\/index.php\/wp-json\/wp\/v2\/posts\/123136\/revisions\/123141"}],"wp:featuredmedia":[{"embeddable":true,"href":"https:\/\/corrientesdetarde.com\/index.php\/wp-json\/wp\/v2\/media\/123140"}],"wp:attachment":[{"href":"https:\/\/corrientesdetarde.com\/index.php\/wp-json\/wp\/v2\/media?parent=123136"}],"wp:term":[{"taxonomy":"category","embeddable":true,"href":"https:\/\/corrientesdetarde.com\/index.php\/wp-json\/wp\/v2\/categories?post=123136"},{"taxonomy":"post_tag","embeddable":true,"href":"https:\/\/corrientesdetarde.com\/index.php\/wp-json\/wp\/v2\/tags?post=123136"}],"curies":[{"name":"wp","href":"https:\/\/api.w.org\/{rel}","templated":true}]}}