{"id":123137,"date":"2024-02-04T18:44:26","date_gmt":"2024-02-04T21:44:26","guid":{"rendered":"https:\/\/corrientesdetarde.com\/?p=123137"},"modified":"2024-02-04T18:44:38","modified_gmt":"2024-02-04T21:44:38","slug":"comienza-el-juicio-por-abuso-sexual-de-dani-alves-en-barcelona","status":"publish","type":"post","link":"https:\/\/corrientesdetarde.com\/index.php\/deportes\/comienza-el-juicio-por-abuso-sexual-de-dani-alves-en-barcelona\/","title":{"rendered":"Comienza el juicio por abuso sexual de Dani Alves en Barcelona."},"content":{"rendered":"\n<h2 class=\"wp-block-heading\">Este lunes comienzan las audiencias del juicio contra el ex futbolista del PSG y Barcelona y durante 3 d\u00edas comparecer\u00e1n 28 testigos. Para proteger a la v\u00edctima, que deber\u00e1 dar su testimonio, se tomar\u00e1n diversos recaudos.<\/h2>\n\n\n\n<p>Despu\u00e9s de m\u00e1s de 12 meses en prisi\u00f3n provisional, el futbolista brasile\u00f1o Dani Alves ser\u00e1 juzgado a partir del lunes en Barcelona acusado de haber violado a una mujer en una discoteca, por lo que la Fiscal\u00eda le pide nueve a\u00f1os de c\u00e1rcel.<\/p>\n\n\n\n<p>El juicio, que debe prolongarse hasta el mi\u00e9rcoles, arrancar\u00e1 en la Audiencia Provincial de Barcelona, donde Alves, de 40 a\u00f1os, llegar\u00e1 desde la prisi\u00f3n en la que est\u00e1 recluido desde finales de enero de 2023.<\/p>\n\n\n\n<p>El exfutbolista del Bar\u00e7a y PSG, que defiende que las relaciones fueron consentidas, es acusado por una joven de haberla violado en una zona exclusiva de la discoteca Sutton de Barcelona en la madrugada del 30 al 31 de diciembre de 2022.&nbsp;<\/p>\n\n\n\n<p>Seg\u00fan la Fiscal\u00eda, los hechos corresponden a un presunto delito de \u201cagresi\u00f3n sexual con penetraci\u00f3n\u201d, por el que se solicitan nueve a\u00f1os de prisi\u00f3n para Alves, adem\u00e1s de una indemnizaci\u00f3n de 150 mil euros para la mujer y otra d\u00e9cada de libertad vigilada tras cumplir la condena.&nbsp;<\/p>\n\n\n\n<p>El juicio, que ha despertado una gran atenci\u00f3n medi\u00e1tica, podr\u00e1 ser seguido finalmente por los periodistas, despu\u00e9s de que los magistrados rechazaran la petici\u00f3n de la Fiscal\u00eda para celebrarlo a puerta cerrada. Con el fin de proteger su identidad, la declaraci\u00f3n de la mujer s\u00ed ser\u00e1 totalmente reservada y se le garantizar\u00e1 igualmente \u201cque no haya confrontaci\u00f3n visual con el acusado\u201d.&nbsp;<\/p>\n\n\n\n<p>\u201cAngustia y terror\u201d. De acuerdo con el escrito de acusaci\u00f3n de la Fiscal\u00eda, los hechos ocurrieron en una zona de la discoteca en la que Alves \u2013que era conocedor del local y estaba all\u00ed con un amigo\u2013 habr\u00eda coincidido con la mujer, que iba acompa\u00f1ada de una prima y una amiga.<\/p>\n\n\n\n<p>Tras invitarlas con champ\u00e1n, el exlateral de la selecci\u00f3n brasile\u00f1a habr\u00eda convidado a la joven a entrar en otra \u00e1rea exclusiva donde estaba el peque\u00f1o lavabo, que ella desconoc\u00eda.<\/p>\n\n\n\n<p>All\u00ed, seg\u00fan la Fiscal\u00eda, Alves habr\u00eda mostrado una \u201cactitud violenta\u201d hacia la mujer, a la que agredi\u00f3 y forz\u00f3 a mantener relaciones sexuales, pese a su resistencia.<\/p>\n\n\n\n<p>\u201cLa v\u00edctima reiteradamente solicit\u00f3 que la dejara marchar, que quer\u00eda salir de all\u00ed, no permiti\u00e9ndoselo el procesado\u201d, indica el escrito, que afirma que vivi\u00f3 una \u201csituaci\u00f3n de angustia y terror\u201d.<\/p>\n\n\n\n<p>La joven, que tras recibir atenci\u00f3n m\u00e9dica aquella noche denunci\u00f3 los hechos el 2 de enero, padece en la actualidad \u201cun trastorno de estr\u00e9s postraum\u00e1tico de intensidad elevada\u201d por el que se encuentra en tratamiento, se\u00f1ala el Ministerio P\u00fablico.<\/p>\n\n\n\n<p>Alves, que inicialmente neg\u00f3 conocer a la chica, cambi\u00f3 varias veces de versi\u00f3n, pero acab\u00f3 admitiendo que hab\u00edan mantenido relaciones, aunque consensuadas, seg\u00fan fuentes cercanas al caso. La versi\u00f3n de la mujer se mantuvo estable y la Audiencia de Barcelona rechaz\u00f3 diversos recursos de los abogados del deportista pidiendo su libertad provisional, alegando, entre otros, que exist\u00eda riesgo de fuga.<\/p>\n\n\n\n<p>Integrante del exitoso Bar\u00e7a, y uno de los futbolistas m\u00e1s laureados de la historia, cuando sucedieron los hechos Alves se encontraba de vacaciones en Barcelona antes de volver a los Pumas.<\/p>\n\n\n\n<p>Horas despu\u00e9s de su ingreso en prisi\u00f3n, la entidad mexicana anunci\u00f3 su desvinculaci\u00f3n.<\/p>\n\n\n\n<p><em>Fuente: Perfil.<\/em><\/p>\n","protected":false},"excerpt":{"rendered":"<p>Este lunes comienzan las audiencias del juicio contra el ex futbolista del PSG y Barcelona y durante 3 d\u00edas comparecer\u00e1n 28 testigos. Para proteger a la v\u00edctima, que deber\u00e1 dar&hellip; <\/p>\n","protected":false},"author":6,"featured_media":123138,"comment_status":"closed","ping_status":"open","sticky":false,"template":"","format":"standard","meta":{"footnotes":""},"categories":[4],"tags":[],"class_list":["post-123137","post","type-post","status-publish","format-standard","has-post-thumbnail","hentry","category-deportes"],"_links":{"self":[{"href":"https:\/\/corrientesdetarde.com\/index.php\/wp-json\/wp\/v2\/posts\/123137","targetHints":{"allow":["GET"]}}],"collection":[{"href":"https:\/\/corrientesdetarde.com\/index.php\/wp-json\/wp\/v2\/posts"}],"about":[{"href":"https:\/\/corrientesdetarde.com\/index.php\/wp-json\/wp\/v2\/types\/post"}],"author":[{"embeddable":true,"href":"https:\/\/corrientesdetarde.com\/index.php\/wp-json\/wp\/v2\/users\/6"}],"replies":[{"embeddable":true,"href":"https:\/\/corrientesdetarde.com\/index.php\/wp-json\/wp\/v2\/comments?post=123137"}],"version-history":[{"count":1,"href":"https:\/\/corrientesdetarde.com\/index.php\/wp-json\/wp\/v2\/posts\/123137\/revisions"}],"predecessor-version":[{"id":123139,"href":"https:\/\/corrientesdetarde.com\/index.php\/wp-json\/wp\/v2\/posts\/123137\/revisions\/123139"}],"wp:featuredmedia":[{"embeddable":true,"href":"https:\/\/corrientesdetarde.com\/index.php\/wp-json\/wp\/v2\/media\/123138"}],"wp:attachment":[{"href":"https:\/\/corrientesdetarde.com\/index.php\/wp-json\/wp\/v2\/media?parent=123137"}],"wp:term":[{"taxonomy":"category","embeddable":true,"href":"https:\/\/corrientesdetarde.com\/index.php\/wp-json\/wp\/v2\/categories?post=123137"},{"taxonomy":"post_tag","embeddable":true,"href":"https:\/\/corrientesdetarde.com\/index.php\/wp-json\/wp\/v2\/tags?post=123137"}],"curies":[{"name":"wp","href":"https:\/\/api.w.org\/{rel}","templated":true}]}}