{"id":123148,"date":"2024-02-04T19:46:45","date_gmt":"2024-02-04T22:46:45","guid":{"rendered":"https:\/\/corrientesdetarde.com\/?p=123148"},"modified":"2024-02-04T19:46:56","modified_gmt":"2024-02-04T22:46:56","slug":"continua-la-investigacion-por-el-crimen-del-hincha-de-chacarita","status":"publish","type":"post","link":"https:\/\/corrientesdetarde.com\/index.php\/crimen-y-justicia\/continua-la-investigacion-por-el-crimen-del-hincha-de-chacarita\/","title":{"rendered":"Contin\u00faa la investigaci\u00f3n por el crimen del hincha de Chacarita."},"content":{"rendered":"\n<h2 class=\"wp-block-heading\">Jorge Dur\u00e1n muri\u00f3 este s\u00e1bado de una apu\u00f1alada durante un enfrentamiento entre facciones de la hinchada del Funebrero durante el partido ante Deportivo Maip\u00fa por la Primera Nacional.<\/h2>\n\n\n\n<p>Avanza la investigaci\u00f3n por el asesinato de Jorge Daniel Dur\u00e1n, un hincha de Chacarita Juniors que recibi\u00f3 una pu\u00f1alada en medio de una violenta pelea interna de la barra brava.<\/p>\n\n\n\n<p>La v\u00edctima, de 43 a\u00f1os recibi\u00f3 una herida de arma blanca en el pecho durante el primer tiempo del partido ante Maip\u00fa, y qued\u00f3 tirado al pie de las escaleras de la tribuna local del estadio del &#8220;Funebrero&#8221;. Fue trasladado de urgencia en ambulancia hasta el Hospital Provincial General Manuel Belgrano, pero los m\u00e9dicos no pudieron estabilizarlo debido a la gran perdida de sangre que hab\u00eda sufrido.<\/p>\n\n\n\n<p>Seg\u00fan informaron los pesquisas, en la cabecera que habitualmente ocupa &#8220;La Famosa Banda de San Mart\u00edn&#8221;, barra brava de Chacarita, se desat\u00f3 una pelea por motivos todav\u00eda desconocidos.<\/p>\n\n\n\n<p>La fiscal Gabriela Disnan, a cargo de la Unidad Funcional de Instrucci\u00f3n (UFI) del Departamento Judicial de San Martin, que interviene en la causa que fue caratulada como &#8220;homicidio&#8221;, se traslad\u00f3 hasta el estadio ordenar las pericias y recoger las pruebas que faciliten la investigaci\u00f3n.<\/p>\n\n\n\n<figure class=\"wp-block-image\"><a href=\"https:\/\/www.radiosudamericana.com\/notix\/multimedia\/imagenes\/fotos\/2024-02-04\/165246.jpg\"><img decoding=\"async\" src=\"https:\/\/www.radiosudamericana.com\/notix\/multimedia\/imagenes\/fotos\/2024-02-04\/165246.jpg_nota.jpg\" alt=\"\"\/><\/a><\/figure>\n\n\n\n<p>Por su parte, la instituci\u00f3n de San Mart\u00edn public\u00f3 un comunicado en sus redes sociales d\u00f3nde repudiaron &#8220;los hechos de p\u00fablico conocimiento&#8221;, y a &#8220;los fines de esclarecer lo acontecido, se puso a disposici\u00f3n de las autoridades policiales y de APREVIDE (Agencia de Prevenci\u00f3n contra la Violencia en el Deporte), las c\u00e1maras de seguridad del estadio&#8221;.<\/p>\n\n\n\n<p>&#8220;Trabajaremos junto a las autoridades y en el caso que haya socios que hayan participado de los hechos, se proceder\u00e1 a expulsarlos de por vida de la instituci\u00f3n, ya que nada tienen que ver con los valores que pregonamos&#8221;, se comprometi\u00f3 el club en su mensaje oficial.<\/p>\n\n\n\n<p><br><strong>Qui\u00e9n era el hincha de Chacarita asesinado<\/strong><\/p>\n\n\n\n<p>La v\u00edctima fue identificada como Jorge Daniel Dur\u00e1n, de 43 a\u00f1os, de acuerdo a fuentes de la Superintendencia de Cuerpos de la Direcci\u00f3n de Infanter\u00eda del destacamento de Ciudadela; vecino del barrio Libertador del partido de San Mart\u00edn y fan\u00e1tico funebrero, seg\u00fan consta en las redes sociales.<\/p>\n","protected":false},"excerpt":{"rendered":"<p>Jorge Dur\u00e1n muri\u00f3 este s\u00e1bado de una apu\u00f1alada durante un enfrentamiento entre facciones de la hinchada del Funebrero durante el partido ante Deportivo Maip\u00fa por la Primera Nacional. Avanza la&hellip; <\/p>\n","protected":false},"author":6,"featured_media":123149,"comment_status":"closed","ping_status":"open","sticky":false,"template":"","format":"standard","meta":{"footnotes":""},"categories":[5],"tags":[],"class_list":["post-123148","post","type-post","status-publish","format-standard","has-post-thumbnail","hentry","category-crimen-y-justicia"],"_links":{"self":[{"href":"https:\/\/corrientesdetarde.com\/index.php\/wp-json\/wp\/v2\/posts\/123148","targetHints":{"allow":["GET"]}}],"collection":[{"href":"https:\/\/corrientesdetarde.com\/index.php\/wp-json\/wp\/v2\/posts"}],"about":[{"href":"https:\/\/corrientesdetarde.com\/index.php\/wp-json\/wp\/v2\/types\/post"}],"author":[{"embeddable":true,"href":"https:\/\/corrientesdetarde.com\/index.php\/wp-json\/wp\/v2\/users\/6"}],"replies":[{"embeddable":true,"href":"https:\/\/corrientesdetarde.com\/index.php\/wp-json\/wp\/v2\/comments?post=123148"}],"version-history":[{"count":1,"href":"https:\/\/corrientesdetarde.com\/index.php\/wp-json\/wp\/v2\/posts\/123148\/revisions"}],"predecessor-version":[{"id":123150,"href":"https:\/\/corrientesdetarde.com\/index.php\/wp-json\/wp\/v2\/posts\/123148\/revisions\/123150"}],"wp:featuredmedia":[{"embeddable":true,"href":"https:\/\/corrientesdetarde.com\/index.php\/wp-json\/wp\/v2\/media\/123149"}],"wp:attachment":[{"href":"https:\/\/corrientesdetarde.com\/index.php\/wp-json\/wp\/v2\/media?parent=123148"}],"wp:term":[{"taxonomy":"category","embeddable":true,"href":"https:\/\/corrientesdetarde.com\/index.php\/wp-json\/wp\/v2\/categories?post=123148"},{"taxonomy":"post_tag","embeddable":true,"href":"https:\/\/corrientesdetarde.com\/index.php\/wp-json\/wp\/v2\/tags?post=123148"}],"curies":[{"name":"wp","href":"https:\/\/api.w.org\/{rel}","templated":true}]}}