{"id":123195,"date":"2024-02-04T22:15:36","date_gmt":"2024-02-05T01:15:36","guid":{"rendered":"https:\/\/corrientesdetarde.com\/?p=123195"},"modified":"2024-02-04T22:15:48","modified_gmt":"2024-02-05T01:15:48","slug":"el-gobernador-se-reunira-con-laboratorios-que-fabrican-la-vacuna-contra-el-dengue","status":"publish","type":"post","link":"https:\/\/corrientesdetarde.com\/index.php\/locales\/el-gobernador-se-reunira-con-laboratorios-que-fabrican-la-vacuna-contra-el-dengue\/","title":{"rendered":"El gobernador se reunir\u00e1 con laboratorios que fabrican la vacuna contra el Dengue."},"content":{"rendered":"\n<h2 class=\"wp-block-heading\">En una entrevista con un medio local, el gobernador Gustavo Vald\u00e9s\u00a0 se refiri\u00f3 al brote de Dengue que golpea a la provincia. Adelant\u00f3 que este lunes mantendr\u00e1n reuniones con representantes de laboratorios que fabrican la vacuna. Pero aclar\u00f3 que &#8220;no hay dosis suficientes, se hacen entregas programadas a largu\u00edsimo plazo&#8221;. Adelant\u00f3 que preparan un plan para comenzar el a\u00f1o que viene con la vacuna.<\/h2>\n\n\n\n<p>&#8220;Estamos trabajando con el tema, este lunes recibimos a los representantes&#8221;, adelant\u00f3 Vald\u00e9s sobre c\u00f3mo est\u00e1n trabajando para hacerle frnete al brote de dengue. Pero remarc\u00f3: &#8220;No hay vacuna suficiente, no hay programada, por m\u00e1s de que quisieran, no hay cantidad y no hay volumen. Todas las entregas son programadas a largu\u00edsimo plazo. Nosotros estamos preparando el plan y vamos a ver c\u00f3mo afrontamos con vacuna el a\u00f1o que viene. Justamente algo podemos obtener ahora porque son tres meses o sea que cuando nos llegue el fr\u00edo que nosotros podemos llegar a tener algo&#8221;.&nbsp;<\/p>\n\n\n\n<p>&#8220;Tenemos un plan, un programa que va a decir largamos vacunaci\u00f3n masiva. Pero estamos preparando nuestro sistema. Estamos viendo la compra de vacunas programadas. Hoy vacunar a todos los correntinos de golpe no existe la vacuna. Vale 55 millones de d\u00f3lares. Aparte ten\u00e9s que tener una programaci\u00f3n. Es dif\u00edcil. Seguramente el lunes o martes estaremos con el laboratorio ya viendo las compras. Pero no somos irresponsables en esto&#8221;, resalt\u00f3.&nbsp;<\/p>\n\n\n\n<p>&#8220;Nosotros vamos a mirar cu\u00e1l va a ser el esquema de entrega que podemos llegar a pactar, cu\u00e1l es la poblaci\u00f3n que tiene inter\u00e9s, no es una vacuna obligatoria. Vamos a mirar cu\u00e1l es la poblaci\u00f3n de menos recursos puede acercarle esta vacuna en un programa que nos pueda llegar a cubrir a todos. Pero tenemos que mirar la disponibilidad. Lo peor que podemos hacer es decirle a la gente estamos repartiendo vacunas y no tenemos un programa de algo que no existe en el tiempo&#8221;, aclar\u00f3.<\/p>\n","protected":false},"excerpt":{"rendered":"<p>En una entrevista con un medio local, el gobernador Gustavo Vald\u00e9s\u00a0 se refiri\u00f3 al brote de Dengue que golpea a la provincia. Adelant\u00f3 que este lunes mantendr\u00e1n reuniones con representantes&hellip; <\/p>\n","protected":false},"author":6,"featured_media":123196,"comment_status":"closed","ping_status":"open","sticky":false,"template":"","format":"standard","meta":{"footnotes":""},"categories":[16,8],"tags":[],"class_list":["post-123195","post","type-post","status-publish","format-standard","has-post-thumbnail","hentry","category-bienestar-y-salud","category-locales"],"_links":{"self":[{"href":"https:\/\/corrientesdetarde.com\/index.php\/wp-json\/wp\/v2\/posts\/123195","targetHints":{"allow":["GET"]}}],"collection":[{"href":"https:\/\/corrientesdetarde.com\/index.php\/wp-json\/wp\/v2\/posts"}],"about":[{"href":"https:\/\/corrientesdetarde.com\/index.php\/wp-json\/wp\/v2\/types\/post"}],"author":[{"embeddable":true,"href":"https:\/\/corrientesdetarde.com\/index.php\/wp-json\/wp\/v2\/users\/6"}],"replies":[{"embeddable":true,"href":"https:\/\/corrientesdetarde.com\/index.php\/wp-json\/wp\/v2\/comments?post=123195"}],"version-history":[{"count":1,"href":"https:\/\/corrientesdetarde.com\/index.php\/wp-json\/wp\/v2\/posts\/123195\/revisions"}],"predecessor-version":[{"id":123197,"href":"https:\/\/corrientesdetarde.com\/index.php\/wp-json\/wp\/v2\/posts\/123195\/revisions\/123197"}],"wp:featuredmedia":[{"embeddable":true,"href":"https:\/\/corrientesdetarde.com\/index.php\/wp-json\/wp\/v2\/media\/123196"}],"wp:attachment":[{"href":"https:\/\/corrientesdetarde.com\/index.php\/wp-json\/wp\/v2\/media?parent=123195"}],"wp:term":[{"taxonomy":"category","embeddable":true,"href":"https:\/\/corrientesdetarde.com\/index.php\/wp-json\/wp\/v2\/categories?post=123195"},{"taxonomy":"post_tag","embeddable":true,"href":"https:\/\/corrientesdetarde.com\/index.php\/wp-json\/wp\/v2\/tags?post=123195"}],"curies":[{"name":"wp","href":"https:\/\/api.w.org\/{rel}","templated":true}]}}