{"id":123198,"date":"2024-02-04T22:22:06","date_gmt":"2024-02-05T01:22:06","guid":{"rendered":"https:\/\/corrientesdetarde.com\/?p=123198"},"modified":"2024-02-04T22:22:18","modified_gmt":"2024-02-05T01:22:18","slug":"rige-alerta-amarilla-para-varias-localidades-de-corrientes","status":"publish","type":"post","link":"https:\/\/corrientesdetarde.com\/index.php\/informacion-general\/rige-alerta-amarilla-para-varias-localidades-de-corrientes\/","title":{"rendered":"Rige alerta amarilla para varias localidades de Corrientes."},"content":{"rendered":"\n<h2 class=\"wp-block-heading\">El Servicio Meteorol\u00f3gico Nacional inform\u00f3 que al menos diez localidades de la provincia de Corrientes ingresar\u00e1n en alerta amarilla a partir de la noche del domingo y madrugada del lunes.<\/h2>\n\n\n\n<p>El pron\u00f3stico de fuertes tormentas alcanza a las localidades de: Concepci\u00f3n &#8211; Curuz\u00fa Cuati\u00e1 &#8211; Mercedes &#8211; San Roque &#8211; Sauce &#8211; Monte Caseros &#8211; General Alvear &#8211; Paso de los Libres &#8211; San Mart\u00edn &#8211; Santo Tom\u00e9.<\/p>\n\n\n\n<h2 class=\"wp-block-heading\"><strong>Alerta Amarilla por tormentas<\/strong><\/h2>\n\n\n\n<p>El \u00e1rea ser\u00e1 afectada por lluvias y tormentas, algunas fuertes. Las mismas estar\u00e1n acompa\u00f1adas por r\u00e1fagas intensas, fuerte actividad el\u00e9ctrica, ocasional ca\u00edda de granizo y abundante ca\u00edda de agua en cortos per\u00edodos.<\/p>\n\n\n\n<figure class=\"wp-block-image\"><a href=\"https:\/\/www.radiosudamericana.com\/notix\/multimedia\/imagenes\/fotos\/2024-02-04\/793362.jpg\"><img decoding=\"async\" src=\"https:\/\/www.radiosudamericana.com\/notix\/multimedia\/imagenes\/fotos\/2024-02-04\/793362.jpg_nota.jpg\" alt=\"\"\/><\/a><\/figure>\n\n\n\n<figure class=\"wp-block-image\"><a href=\"https:\/\/www.radiosudamericana.com\/notix\/multimedia\/imagenes\/fotos\/2024-02-04\/451496.jpg\"><img decoding=\"async\" src=\"https:\/\/www.radiosudamericana.com\/notix\/multimedia\/imagenes\/fotos\/2024-02-04\/451496.jpg_nota.jpg\" alt=\"\"\/><\/a><\/figure>\n\n\n\n<p>Se estiman valores de precipitaci\u00f3n acumulada entre 15&nbsp;y 40 mm, pudiendo ser superados en forma puntual. Adem\u00e1s, se destacan dos puntos como Curuz\u00fa Cuati\u00e1 y Monte Caseros donde las precipitaciones ser\u00e1n m\u00e1s intensas.<\/p>\n\n\n\n<figure class=\"wp-block-image\"><a href=\"https:\/\/www.radiosudamericana.com\/notix\/multimedia\/imagenes\/fotos\/2024-02-04\/522232.jpg\"><img decoding=\"async\" src=\"https:\/\/www.radiosudamericana.com\/notix\/multimedia\/imagenes\/fotos\/2024-02-04\/522232.jpg_nota.jpg\" alt=\"\"\/><\/a><\/figure>\n\n\n\n<h2 class=\"wp-block-heading\"><strong>\u00bfQu\u00e9 pasar\u00e1 en la Ciudad de Corrientes?<\/strong><\/h2>\n\n\n\n<p>De acuerdo a lo detallado en la p\u00e1gina del Servicio Meteorol\u00f3gico Nacional, hay pron\u00f3stico de lluvias por la noche de este domingo, con una probabilidad de 10 y 40% para que contin\u00fae durante la madrugada del lunes.<\/p>\n\n\n\n<figure class=\"wp-block-image\"><a href=\"https:\/\/www.radiosudamericana.com\/notix\/multimedia\/imagenes\/fotos\/2024-02-04\/791219.png\"><img decoding=\"async\" src=\"https:\/\/www.radiosudamericana.com\/notix\/multimedia\/imagenes\/fotos\/2024-02-04\/791219.png_nota.png\" alt=\"\"\/><\/a><\/figure>\n\n\n\n<figure class=\"wp-block-image\"><a href=\"https:\/\/www.radiosudamericana.com\/notix\/multimedia\/imagenes\/fotos\/2024-02-04\/811292.png\"><img decoding=\"async\" src=\"https:\/\/www.radiosudamericana.com\/notix\/multimedia\/imagenes\/fotos\/2024-02-04\/811292.png_nota.png\" alt=\"\"\/><\/a><\/figure>\n","protected":false},"excerpt":{"rendered":"<p>El Servicio Meteorol\u00f3gico Nacional inform\u00f3 que al menos diez localidades de la provincia de Corrientes ingresar\u00e1n en alerta amarilla a partir de la noche del domingo y madrugada del lunes.&hellip; <\/p>\n","protected":false},"author":6,"featured_media":123200,"comment_status":"closed","ping_status":"open","sticky":false,"template":"","format":"standard","meta":{"footnotes":""},"categories":[1],"tags":[],"class_list":["post-123198","post","type-post","status-publish","format-standard","has-post-thumbnail","hentry","category-informacion-general"],"_links":{"self":[{"href":"https:\/\/corrientesdetarde.com\/index.php\/wp-json\/wp\/v2\/posts\/123198","targetHints":{"allow":["GET"]}}],"collection":[{"href":"https:\/\/corrientesdetarde.com\/index.php\/wp-json\/wp\/v2\/posts"}],"about":[{"href":"https:\/\/corrientesdetarde.com\/index.php\/wp-json\/wp\/v2\/types\/post"}],"author":[{"embeddable":true,"href":"https:\/\/corrientesdetarde.com\/index.php\/wp-json\/wp\/v2\/users\/6"}],"replies":[{"embeddable":true,"href":"https:\/\/corrientesdetarde.com\/index.php\/wp-json\/wp\/v2\/comments?post=123198"}],"version-history":[{"count":1,"href":"https:\/\/corrientesdetarde.com\/index.php\/wp-json\/wp\/v2\/posts\/123198\/revisions"}],"predecessor-version":[{"id":123201,"href":"https:\/\/corrientesdetarde.com\/index.php\/wp-json\/wp\/v2\/posts\/123198\/revisions\/123201"}],"wp:featuredmedia":[{"embeddable":true,"href":"https:\/\/corrientesdetarde.com\/index.php\/wp-json\/wp\/v2\/media\/123200"}],"wp:attachment":[{"href":"https:\/\/corrientesdetarde.com\/index.php\/wp-json\/wp\/v2\/media?parent=123198"}],"wp:term":[{"taxonomy":"category","embeddable":true,"href":"https:\/\/corrientesdetarde.com\/index.php\/wp-json\/wp\/v2\/categories?post=123198"},{"taxonomy":"post_tag","embeddable":true,"href":"https:\/\/corrientesdetarde.com\/index.php\/wp-json\/wp\/v2\/tags?post=123198"}],"curies":[{"name":"wp","href":"https:\/\/api.w.org\/{rel}","templated":true}]}}