{"id":123199,"date":"2024-02-04T22:34:50","date_gmt":"2024-02-05T01:34:50","guid":{"rendered":"https:\/\/corrientesdetarde.com\/?p=123199"},"modified":"2024-02-04T22:35:02","modified_gmt":"2024-02-05T01:35:02","slug":"el-salvador-elige-presidente-cerraron-comicios-y-bukele-se-encamina-a-la-reeleccion","status":"publish","type":"post","link":"https:\/\/corrientesdetarde.com\/index.php\/internacionales\/el-salvador-elige-presidente-cerraron-comicios-y-bukele-se-encamina-a-la-reeleccion\/","title":{"rendered":"El Salvador elige presidente: cerraron comicios y Bukele se encamina a la reelecci\u00f3n."},"content":{"rendered":"\n<h2 class=\"wp-block-heading\"><strong>El actual mandatario tiene casi asegurado un segundo ciclo de cinco a\u00f1os, con una popularidad del 90% y sin rivales de peso<\/strong>.<\/h2>\n\n\n\n<p><strong>El Salvador<\/strong>\u00a0vot\u00f3 este domingo en unas elecciones en las que el presidente\u00a0<strong>Nayib Bukele lograr\u00eda una aplastante victoria<\/strong>\u00a0permiti\u00e9ndole extender su mandato hasta 2029, gracias al rotundo \u00e9xito de su\u00a0<strong>&#8220;guerra&#8221; contra las pandillas<\/strong>\u00a0que ha convertido al pa\u00eds centroamericano en uno de los m\u00e1s seguros de Am\u00e9rica.<\/p>\n\n\n\n<p>A pesar de tener el apoyo de ocho de cada 10 salvadore\u00f1os en edad de votar, el plan de seguridad de\u00a0<strong>Bukele<\/strong>\u00a0ha levantado se\u00f1alamientos de supuestas violaciones a los derechos humanos y su participaci\u00f3n en los\u00a0<strong>comicios<\/strong>\u00a0ha sido cuestionada por la oposici\u00f3n y parte de la comunidad internacional porque la Constituci\u00f3n proh\u00edbe la reelecci\u00f3n inmediata.<\/p>\n\n\n\n<p>De convertirse en el primer mandatario salvadore\u00f1o en ser reelecto en casi 100 a\u00f1os,&nbsp;<strong>Bukele ha prometido que el r\u00e9gimen de excepci\u00f3n seguir\u00e1 hasta que capturen al \u00faltimo pandillero<\/strong>&nbsp;y su vicepresidente dijo a Reuters esta semana que mantendr\u00e1 al bitc\u00f3in como moneda de curso legal a pesar de la poca aceptaci\u00f3n y que el bukelismo es un proyecto de d\u00e9cadas.<\/p>\n\n\n\n<figure class=\"wp-block-image\"><img decoding=\"async\" src=\"https:\/\/media.ambito.com\/p\/0a6ffec8dfb2accf577292079d586104\/adjuntos\/239\/imagenes\/040\/798\/0040798440\/bukele.jpg\" alt=\"Nayi Bukele va por la reelecci\u00f3n\" title=\"Nayi Bukele va por la reelecci\u00f3n\"\/><\/figure>\n\n\n\n<p>Nayi Bukele va por la reelecci\u00f3n.<\/p>\n\n\n\n<p><strong>&#8220;A\u00fan falta much\u00edsimo por hacer pero, paso a paso, resolveremos d\u00e9cadas enteras de saqueo y abandono&#8221;<\/strong>, escribi\u00f3 el&nbsp;<strong>presidente<\/strong>&nbsp;de 42 a\u00f1os en su cuenta de X, una plataforma que ha usado para promocionar sus logros y atacar a sus detractores.<\/p>\n\n\n\n<p>&#8220;Si nosotros&nbsp;<strong>hemos ya superado nuestro c\u00e1ncer con met\u00e1stasis, que eran las pandillas, ahora s\u00f3lo queda recuperarnos&nbsp;<\/strong>(&#8230;) lo que viene para El Salvador es un periodo de prosperidad&#8221;, agreg\u00f3 en una rueda de prensa tras ejercer su voto en San Salvador, ataviado en una camiseta cian -como el color de su partido-, jeans y una gorra blanca.<\/p>\n\n\n\n<h2 class=\"wp-block-heading\">Bukele impuso un estado de excepci\u00f3n que militariz\u00f3 el pa\u00eds<\/h2>\n\n\n\n<p>Tras un sangriento fin de semana con&nbsp;<strong>87 muertos<\/strong>,<strong>&nbsp;Bukele impuso en marzo de 2022 un estado de excepci\u00f3n que militariz\u00f3 el pa\u00eds y suspendi\u00f3 garant\u00edas constitucionales.<\/strong><\/p>\n\n\n\n<p>Desde entonces, la pol\u00edtica deriv\u00f3 en&nbsp;<strong>76.000 detenidos<\/strong>&nbsp;y redujo a m\u00ednimos hist\u00f3ricos los asesinatos, oficialmente&nbsp;<strong>2,4 por cada 100.000 habitantes en 2023<\/strong>, en el que antes fue el pa\u00eds con mayor violencia criminal del mundo.<\/p>\n\n\n\n<p>Pero organizaciones como Amnist\u00eda Internacional y Human Rights Watch denuncian arrestos arbitrarios, torturas y muertes en prisi\u00f3n.<\/p>\n\n\n\n<p>Unos&nbsp;<strong>7.000 inocentes fueron liberados<\/strong>, pero muchos siguen en la c\u00e1rcel sin debido proceso ni poder comunicarse con sus familiares.<\/p>\n\n\n\n<figure class=\"wp-block-image\"><img decoding=\"async\" src=\"https:\/\/media.ambito.com\/p\/5ea834c360a9b000b9699b7964be4b04\/adjuntos\/239\/imagenes\/041\/144\/0041144257\/730x0\/smart\/carceles-bukelewebp.png\" alt=\"Las pandillas perdieron la guerra con Nayib Bukele\" title=\"Las pandillas perdieron la guerra con Nayib Bukele\"\/><\/figure>\n\n\n\n<p>Las pandillas perdieron la guerra con Nayib Bukele<\/p>\n\n\n\n<p>Con cada vez m\u00e1s poder, Bukele -de ascendencia palestina y quien se burla de sus cr\u00edticos que le llaman &#8220;dictador&#8221;-, controla, adem\u00e1s del&nbsp;<strong>Parlamento, la Justicia, la Fiscal\u00eda y el resto del aparato estatal.<\/strong><\/p>\n\n\n\n<p>Magistrados renovados por ese&nbsp;<strong>Congreso&nbsp;<\/strong>interpretaron la<strong>&nbsp;Constituci\u00f3n<\/strong>&nbsp;a su favor y, pese a estar prohibida la reelecci\u00f3n, le permitieron postular para un segundo mandado, por lo que analistas y opositores aseguran que su candidatura es inconstitucional. La oposici\u00f3n est\u00e1 en pedazos.<\/p>\n\n\n\n<h2 class=\"wp-block-heading\">Una oposici\u00f3n d\u00e9bil intenta enfrentar a Bukele<\/h2>\n\n\n\n<p>Los cinco candidatos opositores apenas aparecen en las encuestas, incluidos los del&nbsp;<strong>izquierdista Frente Farabundo Mart\u00ed (FMLN), Manuel Flores, y de la derechista Alianza Republicana Nacionalista (Arena), Joel S\u00e1nchez.<\/strong><\/p>\n\n\n\n<p>&#8220;Con otros cinco a\u00f1os, tendr\u00e1 suficiente tiempo para consolidar una din\u00e1mica de partido hegem\u00f3nico&#8221;, dijo a AFP el&nbsp;<strong>polit\u00f3logo \u00c1lvaro Artiga, de la Universidad Centroamericana (UCA).<\/strong><\/p>\n\n\n\n<p>Seg\u00fan sondeos, el partido oficialista&nbsp;<strong>Nuevas Ideas conseguir\u00eda 57 de las 60 bancas<\/strong>, con lo que reforzar\u00eda su control de la&nbsp;<strong>Asamblea Legislativa<\/strong>, eliminando cualquier posibilidad de contrapeso en el recinto. El&nbsp;<strong>FMLN<\/strong>&nbsp;obtendr\u00eda dos bancas y Arena, una.<\/p>\n\n\n\n<p>Los dem\u00e1s partidos, en tanto, enfrentan la posibilidad de perder su personer\u00eda jur\u00eddica, dado que de acuerdo con la ley electoral salvadore\u00f1a, las agrupaciones pol\u00edticas deben obtener&nbsp;<strong>un m\u00ednimo de 50.000 votos o al menos un esca\u00f1o para conservarla.<\/strong><\/p>\n\n\n\n<p>Muy seguro de su reelecci\u00f3n, el presidente m\u00e1s popular de&nbsp;<strong>Am\u00e9rica Latina<\/strong>, seg\u00fan una encuesta regional, ni siquiera ha pedido el voto para \u00e9l.<\/p>\n\n\n\n<p>Avivando el miedo a que vuelvan las pandillas, pidi\u00f3 votar por&nbsp;<strong>Nuevas Ideas&nbsp;<\/strong>y no perder uno solo de los 56 esca\u00f1os que tiene en la legislatura saliente, para no poner en &#8220;riesgo la guerra contra las pandillas&#8221;.<\/p>\n\n\n\n<p>Con entre<strong>\u00a05 y 7 millones de seguidores en X, Tiktok, Instagram y Facebook, Bukele<\/strong>, casado con la\u00a0<strong>psic\u00f3loga Gabriela Rodr\u00edguez\u00a0<\/strong>y con quien tiene dos ni\u00f1as, promociona megaproyectos y el turismo en\u00a0<strong>&#8220;el pa\u00eds m\u00e1s seguro de Am\u00e9rica Latina&#8221;.<\/strong><\/p>\n\n\n\n<p><\/p>\n\n\n\n<p><em>Fuente: \u00c1mbito.<\/em><\/p>\n","protected":false},"excerpt":{"rendered":"<p>El actual mandatario tiene casi asegurado un segundo ciclo de cinco a\u00f1os, con una popularidad del 90% y sin rivales de peso. El Salvador\u00a0vot\u00f3 este domingo en unas elecciones en&hellip; <\/p>\n","protected":false},"author":6,"featured_media":123202,"comment_status":"closed","ping_status":"open","sticky":false,"template":"","format":"standard","meta":{"footnotes":""},"categories":[11],"tags":[],"class_list":["post-123199","post","type-post","status-publish","format-standard","has-post-thumbnail","hentry","category-internacionales"],"_links":{"self":[{"href":"https:\/\/corrientesdetarde.com\/index.php\/wp-json\/wp\/v2\/posts\/123199","targetHints":{"allow":["GET"]}}],"collection":[{"href":"https:\/\/corrientesdetarde.com\/index.php\/wp-json\/wp\/v2\/posts"}],"about":[{"href":"https:\/\/corrientesdetarde.com\/index.php\/wp-json\/wp\/v2\/types\/post"}],"author":[{"embeddable":true,"href":"https:\/\/corrientesdetarde.com\/index.php\/wp-json\/wp\/v2\/users\/6"}],"replies":[{"embeddable":true,"href":"https:\/\/corrientesdetarde.com\/index.php\/wp-json\/wp\/v2\/comments?post=123199"}],"version-history":[{"count":1,"href":"https:\/\/corrientesdetarde.com\/index.php\/wp-json\/wp\/v2\/posts\/123199\/revisions"}],"predecessor-version":[{"id":123203,"href":"https:\/\/corrientesdetarde.com\/index.php\/wp-json\/wp\/v2\/posts\/123199\/revisions\/123203"}],"wp:featuredmedia":[{"embeddable":true,"href":"https:\/\/corrientesdetarde.com\/index.php\/wp-json\/wp\/v2\/media\/123202"}],"wp:attachment":[{"href":"https:\/\/corrientesdetarde.com\/index.php\/wp-json\/wp\/v2\/media?parent=123199"}],"wp:term":[{"taxonomy":"category","embeddable":true,"href":"https:\/\/corrientesdetarde.com\/index.php\/wp-json\/wp\/v2\/categories?post=123199"},{"taxonomy":"post_tag","embeddable":true,"href":"https:\/\/corrientesdetarde.com\/index.php\/wp-json\/wp\/v2\/tags?post=123199"}],"curies":[{"name":"wp","href":"https:\/\/api.w.org\/{rel}","templated":true}]}}