{"id":123351,"date":"2024-02-05T13:02:32","date_gmt":"2024-02-05T16:02:32","guid":{"rendered":"https:\/\/corrientesdetarde.com\/?p=123351"},"modified":"2024-02-05T13:02:44","modified_gmt":"2024-02-05T16:02:44","slug":"la-provincia-continua-con-la-evaluacion-para-la-adquisicion-de-la-vacuna-contra-el-dengue","status":"publish","type":"post","link":"https:\/\/corrientesdetarde.com\/index.php\/bienestar-y-salud\/la-provincia-continua-con-la-evaluacion-para-la-adquisicion-de-la-vacuna-contra-el-dengue\/","title":{"rendered":"La Provincia continua con la evaluaci\u00f3n para la adquisici\u00f3n de la vacuna contra el Dengue"},"content":{"rendered":"\n<p><em>En la sede de la cartera sanitaria se llev\u00f3 a cabo hoy una reuni\u00f3n, encabezada por el ministro Ricardo Cardozo, y los referentes del laboratorio a cargo de la producci\u00f3n.<\/em><\/p>\n\n\n\n<p>El ministro de Salud P\u00fablica de la Provincia, Ricardo Cardozo, encabez\u00f3 hoy una reuni\u00f3n v\u00eda Zoom con el laboratorio encargado de producir la vacuna contra el Dengue. El objetivo, fue dar continuidad a los procesos de gesti\u00f3n para la adquisici\u00f3n de tal vacuna. Fue el segundo encuentro de esta caracter\u00edstica que se lleva a cabo desde la cartera sanitaria por instrucci\u00f3n del gobernador Gustavo Vald\u00e9s.<\/p>\n\n\n\n<p>En la ocasi\u00f3n, acompa\u00f1aron al ministro la directora general de Epidemiolog\u00eda, Angelina Bobadilla; y el director general de Administraci\u00f3n, Francisco Fern\u00e1ndez.<\/p>\n\n\n\n<p>\u201cSeguimos trabajando con el laboratorio para evaluar los procesos de gesti\u00f3n para la adquisici\u00f3n de la vacuna para Dengue. Esta es la segunda reuni\u00f3n con el laboratorio y a su vez, ya hemos mantenido reuniones t\u00e9cnicas ya con nuestros profesionales, evaluando la poblaci\u00f3n, estadificando nuestra poblaci\u00f3n de riesgo\u201d, dijo el ministro&nbsp;Ricardo Cardozo&nbsp;y agreg\u00f3 que, en la ocasi\u00f3n, con \u201cla parte administrativa, estuvimos analizando el tema del costo de la vacuna\u201d.<\/p>\n\n\n\n<p><strong>Juntos contra el Dengue<\/strong><\/p>\n\n\n\n<p>El pasado lunes, el Gobierno provincial instrument\u00f3 un nuevo impulso en el marco del plan Provincial de Lucha contra el dengue denominado Juntos contra el Dengue. En esta estrategia, participan activamente diversos organismos del Gobierno provincial, del Nacional y las comunas, entre otros actores.<\/p>\n\n\n\n<p>As\u00ed, en la primera semana, el resultado fue el siguiente:<\/p>\n\n\n\n<p>Lunes 29 de enero: 8 camiones de la Municipalidad y 1 cami\u00f3n prefectura se encargaron de juntar los cacharros; el mi\u00e9rcoles 31, 12 camiones completos de cacharros de la Municipalidad y 3 camionetas de la DPEC; y el viernes 2, 2 camiones de la Municipalidad, 2 camiones de Vialidad y 3 camionetas de la DPEC.<\/p>\n\n\n\n<figure class=\"wp-block-image size-large\"><img loading=\"lazy\" decoding=\"async\" width=\"1024\" height=\"782\" src=\"https:\/\/corrientesdetarde.com\/wp-content\/uploads\/2024\/02\/image-33-1024x782.png\" alt=\"\" class=\"wp-image-123352\" srcset=\"https:\/\/corrientesdetarde.com\/wp-content\/uploads\/2024\/02\/image-33-1024x782.png 1024w, https:\/\/corrientesdetarde.com\/wp-content\/uploads\/2024\/02\/image-33-300x229.png 300w, https:\/\/corrientesdetarde.com\/wp-content\/uploads\/2024\/02\/image-33-768x587.png 768w, https:\/\/corrientesdetarde.com\/wp-content\/uploads\/2024\/02\/image-33.png 1280w\" sizes=\"auto, (max-width: 1024px) 100vw, 1024px\" \/><\/figure>\n","protected":false},"excerpt":{"rendered":"<p>En la sede de la cartera sanitaria se llev\u00f3 a cabo hoy una reuni\u00f3n, encabezada por el ministro Ricardo Cardozo, y los referentes del laboratorio a cargo de la producci\u00f3n.&hellip; <\/p>\n","protected":false},"author":8,"featured_media":123353,"comment_status":"closed","ping_status":"open","sticky":false,"template":"","format":"standard","meta":{"footnotes":""},"categories":[16],"tags":[],"class_list":["post-123351","post","type-post","status-publish","format-standard","has-post-thumbnail","hentry","category-bienestar-y-salud"],"_links":{"self":[{"href":"https:\/\/corrientesdetarde.com\/index.php\/wp-json\/wp\/v2\/posts\/123351","targetHints":{"allow":["GET"]}}],"collection":[{"href":"https:\/\/corrientesdetarde.com\/index.php\/wp-json\/wp\/v2\/posts"}],"about":[{"href":"https:\/\/corrientesdetarde.com\/index.php\/wp-json\/wp\/v2\/types\/post"}],"author":[{"embeddable":true,"href":"https:\/\/corrientesdetarde.com\/index.php\/wp-json\/wp\/v2\/users\/8"}],"replies":[{"embeddable":true,"href":"https:\/\/corrientesdetarde.com\/index.php\/wp-json\/wp\/v2\/comments?post=123351"}],"version-history":[{"count":1,"href":"https:\/\/corrientesdetarde.com\/index.php\/wp-json\/wp\/v2\/posts\/123351\/revisions"}],"predecessor-version":[{"id":123354,"href":"https:\/\/corrientesdetarde.com\/index.php\/wp-json\/wp\/v2\/posts\/123351\/revisions\/123354"}],"wp:featuredmedia":[{"embeddable":true,"href":"https:\/\/corrientesdetarde.com\/index.php\/wp-json\/wp\/v2\/media\/123353"}],"wp:attachment":[{"href":"https:\/\/corrientesdetarde.com\/index.php\/wp-json\/wp\/v2\/media?parent=123351"}],"wp:term":[{"taxonomy":"category","embeddable":true,"href":"https:\/\/corrientesdetarde.com\/index.php\/wp-json\/wp\/v2\/categories?post=123351"},{"taxonomy":"post_tag","embeddable":true,"href":"https:\/\/corrientesdetarde.com\/index.php\/wp-json\/wp\/v2\/tags?post=123351"}],"curies":[{"name":"wp","href":"https:\/\/api.w.org\/{rel}","templated":true}]}}