{"id":123359,"date":"2024-02-05T13:11:04","date_gmt":"2024-02-05T16:11:04","guid":{"rendered":"https:\/\/corrientesdetarde.com\/?p=123359"},"modified":"2024-02-05T13:11:16","modified_gmt":"2024-02-05T16:11:16","slug":"el-gobierno-enviara-al-congreso-un-proyecto-de-reforma-laboral-ante-la-judicializacion-del-dnu","status":"publish","type":"post","link":"https:\/\/corrientesdetarde.com\/index.php\/politica\/el-gobierno-enviara-al-congreso-un-proyecto-de-reforma-laboral-ante-la-judicializacion-del-dnu\/","title":{"rendered":"El Gobierno enviar\u00e1 al Congreso un proyecto de reforma laboral ante la judicializaci\u00f3n del DNU"},"content":{"rendered":"\n<p>El Ejecutivo buscar\u00e1 subsanar el error de incluirla en el megadecreto y no dentro de la Ley \u00d3mnibus. La C\u00e1mara Nacional de Apelaciones del Trabajo declar\u00f3 que el cap\u00edtulo es inconstitucional.<\/p>\n\n\n\n<p><a href=\"https:\/\/tn.com.ar\/autor\/AdrianVentura\/\"><\/a>El Gobierno de\u00a0Javier Milei \u00a0comienza a trabajar en un proyecto de ley de\u00a0<strong>reforma laboral.<\/strong>\u00a0El objetivo es tratar salir del problema que le gener\u00f3 haber incluido la iniciativa en un Decreto de Necesidad y Urgencia (DNU), lo cual fue un<strong>\u00a0error estrat\u00e9gico,\u00a0<\/strong>porque era muy f\u00e1cil que la Justicia lo\u00a0<strong>impugnara,<\/strong>\u00a0que fue lo que finalmente ocurri\u00f3.<\/p>\n\n\n\n<p>Ese DNU (70\/2023) tiene\u00a0<strong>50\u00a0<\/strong>impugnaciones y muchas medidas cautelares que suspendieron la aplicaci\u00f3n de\u00a0<strong>buena parte<\/strong>\u00a0del decreto. El cap\u00edtulo de la reforma laboral incluido en el decreto, adem\u00e1s, fue declarado inconstitucional\u00a0por la C\u00e1mara Nacional de Apelaciones del Trabajo y est\u00e1 pendiente de resoluci\u00f3n de la Corte Suprema de Justicia. En el Gobierno prev\u00e9n que ser\u00eda dif\u00edcil que la Corte Suprema avale la reforma laboral por DNU.<\/p>\n\n\n\n<p>En la Casa Rosada hacen cuentas y afirman que muy complicadoque la Corte, en un plazo inmediato, dicte una resoluci\u00f3n sobre el megadecreto. El Gobierno lo sabe, por eso empez\u00f3 a trabajar en un proyecto de ley para enviar al Congreso en las pr\u00f3ximas semanas y de esa manera tratar de que la reforma que impulsa tenga m\u00e1s&nbsp;<strong>legitimidad.<\/strong><\/p>\n\n\n\n<p>El jefe de bloque de La Libertad Avanza en Diputados,<strong> Oscar Zago,<\/strong>\u00a0habl\u00f3 del proyecto de reforma laboral en el que trabaja el Gobierno. \u201cSeguramente vayamos a mandar muchas cosas de reformas, algunas que quedaron. Hay muchas cuestiones que se quedaron en el \u201845 que me parece que tenemos que cambiar. Mucha gente se qued\u00f3 en las antiguas y esto no puede seguir funcionando as\u00ed\u201d<em>.<\/em><\/p>\n\n\n\n<h2 class=\"wp-block-heading\">La C\u00e1mara del Trabajo resolvi\u00f3 que la reforma laboral del mega DNU es inconstitucional<\/h2>\n\n\n\n<p>A fines de enero, la C\u00e1mara Nacional del Trabajo\u00a0fall\u00f3 a favor del amparo presentado por la CGT y determin\u00f3 que la reforma laboral del DNU\u00a0<strong>es inconstitucional.\u00a0<\/strong>El fallo firmado por los jueces\u00a0<strong>Manuel Diez Selva, H\u00e9ctor Guisado y Mario Fera<\/strong>\u00a0alcanza a los art\u00edculos 73, 79, 86, 87, 88 y 97 del DNU, todos los que est\u00e1n relacionados con la reforma laboral impulsada por el Gobierno.<\/p>\n\n\n\n<p>Los magistrados plantearon: \u201cLos propios considerandos de dicho DNU traducen -al menos en lo que respecta a la materia laboral- que no se evidencia objetivamente la \u2018necesidad\u2019 de adoptar tan numerosas medidas, y que, aunque ello pudiera -hipot\u00e9ticamente- justificarse en las referencias gen\u00e9ricas a \u2018un hecho demostrado\u2019, lo cierto y jur\u00eddicamente relevante es que no se avizora que las que se alegan constituyan razones de \u2018urgencia\u2019 para eludir la debida intervenci\u00f3n del Poder Legislativo en lo que hace a la legislaci\u00f3n de fondo\u201d.<\/p>\n","protected":false},"excerpt":{"rendered":"<p>El Ejecutivo buscar\u00e1 subsanar el error de incluirla en el megadecreto y no dentro de la Ley \u00d3mnibus. La C\u00e1mara Nacional de Apelaciones del Trabajo declar\u00f3 que el cap\u00edtulo es&hellip; <\/p>\n","protected":false},"author":8,"featured_media":123360,"comment_status":"closed","ping_status":"open","sticky":false,"template":"","format":"standard","meta":{"footnotes":""},"categories":[3],"tags":[],"class_list":["post-123359","post","type-post","status-publish","format-standard","has-post-thumbnail","hentry","category-politica"],"_links":{"self":[{"href":"https:\/\/corrientesdetarde.com\/index.php\/wp-json\/wp\/v2\/posts\/123359","targetHints":{"allow":["GET"]}}],"collection":[{"href":"https:\/\/corrientesdetarde.com\/index.php\/wp-json\/wp\/v2\/posts"}],"about":[{"href":"https:\/\/corrientesdetarde.com\/index.php\/wp-json\/wp\/v2\/types\/post"}],"author":[{"embeddable":true,"href":"https:\/\/corrientesdetarde.com\/index.php\/wp-json\/wp\/v2\/users\/8"}],"replies":[{"embeddable":true,"href":"https:\/\/corrientesdetarde.com\/index.php\/wp-json\/wp\/v2\/comments?post=123359"}],"version-history":[{"count":1,"href":"https:\/\/corrientesdetarde.com\/index.php\/wp-json\/wp\/v2\/posts\/123359\/revisions"}],"predecessor-version":[{"id":123361,"href":"https:\/\/corrientesdetarde.com\/index.php\/wp-json\/wp\/v2\/posts\/123359\/revisions\/123361"}],"wp:featuredmedia":[{"embeddable":true,"href":"https:\/\/corrientesdetarde.com\/index.php\/wp-json\/wp\/v2\/media\/123360"}],"wp:attachment":[{"href":"https:\/\/corrientesdetarde.com\/index.php\/wp-json\/wp\/v2\/media?parent=123359"}],"wp:term":[{"taxonomy":"category","embeddable":true,"href":"https:\/\/corrientesdetarde.com\/index.php\/wp-json\/wp\/v2\/categories?post=123359"},{"taxonomy":"post_tag","embeddable":true,"href":"https:\/\/corrientesdetarde.com\/index.php\/wp-json\/wp\/v2\/tags?post=123359"}],"curies":[{"name":"wp","href":"https:\/\/api.w.org\/{rel}","templated":true}]}}