{"id":123364,"date":"2024-02-05T13:15:01","date_gmt":"2024-02-05T16:15:01","guid":{"rendered":"https:\/\/corrientesdetarde.com\/?p=123364"},"modified":"2024-02-05T13:15:05","modified_gmt":"2024-02-05T16:15:05","slug":"cuando-cobro-las-becas-progresar-en-febrero-de-2024","status":"publish","type":"post","link":"https:\/\/corrientesdetarde.com\/index.php\/economia\/cuando-cobro-las-becas-progresar-en-febrero-de-2024\/","title":{"rendered":"Cu\u00e1ndo cobro las Becas Progresar en febrero de 2024"},"content":{"rendered":"\n<p>Conoc\u00e9 lo que se sabe de la fecha de pago del programa para este mes, cu\u00e1nto es y los requisitos.<\/p>\n\n\n\n<p>Las&nbsp;<strong>Becas Progresar<\/strong>&nbsp;todav\u00eda no tienen una fecha confirmada para pagarse en&nbsp;<strong>febrero 2024<\/strong>, aunque se presume que ser\u00eda la&nbsp;<strong>semana del 12 al 16<\/strong>, ya que los pagos de&nbsp;<strong>ANSES&nbsp;<\/strong>por este programa fueron entre el 10 y 19 del mes tanto en diciembre como enero.<\/p>\n\n\n\n<h2 class=\"wp-block-heading\">Cu\u00e1nto paga ANSES por las Becas Progresar en febrero 2024<\/h2>\n\n\n\n<p>ANSESpaga\u00a0<strong>$20.000<\/strong>\u00a0en el mes de febrero de 2024 por las Becas Progresar.<\/p>\n\n\n\n<h2 class=\"wp-block-heading\">Cu\u00e1ndo se cobra el 20% retenido en febrero 2024 de las Becas Progresar<\/h2>\n\n\n\n<p>En&nbsp;<strong>diferentes fechas del a\u00f1o se puede percibir el 20%&nbsp;<\/strong>retenido de cada mes por la Administraci\u00f3n Nacional de Seguridad Social en caso de presentar todos los papeles correspondientes que acrediten escolaridad regular del alumno.<\/p>\n\n\n\n<figure class=\"wp-block-image\"><img decoding=\"async\" src=\"https:\/\/tn.com.ar\/resizer\/P6Wi5__AcQX9my9btXpOYl4g6-A=\/767x0\/smart\/filters:format(webp)\/cloudfront-us-east-1.images.arcpublishing.com\/artear\/DS7FFRRVEVBEJHHNYWPRLOGFAY.jpg\" alt=\"Las razones por las que pueden suspender el pago de las Becas Progresar. (Foto: ANSES)\"\/><\/figure>\n\n\n\n<p><\/p>\n\n\n\n<h2 class=\"wp-block-heading\">C\u00f3mo acreditar la escolaridad en las Becas Progresar en febrero 2024<\/h2>\n\n\n\n<p>Para garantizar el cobro de las Becas Progresar, los beneficiarios tienen que gestionar la&nbsp;<strong>acreditaci\u00f3n de su escolaridad<\/strong>. El proceso realiza de manera&nbsp;<strong>presencial&nbsp;<\/strong>en las oficinas del organismo, sin necesidad de turno previo, o de manera&nbsp;<strong>virtual&nbsp;<\/strong>a trav\u00e9s de la plataforma&nbsp;<em>Mi Anses<\/em>. A diferencia de la Asignaci\u00f3n Universal por Hijo (AUH), existen tres per\u00edodos habilitados para la presentaci\u00f3n de la documentaci\u00f3n:<\/p>\n\n\n\n<ul class=\"wp-block-list\"><li><strong>Per\u00edodo del 1 de marzo al 30 de junio:&nbsp;<\/strong>esta presentaci\u00f3n permite el cobro del 20% acumulado correspondiente a enero y febrero del mismo a\u00f1o, abonado en marzo.<\/li><li><strong>Per\u00edodo del 1 de julio al 31 de octubre:&nbsp;<\/strong>proporciona el derecho al cobro del 20% acumulado de marzo, abril, mayo y junio del mismo a\u00f1o.<\/li><li><strong>Per\u00edodo del 1 de noviembre al 31 de diciembre:<\/strong>&nbsp;en este intervalo, la presentaci\u00f3n corresponde al mes de noviembre y permite el cobro del 20% acumulado de julio, agosto, septiembre y octubre del mismo a\u00f1o.<\/li><\/ul>\n\n\n\n<h2 class=\"wp-block-heading\">Cu\u00e1les son los requisitos para cobrar las Becas Progresar en febrero 2024<\/h2>\n\n\n\n<ul class=\"wp-block-list\"><li><strong>Becas Progresar Obligatorio:<\/strong>&nbsp;edad comprendida entre 16 y 24 a\u00f1os.<\/li><li><strong>Becas Progresar Superior:<\/strong>&nbsp;edad entre 17 y 24 a\u00f1os. Se extiende hasta los 30 a\u00f1os para estudiantes avanzados.<\/li><li><strong>Becas Progresar Trabajo:<\/strong>&nbsp;edad entre 18 y 24 a\u00f1os. Ampliado hasta los 40 a\u00f1os para aquellos sin empleo formal registrado.<\/li><li><strong>Becas Progresar con hijas o hijos a cargo:<\/strong>&nbsp;inscripci\u00f3n permitida hasta los 35 a\u00f1os. Aplicable para quienes tienen hijos menores de 18 a\u00f1os a su cargo y pertenecen a hogares monoparentales.<\/li><li><strong>Sin l\u00edmite de edad para grupos priorizados:<\/strong>&nbsp;personas trans, con discapacidad, refugiadas o pertenecientes a pueblos ind\u00edgenas y afrodescendientes no tienen restricciones de edad.<\/li><li><strong>Becas Progresar L\u00ednea Enfermer\u00eda:<\/strong>&nbsp;requisito de tener al menos 17 a\u00f1os. No hay un l\u00edmite de edad m\u00e1xima establecido.<\/li><li><strong>Ingresos familiares:<\/strong>&nbsp;los ingresos del grupo familiar del solicitante no deben superar tres veces el Salario M\u00ednimo Vital y M\u00f3vil (SMVyM).<\/li><li><strong>Asistencia Educativa:<\/strong>&nbsp;acreditar la asistencia a una instituci\u00f3n educativa. Cumplir con los requisitos de avance acad\u00e9mico seg\u00fan la l\u00ednea correspondiente.<\/li><\/ul>\n\n\n\n<h2 class=\"wp-block-heading\">De qui\u00e9n dependen las Becas Progresar en febrero 2024<\/h2>\n\n\n\n<p>Las&nbsp;<strong>Becas Progresar<\/strong>&nbsp;dependen de la&nbsp;<strong>Secretar\u00eda de Educaci\u00f3n<\/strong>, bajo la \u00f3rbita del&nbsp;<strong>Ministerio de Capital Humano<\/strong>&nbsp;dirigido por la ministra&nbsp;<strong>Sandra Pettovello<\/strong>. El pago es efectuado por la&nbsp;<strong>ANSES<\/strong>.<\/p>\n","protected":false},"excerpt":{"rendered":"<p>Conoc\u00e9 lo que se sabe de la fecha de pago del programa para este mes, cu\u00e1nto es y los requisitos. Las&nbsp;Becas Progresar&nbsp;todav\u00eda no tienen una fecha confirmada para pagarse en&nbsp;febrero&hellip; <\/p>\n","protected":false},"author":8,"featured_media":123365,"comment_status":"closed","ping_status":"open","sticky":false,"template":"","format":"standard","meta":{"footnotes":""},"categories":[20],"tags":[],"class_list":["post-123364","post","type-post","status-publish","format-standard","has-post-thumbnail","hentry","category-economia"],"_links":{"self":[{"href":"https:\/\/corrientesdetarde.com\/index.php\/wp-json\/wp\/v2\/posts\/123364","targetHints":{"allow":["GET"]}}],"collection":[{"href":"https:\/\/corrientesdetarde.com\/index.php\/wp-json\/wp\/v2\/posts"}],"about":[{"href":"https:\/\/corrientesdetarde.com\/index.php\/wp-json\/wp\/v2\/types\/post"}],"author":[{"embeddable":true,"href":"https:\/\/corrientesdetarde.com\/index.php\/wp-json\/wp\/v2\/users\/8"}],"replies":[{"embeddable":true,"href":"https:\/\/corrientesdetarde.com\/index.php\/wp-json\/wp\/v2\/comments?post=123364"}],"version-history":[{"count":1,"href":"https:\/\/corrientesdetarde.com\/index.php\/wp-json\/wp\/v2\/posts\/123364\/revisions"}],"predecessor-version":[{"id":123366,"href":"https:\/\/corrientesdetarde.com\/index.php\/wp-json\/wp\/v2\/posts\/123364\/revisions\/123366"}],"wp:featuredmedia":[{"embeddable":true,"href":"https:\/\/corrientesdetarde.com\/index.php\/wp-json\/wp\/v2\/media\/123365"}],"wp:attachment":[{"href":"https:\/\/corrientesdetarde.com\/index.php\/wp-json\/wp\/v2\/media?parent=123364"}],"wp:term":[{"taxonomy":"category","embeddable":true,"href":"https:\/\/corrientesdetarde.com\/index.php\/wp-json\/wp\/v2\/categories?post=123364"},{"taxonomy":"post_tag","embeddable":true,"href":"https:\/\/corrientesdetarde.com\/index.php\/wp-json\/wp\/v2\/tags?post=123364"}],"curies":[{"name":"wp","href":"https:\/\/api.w.org\/{rel}","templated":true}]}}