{"id":123367,"date":"2024-02-05T13:18:03","date_gmt":"2024-02-05T16:18:03","guid":{"rendered":"https:\/\/corrientesdetarde.com\/?p=123367"},"modified":"2024-02-05T13:18:15","modified_gmt":"2024-02-05T16:18:15","slug":"polemica-en-barcelona-una-atleta-trans-federada-como-hombre-reclamo-el-premio-de-la-categoria-femenina","status":"publish","type":"post","link":"https:\/\/corrientesdetarde.com\/index.php\/internacionales\/polemica-en-barcelona-una-atleta-trans-federada-como-hombre-reclamo-el-premio-de-la-categoria-femenina\/","title":{"rendered":"Pol\u00e9mica en Barcelona: una atleta trans federada como hombre reclam\u00f3 el premio de la categor\u00eda femenina"},"content":{"rendered":"\n<p>Si bien la ganadora est\u00e1 federada como hombre, compiti\u00f3 anotada como mujer y exigi\u00f3 el premio femenino: una pata de jam\u00f3n.<\/p>\n\n\n\n<p>El\u00a0<strong>ambiente del\u00a0trail runing<\/strong><strong>\u00a0en Espa\u00f1a<\/strong>\u00a0est\u00e1 en medio de una\u00a0<strong>acalorada discusi\u00f3n\u00a0<\/strong>luego de que una<strong> atleta trans se impusiera en una carrera de monta\u00f1a<\/strong>\u00a0desarrollada en Catalu\u00f1a y reclamase el premio de la clasificaci\u00f3n femenina.<\/p>\n\n\n\n<p>La situaci\u00f3n se dio en Sant Pere de Torell\u00f3, en la provincia de Barcelona, y la atleta trans se llev\u00f3 un jam\u00f3n como premio, luego de&nbsp;<strong>reclamarlo con \u201camenazas de denuncias\u201d a los organizadores.<\/strong><\/p>\n\n\n\n<p>Si bien el hecho ocurri\u00f3 a fines del a\u00f1o pasado, sali\u00f3 a la luz ahora gracias a la publicaci\u00f3n en peri\u00f3dicos locales. La carrera se realiz\u00f3 el 26 de diciembre de 2023, bajo la\u00a0<strong>modalidad de kil\u00f3metro vertical de ascenso al Santuario de Bellmunt<\/strong>, de 3,8 kil\u00f3metros de recorrido con desnivel positivo de 628 metros.<\/p>\n\n\n\n<h2 class=\"wp-block-heading\">La clasificaci\u00f3n de la pol\u00e9mica<\/h2>\n\n\n\n<p>En la prueba se impuso en la categor\u00eda femenina una&nbsp;<strong>corredora inscripta como \u201cQuima D.\u201d, que sin embargo figura en la Federaci\u00f3n con nombre y sexo masculino<\/strong>&nbsp;y en esa categor\u00eda hab\u00eda participado en muchas otras carreras de la zona con el nombre Quim Dur\u00e1n.<\/p>\n\n\n\n<p>En la<strong>&nbsp;clasificaci\u00f3n general finaliz\u00f3 en el puesto 55,<\/strong>&nbsp;con un crono de 32 minutos y 53 segundos, mientras que Laia Montoya lleg\u00f3 m\u00e1s de un minuto por detr\u00e1s.<\/p>\n\n\n\n<p><strong>La corredora reclam\u00f3 el triunfo y el premio correspondiente, un jam\u00f3n,<\/strong>&nbsp;y lo hizo, seg\u00fan los organizadores, con \u201cagresividad\u201d y con \u201camenazas de denuncia\u201d, por lo que lo recibi\u00f3, aunque el p\u00fablico respondi\u00f3 con silbidos y abucheos. De todas maneras, la organizaci\u00f3n aclar\u00f3 que tambi\u00e9n le otorgar\u00e1 un jam\u00f3n a Montoya, la primera mujer en cruzar la meta.<\/p>\n\n\n\n<figure class=\"wp-block-image\"><img decoding=\"async\" src=\"https:\/\/tn.com.ar\/resizer\/C2H5HNBe2Co7snFk72RpubRGPzQ=\/767x0\/smart\/filters:format(webp)\/cloudfront-us-east-1.images.arcpublishing.com\/artear\/YEUYDNERWZERJOVCAQPQRLWXVI.jpeg\" alt=\"A la izquierda, ganador de la categor\u00eda femenina (Quim Duran, 48 a\u00f1os). A la derecha, ganador de la categor\u00eda masculina  (Foto: 20minutos)\"\/><\/figure>\n\n\n\n<h2 class=\"wp-block-heading\">El repudio de Azara Garc\u00eda, subcampeona mundial<\/h2>\n\n\n\n<p>La&nbsp;<strong>subcampeona del mundo<\/strong>&nbsp;y campeona del circuito Spartan Trail, Azara Garc\u00eda de los Salmones, expres\u00f3 su rechazo a la situaci\u00f3n y mostr\u00f3 su enojo. \u201cTengo que coger aire para no enfadarme mucho, porque creo que&nbsp;<strong>esto ya est\u00e1 tomando un recorrido que es muy peligroso\u201d<\/strong>, manifest\u00f3 en una entrevista realizada en el programa Cuatro al D\u00eda como en sus redes sociales.<\/p>\n\n\n\n<p>\u201cEstamos hablando de deporte, que es algo f\u00edsico y no de algo ideol\u00f3gico, psicol\u00f3gico o emocional, por lo que no se debe mezclar\u201d, adelant\u00f3 la espa\u00f1ola, al tiempo que agreg\u00f3: \u201cLas mujeres y hombres somos diferentes, con lo cual, nosotras<strong>&nbsp;no podemos competir en igualdad de condiciones<\/strong>\u201d.<\/p>\n\n\n\n<figure class=\"wp-block-image\"><img decoding=\"async\" src=\"https:\/\/tn.com.ar\/resizer\/TOhxUgdEQ8AW5dun0_hbefO1wLg=\/767x0\/smart\/filters:format(webp)\/cloudfront-us-east-1.images.arcpublishing.com\/artear\/OHMGN6WOBVG3PFPIFU5PXLSEVQ.jpg\" alt=\"Azara Garc\u00eda explot\u00f3 y reclam\u00f3 por los derechos de la mujer. (Foto: Captura de TV).\"\/><\/figure>\n\n\n\n<p>\u201c<strong>Guste o no guste, el hombre es superior f\u00edsicamente<\/strong>, tienen m\u00e1s masa muscular, m\u00e1s fuerza, m\u00e1s capacidad respiratoria, el tama\u00f1o de sus pulmones y su coraz\u00f3n es m\u00e1s grande, la estructura \u00f3sea es diferente\u201d, remarc\u00f3.<\/p>\n\n\n\n<p>Finalmente, en su cuenta de instagram, Azara reclam\u00f3 por los derechos de la mujer, escribiendo: \u201c<strong>BASTA YA de pisotear los derechos de la mujer<\/strong>&nbsp;para beneficio de los dem\u00e1s. Est\u00e1n jugando con nuestras becas, medallas\u2026NUESTRO TRABAJO!!\u201d.<\/p>\n","protected":false},"excerpt":{"rendered":"<p>Si bien la ganadora est\u00e1 federada como hombre, compiti\u00f3 anotada como mujer y exigi\u00f3 el premio femenino: una pata de jam\u00f3n. El\u00a0ambiente del\u00a0trail runing\u00a0en Espa\u00f1a\u00a0est\u00e1 en medio de una\u00a0acalorada discusi\u00f3n\u00a0luego&hellip; <\/p>\n","protected":false},"author":8,"featured_media":123368,"comment_status":"closed","ping_status":"open","sticky":false,"template":"","format":"standard","meta":{"footnotes":""},"categories":[11],"tags":[],"class_list":["post-123367","post","type-post","status-publish","format-standard","has-post-thumbnail","hentry","category-internacionales"],"_links":{"self":[{"href":"https:\/\/corrientesdetarde.com\/index.php\/wp-json\/wp\/v2\/posts\/123367","targetHints":{"allow":["GET"]}}],"collection":[{"href":"https:\/\/corrientesdetarde.com\/index.php\/wp-json\/wp\/v2\/posts"}],"about":[{"href":"https:\/\/corrientesdetarde.com\/index.php\/wp-json\/wp\/v2\/types\/post"}],"author":[{"embeddable":true,"href":"https:\/\/corrientesdetarde.com\/index.php\/wp-json\/wp\/v2\/users\/8"}],"replies":[{"embeddable":true,"href":"https:\/\/corrientesdetarde.com\/index.php\/wp-json\/wp\/v2\/comments?post=123367"}],"version-history":[{"count":1,"href":"https:\/\/corrientesdetarde.com\/index.php\/wp-json\/wp\/v2\/posts\/123367\/revisions"}],"predecessor-version":[{"id":123370,"href":"https:\/\/corrientesdetarde.com\/index.php\/wp-json\/wp\/v2\/posts\/123367\/revisions\/123370"}],"wp:featuredmedia":[{"embeddable":true,"href":"https:\/\/corrientesdetarde.com\/index.php\/wp-json\/wp\/v2\/media\/123368"}],"wp:attachment":[{"href":"https:\/\/corrientesdetarde.com\/index.php\/wp-json\/wp\/v2\/media?parent=123367"}],"wp:term":[{"taxonomy":"category","embeddable":true,"href":"https:\/\/corrientesdetarde.com\/index.php\/wp-json\/wp\/v2\/categories?post=123367"},{"taxonomy":"post_tag","embeddable":true,"href":"https:\/\/corrientesdetarde.com\/index.php\/wp-json\/wp\/v2\/tags?post=123367"}],"curies":[{"name":"wp","href":"https:\/\/api.w.org\/{rel}","templated":true}]}}