{"id":123377,"date":"2024-02-05T14:13:19","date_gmt":"2024-02-05T17:13:19","guid":{"rendered":"https:\/\/corrientesdetarde.com\/?p=123377"},"modified":"2024-02-05T14:13:39","modified_gmt":"2024-02-05T17:13:39","slug":"corrientes-mostro-su-potencial-turistico-en-mar-del-plata","status":"publish","type":"post","link":"https:\/\/corrientesdetarde.com\/index.php\/destacados\/corrientes-mostro-su-potencial-turistico-en-mar-del-plata\/","title":{"rendered":"Corrientes mostr\u00f3 su potencial tur\u00edstico en Mar del Plata"},"content":{"rendered":"\n<p>La provincia de Corrientes desembarc\u00f3 en Mar del Plata con su campa\u00f1a tur\u00edstica &#8220;Corrientes, Naturalmente M\u00e1gica&#8221; durante la Feria del Espacio Federal Verano 2024. La estrategia se ejecut\u00f3 en el marco de dicho evento, con la participaci\u00f3n activa en el espacio brindado &nbsp;por el Consejo Federal de Turismo (CFT).<\/p>\n\n\n\n<p>El Espacio Federal, ubicado en la Plaza del Agua de Mar del Plata, fue el epicentro donde Corrientes despleg\u00f3 su encanto natural durante los \u00faltimos d\u00edas. El objetivo primordial fue proporcionar a las provincias argentinas una plataforma destacada para exhibir sus atractivos tur\u00edsticos y culturales, mediante videos permanentes y jornadas especiales. En este contexto, Corrientes apunt\u00f3 a posicionarse como un destino de excelencia, fundamentalmente de cara a Semana Santa.<\/p>\n\n\n\n<p>El stand de Corrientes, bajo el lema &#8220;Corrientes, Naturalmente M\u00e1gica&#8221;, cont\u00f3 con un escenario equipado con sonido, iluminaci\u00f3n y una pantalla LED gigante para proyectar videos cautivadores sobre la riqueza natural y cultural de la provincia. Diariamente, el CFT llev\u00f3 a cabo activaciones que incluyeron la entrega de premios, promoci\u00f3n de eventos en la ciudad y diversas interacciones para atraer al p\u00fablico.<\/p>\n\n\n\n<p>La oferta tur\u00edstica de Corrientes se present\u00f3 del 2 al 6 de febrero, con agentes de turismo dispuestos a brindar informaci\u00f3n detallada y participar en juegos y sorteos junto a los turistas que visitaron la costa atl\u00e1ntica. El enfoque estuvo en resaltar la magia natural de Corrientes, destacando sus atractivos en naturaleza, turismo aventura y experiencias \u00fanicas.<\/p>\n\n\n\n<p>Adem\u00e1s, Corrientes aprovech\u00f3 la oportunidad para presentar shows art\u00edsticos, actividades infantiles, sorteos y la degustaci\u00f3n de productos regionales. El Ministerio de Turismo se uni\u00f3 a la acci\u00f3n promocional del evento en Mar del Plata, consolidando la presencia de Corrientes como destino imperdible para los turistas.<\/p>\n\n\n\n<p>Con esta iniciativa, Corrientes se propuso no solo promocionar sus bellezas naturales sino tambi\u00e9n ofrecer una experiencia interactiva y envolvente a los visitantes de la costa atl\u00e1ntica durante esta temporada de verano. &#8220;Corrientes, Naturalmente M\u00e1gica&#8221; prometi\u00f3 ser un hito en la promoci\u00f3n tur\u00edstica de la provincia, atrayendo la atenci\u00f3n y el inter\u00e9s de aquellos que buscaban descubrir destinos \u00fanicos en Argentina.<\/p>\n\n\n\n<figure class=\"wp-block-image size-large\"><img loading=\"lazy\" decoding=\"async\" width=\"768\" height=\"1024\" src=\"https:\/\/corrientesdetarde.com\/wp-content\/uploads\/2024\/02\/image-39-768x1024.png\" alt=\"\" class=\"wp-image-123378\" srcset=\"https:\/\/corrientesdetarde.com\/wp-content\/uploads\/2024\/02\/image-39-768x1024.png 768w, https:\/\/corrientesdetarde.com\/wp-content\/uploads\/2024\/02\/image-39-225x300.png 225w, https:\/\/corrientesdetarde.com\/wp-content\/uploads\/2024\/02\/image-39-1152x1536.png 1152w, https:\/\/corrientesdetarde.com\/wp-content\/uploads\/2024\/02\/image-39-1536x2048.png 1536w\" sizes=\"auto, (max-width: 768px) 100vw, 768px\" \/><\/figure>\n","protected":false},"excerpt":{"rendered":"<p>La provincia de Corrientes desembarc\u00f3 en Mar del Plata con su campa\u00f1a tur\u00edstica &#8220;Corrientes, Naturalmente M\u00e1gica&#8221; durante la Feria del Espacio Federal Verano 2024. La estrategia se ejecut\u00f3 en el&hellip; <\/p>\n","protected":false},"author":8,"featured_media":123379,"comment_status":"closed","ping_status":"open","sticky":false,"template":"","format":"standard","meta":{"footnotes":""},"categories":[26,31],"tags":[],"class_list":["post-123377","post","type-post","status-publish","format-standard","has-post-thumbnail","hentry","category-destacados","category-turismo"],"_links":{"self":[{"href":"https:\/\/corrientesdetarde.com\/index.php\/wp-json\/wp\/v2\/posts\/123377","targetHints":{"allow":["GET"]}}],"collection":[{"href":"https:\/\/corrientesdetarde.com\/index.php\/wp-json\/wp\/v2\/posts"}],"about":[{"href":"https:\/\/corrientesdetarde.com\/index.php\/wp-json\/wp\/v2\/types\/post"}],"author":[{"embeddable":true,"href":"https:\/\/corrientesdetarde.com\/index.php\/wp-json\/wp\/v2\/users\/8"}],"replies":[{"embeddable":true,"href":"https:\/\/corrientesdetarde.com\/index.php\/wp-json\/wp\/v2\/comments?post=123377"}],"version-history":[{"count":1,"href":"https:\/\/corrientesdetarde.com\/index.php\/wp-json\/wp\/v2\/posts\/123377\/revisions"}],"predecessor-version":[{"id":123380,"href":"https:\/\/corrientesdetarde.com\/index.php\/wp-json\/wp\/v2\/posts\/123377\/revisions\/123380"}],"wp:featuredmedia":[{"embeddable":true,"href":"https:\/\/corrientesdetarde.com\/index.php\/wp-json\/wp\/v2\/media\/123379"}],"wp:attachment":[{"href":"https:\/\/corrientesdetarde.com\/index.php\/wp-json\/wp\/v2\/media?parent=123377"}],"wp:term":[{"taxonomy":"category","embeddable":true,"href":"https:\/\/corrientesdetarde.com\/index.php\/wp-json\/wp\/v2\/categories?post=123377"},{"taxonomy":"post_tag","embeddable":true,"href":"https:\/\/corrientesdetarde.com\/index.php\/wp-json\/wp\/v2\/tags?post=123377"}],"curies":[{"name":"wp","href":"https:\/\/api.w.org\/{rel}","templated":true}]}}