{"id":123381,"date":"2024-02-05T14:15:59","date_gmt":"2024-02-05T17:15:59","guid":{"rendered":"https:\/\/corrientesdetarde.com\/?p=123381"},"modified":"2024-02-05T14:16:11","modified_gmt":"2024-02-05T17:16:11","slug":"mas-de-350-expositores-participaron-de-la-feria-de-emprendedores","status":"publish","type":"post","link":"https:\/\/corrientesdetarde.com\/index.php\/sociales\/mas-de-350-expositores-participaron-de-la-feria-de-emprendedores\/","title":{"rendered":"M\u00e1s de 350 expositores participaron de la Feria de Emprendedores"},"content":{"rendered":"\n<p>Con gran convocatoria de p\u00fablico se realizaron las Ferias del Ministerio de Desarrollo Social, el domingo&nbsp;4 en el Paseo Iber\u00e1 y en el Parque El Eucaliptal del barrio&nbsp;San Ger\u00f3nimo, bajo la Coordinaci\u00f3n de la Direcci\u00f3n de Comercializaci\u00f3n, cuya directora es D\u00e9bora Galarza Alcaraz.<\/p>\n\n\n\n<p>Una amplia variedad de productos artesanales formaron&nbsp;parte de la Feria: porta termo en cuero, mates, bombillas, bijouterie&nbsp; pulseras, aros, tobilleras, collares, sublimaciones en diferentes materiales remeras y tazas, prendas tejidas y textil, viveristas&nbsp;con plantines, juegos did\u00e1cticos para ni\u00f1os, m\u00e1scaras y disfraces, zapatillas y ojotas artesanales entre otros.<\/p>\n\n\n\n<figure class=\"wp-block-image size-large\"><img loading=\"lazy\" decoding=\"async\" width=\"1024\" height=\"768\" src=\"https:\/\/corrientesdetarde.com\/wp-content\/uploads\/2024\/02\/image-40-1024x768.png\" alt=\"\" class=\"wp-image-123382\" srcset=\"https:\/\/corrientesdetarde.com\/wp-content\/uploads\/2024\/02\/image-40-1024x768.png 1024w, https:\/\/corrientesdetarde.com\/wp-content\/uploads\/2024\/02\/image-40-300x225.png 300w, https:\/\/corrientesdetarde.com\/wp-content\/uploads\/2024\/02\/image-40-768x576.png 768w, https:\/\/corrientesdetarde.com\/wp-content\/uploads\/2024\/02\/image-40-1536x1152.png 1536w, https:\/\/corrientesdetarde.com\/wp-content\/uploads\/2024\/02\/image-40.png 2048w\" sizes=\"auto, (max-width: 1024px) 100vw, 1024px\" \/><\/figure>\n\n\n\n<figure class=\"wp-block-image size-large\"><img loading=\"lazy\" decoding=\"async\" width=\"1024\" height=\"768\" src=\"https:\/\/corrientesdetarde.com\/wp-content\/uploads\/2024\/02\/image-41-1024x768.png\" alt=\"\" class=\"wp-image-123383\" srcset=\"https:\/\/corrientesdetarde.com\/wp-content\/uploads\/2024\/02\/image-41-1024x768.png 1024w, https:\/\/corrientesdetarde.com\/wp-content\/uploads\/2024\/02\/image-41-300x225.png 300w, https:\/\/corrientesdetarde.com\/wp-content\/uploads\/2024\/02\/image-41-768x576.png 768w, https:\/\/corrientesdetarde.com\/wp-content\/uploads\/2024\/02\/image-41-1536x1152.png 1536w, https:\/\/corrientesdetarde.com\/wp-content\/uploads\/2024\/02\/image-41.png 2048w\" sizes=\"auto, (max-width: 1024px) 100vw, 1024px\" \/><\/figure>\n\n\n\n<figure class=\"wp-block-image size-large\"><img loading=\"lazy\" decoding=\"async\" width=\"1024\" height=\"768\" src=\"https:\/\/corrientesdetarde.com\/wp-content\/uploads\/2024\/02\/image-42-1024x768.png\" alt=\"\" class=\"wp-image-123384\" srcset=\"https:\/\/corrientesdetarde.com\/wp-content\/uploads\/2024\/02\/image-42-1024x768.png 1024w, https:\/\/corrientesdetarde.com\/wp-content\/uploads\/2024\/02\/image-42-300x225.png 300w, https:\/\/corrientesdetarde.com\/wp-content\/uploads\/2024\/02\/image-42-768x576.png 768w, https:\/\/corrientesdetarde.com\/wp-content\/uploads\/2024\/02\/image-42-1536x1152.png 1536w, https:\/\/corrientesdetarde.com\/wp-content\/uploads\/2024\/02\/image-42.png 2048w\" sizes=\"auto, (max-width: 1024px) 100vw, 1024px\" \/><\/figure>\n\n\n\n<figure class=\"wp-block-image size-large\"><img loading=\"lazy\" decoding=\"async\" width=\"1024\" height=\"768\" src=\"https:\/\/corrientesdetarde.com\/wp-content\/uploads\/2024\/02\/image-43-1024x768.png\" alt=\"\" class=\"wp-image-123385\" srcset=\"https:\/\/corrientesdetarde.com\/wp-content\/uploads\/2024\/02\/image-43-1024x768.png 1024w, https:\/\/corrientesdetarde.com\/wp-content\/uploads\/2024\/02\/image-43-300x225.png 300w, https:\/\/corrientesdetarde.com\/wp-content\/uploads\/2024\/02\/image-43-768x576.png 768w, https:\/\/corrientesdetarde.com\/wp-content\/uploads\/2024\/02\/image-43-1536x1152.png 1536w, https:\/\/corrientesdetarde.com\/wp-content\/uploads\/2024\/02\/image-43.png 2048w\" sizes=\"auto, (max-width: 1024px) 100vw, 1024px\" \/><\/figure>\n\n\n\n<p><\/p>\n","protected":false},"excerpt":{"rendered":"<p>Con gran convocatoria de p\u00fablico se realizaron las Ferias del Ministerio de Desarrollo Social, el domingo&nbsp;4 en el Paseo Iber\u00e1 y en el Parque El Eucaliptal del barrio&nbsp;San Ger\u00f3nimo, bajo&hellip; <\/p>\n","protected":false},"author":8,"featured_media":123385,"comment_status":"closed","ping_status":"open","sticky":false,"template":"","format":"standard","meta":{"footnotes":""},"categories":[17],"tags":[],"class_list":["post-123381","post","type-post","status-publish","format-standard","has-post-thumbnail","hentry","category-sociales"],"_links":{"self":[{"href":"https:\/\/corrientesdetarde.com\/index.php\/wp-json\/wp\/v2\/posts\/123381","targetHints":{"allow":["GET"]}}],"collection":[{"href":"https:\/\/corrientesdetarde.com\/index.php\/wp-json\/wp\/v2\/posts"}],"about":[{"href":"https:\/\/corrientesdetarde.com\/index.php\/wp-json\/wp\/v2\/types\/post"}],"author":[{"embeddable":true,"href":"https:\/\/corrientesdetarde.com\/index.php\/wp-json\/wp\/v2\/users\/8"}],"replies":[{"embeddable":true,"href":"https:\/\/corrientesdetarde.com\/index.php\/wp-json\/wp\/v2\/comments?post=123381"}],"version-history":[{"count":1,"href":"https:\/\/corrientesdetarde.com\/index.php\/wp-json\/wp\/v2\/posts\/123381\/revisions"}],"predecessor-version":[{"id":123386,"href":"https:\/\/corrientesdetarde.com\/index.php\/wp-json\/wp\/v2\/posts\/123381\/revisions\/123386"}],"wp:featuredmedia":[{"embeddable":true,"href":"https:\/\/corrientesdetarde.com\/index.php\/wp-json\/wp\/v2\/media\/123385"}],"wp:attachment":[{"href":"https:\/\/corrientesdetarde.com\/index.php\/wp-json\/wp\/v2\/media?parent=123381"}],"wp:term":[{"taxonomy":"category","embeddable":true,"href":"https:\/\/corrientesdetarde.com\/index.php\/wp-json\/wp\/v2\/categories?post=123381"},{"taxonomy":"post_tag","embeddable":true,"href":"https:\/\/corrientesdetarde.com\/index.php\/wp-json\/wp\/v2\/tags?post=123381"}],"curies":[{"name":"wp","href":"https:\/\/api.w.org\/{rel}","templated":true}]}}