{"id":123481,"date":"2024-02-05T21:27:41","date_gmt":"2024-02-06T00:27:41","guid":{"rendered":"https:\/\/corrientesdetarde.com\/?p=123481"},"modified":"2024-02-05T21:27:53","modified_gmt":"2024-02-06T00:27:53","slug":"la-iglesia-advirtio-que-la-comida-no-puede-ser-una-variable-de-ajuste","status":"publish","type":"post","link":"https:\/\/corrientesdetarde.com\/index.php\/nacionales\/la-iglesia-advirtio-que-la-comida-no-puede-ser-una-variable-de-ajuste\/","title":{"rendered":"La Iglesia advirti\u00f3 que la comida no puede ser una variable de ajuste."},"content":{"rendered":"\n<h2 class=\"wp-block-heading\">La Conferencia Episcopal emiti\u00f3 una fuerte declaraci\u00f3n en medio del reclamo de organizaciones piqueteras y movimientos sociales que denuncian demoras en la entrega de alimentos. Los reclamos apuntan a la ministra Sandra Pettovello.<\/h2>\n\n\n\n<p>La Conferencia Episcopal le advirti\u00f3 hoy al gobierno de Javier Milei que &#8220;la comida no puede ser una variable de ajuste&#8221; y subray\u00f3 la necesidad de que la asistencia &#8220;llegue sin dilaci\u00f3n&#8221; a comedores populares y organizaciones de la sociedad civil. La manifestaci\u00f3n ocurre en medio de las movilizaciones de grupos piqueteros y movimientos sociales que denuncian que el Ministerio de Capital Humano, que encabeza Sandra Pettovello, demora la entrega de alimentos.<\/p>\n\n\n\n<p>&#8220;Ante este escenario de trabajo sacrificado y de bajos ingresos, las familias se privan de muchas cosas. Por ejemplo, una mam\u00e1 puede privarse de tomar un colectivo y camina para ahorrar, pero de ninguna manera puede no darle de comer a sus hijos. Es decir, la comida no puede ser una variable de ajuste. Es necesario anticiparse para que esta situaci\u00f3n no profundice la crisis alimentaria&#8221;, destaca en su p\u00e1rrafo central la declaraci\u00f3n de la Comisi\u00f3n Ejecutiva de la CEA, que preside el obispo Oscar Ojea.<\/p>\n\n\n\n<p>Y agrega: &#8220;El Estado nacional, provincial y municipal, tienen que aprovecharla para que nadie se quede sin el pan de cada d\u00eda. Todos los espacios de cuidado que dan de comer, todos los comedores comunitarios, de parroquias, Iglesias evang\u00e9licas, y de movimientos populares deben recibir ayuda sin dilaci\u00f3n&#8221;.<\/p>\n\n\n\n<p>Se trata de la primera declaraci\u00f3n p\u00fablica que hace en t\u00e9rminos formales la Iglesia Cat\u00f3lica y, m\u00e1s all\u00e1 de que coincide con la repentina movilizaci\u00f3n de grupos piqueteros que participaron del gobierno de Alberto Fern\u00e1ndez, expone un alerta sobre el deterioro de la situaci\u00f3n social que est\u00e1n registrando los obispos en sus di\u00f3cesis. No s\u00f3lo mediante C\u00e1ritas, sino que en cada parroquia se viene produciendo una combinaci\u00f3n complicada: m\u00e1s pedidos de comida con menos recursos disponibles.<\/p>\n\n\n\n<p>Las miradas, tanto de la Iglesia como de los piqueteros, apuntan contra la ministra Pettovello. Milei hab\u00eda dicho que ser\u00eda la \u00fanica que tendr\u00eda la &#8220;billetera abierta&#8221; para atender las consecuencias sociales de su plan de estabilizaci\u00f3n de shock.<\/p>\n\n\n\n<p>Entre los obispos admiten la necesidad de hacer auditor\u00edas, incluso de cambiar el formato de distribuci\u00f3n de la ayuda alimentaria, pero advierten que cualquier medida tiene que hacerse &#8220;con la comida en los comedores, no s\u00f3lo de la Iglesia, sino de todas las organizaciones que hace a\u00f1os brindan ayuda esencial&#8221; para amplios grupos sociales empobrecidos, principalmente en el conurbano bonaerense y otros conurbanos de las grandes ciudades del pa\u00eds.<\/p>\n\n\n\n<p>&#8220;Es decirle a Petovello que la lucha contra el hambre es una tarea comunitaria. Que no es que se puede sola. Y que organizaciones, referentes, tambi\u00e9n son v\u00e1lidos para distribuir la ayuda social. Por supuesto revisando la transparencia que es algo imprescindible&#8221;, explic\u00f3 a Infobae una fuente que conoce de cerca la problem\u00e1tica y los motivos de la declaraci\u00f3n de los obispos.<\/p>\n\n\n\n<p>La declaraci\u00f3n de la CEA<br>&#8220;Como obispos, en el trato pastoral con la gente sencilla, hemos aprendido que: &#8220;un plato de comida no se le niega a nadie&#8221;. Es que en nuestra patria nadie deber\u00eda pasar hambre, ya que es una tierra bendita de pan. Sin embargo, hoy, a cientos de miles de familias se les hace cada vez m\u00e1s dif\u00edcil alimentarse bien&#8221;, alert\u00f3 la Comisi\u00f3n Ejecutiva de la Conferencia Episcopal.<\/p>\n\n\n\n<p>Y continu\u00f3: &#8220;La inflaci\u00f3n desde hace a\u00f1os crece d\u00eda a d\u00eda y pega fuertemente en el precio de los alimentos. Lo siente claramente la clase media trabajadora, los jubilados y aquellos que no ven crecer sus salarios. Tambi\u00e9n todo el universo de la econom\u00eda popular, donde pr\u00e1cticamente se trabaja sin derechos. Pensemos en los vendedores ambulantes, los recicladores, los feriantes, los peque\u00f1os agricultores, los ladrilleros, los costureros, los que realizan distintas tareas de cuidado y de servicio&#8221;.<\/p>\n\n\n\n<p>Despu\u00e9s de alertar que la comida no puede ser una variable de ajuste, los obispos se\u00f1alaron: &#8220;Es necesario anticiparse para que esta situaci\u00f3n no profundice la crisis alimentaria. Y para eso se debe facilitar a las personas, las comunidades y al pueblo, aquello que se necesite para ayudar a los m\u00e1s fr\u00e1giles, especialmente a ni\u00f1os, ni\u00f1as, adolescentes y adultos mayores. Ante una crisis no son suficientes los paradigmas tecnocr\u00e1ticos, sean estadoc\u00e9ntricos, sean mercadoc\u00e9ntricos, es necesaria la comunidad&#8221;.<\/p>\n\n\n\n<p>Finalmente, la CEA advirti\u00f3 que &#8220;ning\u00fan sector de los que hoy est\u00e1n actuando, ninguna instituci\u00f3n o Iglesia, podr\u00eda hacerlo solo. La complejidad de la crisis as\u00ed lo est\u00e1 indicando. Hay programas como el PNUD (Programa de las Naciones Unidas para el Desarrollo) que demostraron tener un impacto muy positivo, son f\u00e1cilmente auditables y pueden aplicarse a todos estos lugares. Sin interrumpir la actividad de los espacios que contin\u00faan brindando asistencia alimentaria, se los puede auditar al mismo tiempo para que den cuenta de su transparencia y de este modo, contribuir a optimizar la ayuda sin descuidar a nadie&#8221;.<\/p>\n\n\n\n<p>&#8220;Toda esta comunidad, verdadero ej\u00e9rcito de amor y servicio, est\u00e1 dispuesta a dar de comer ahora porque hace falta, pero sin renunciar a seguirse poniendo la patria al hombro, para que en nuestra querida Argentina se haga realidad el sue\u00f1o de Tierra, Techo, y Trabajo para cada familia&#8221;, concluy\u00f3.<\/p>\n\n\n\n<p><em>Fuente:\u00a0Infobae<\/em>.<\/p>\n","protected":false},"excerpt":{"rendered":"<p>La Conferencia Episcopal emiti\u00f3 una fuerte declaraci\u00f3n en medio del reclamo de organizaciones piqueteras y movimientos sociales que denuncian demoras en la entrega de alimentos. Los reclamos apuntan a la&hellip; <\/p>\n","protected":false},"author":6,"featured_media":123482,"comment_status":"closed","ping_status":"open","sticky":false,"template":"","format":"standard","meta":{"footnotes":""},"categories":[10],"tags":[],"class_list":["post-123481","post","type-post","status-publish","format-standard","has-post-thumbnail","hentry","category-nacionales"],"_links":{"self":[{"href":"https:\/\/corrientesdetarde.com\/index.php\/wp-json\/wp\/v2\/posts\/123481","targetHints":{"allow":["GET"]}}],"collection":[{"href":"https:\/\/corrientesdetarde.com\/index.php\/wp-json\/wp\/v2\/posts"}],"about":[{"href":"https:\/\/corrientesdetarde.com\/index.php\/wp-json\/wp\/v2\/types\/post"}],"author":[{"embeddable":true,"href":"https:\/\/corrientesdetarde.com\/index.php\/wp-json\/wp\/v2\/users\/6"}],"replies":[{"embeddable":true,"href":"https:\/\/corrientesdetarde.com\/index.php\/wp-json\/wp\/v2\/comments?post=123481"}],"version-history":[{"count":1,"href":"https:\/\/corrientesdetarde.com\/index.php\/wp-json\/wp\/v2\/posts\/123481\/revisions"}],"predecessor-version":[{"id":123483,"href":"https:\/\/corrientesdetarde.com\/index.php\/wp-json\/wp\/v2\/posts\/123481\/revisions\/123483"}],"wp:featuredmedia":[{"embeddable":true,"href":"https:\/\/corrientesdetarde.com\/index.php\/wp-json\/wp\/v2\/media\/123482"}],"wp:attachment":[{"href":"https:\/\/corrientesdetarde.com\/index.php\/wp-json\/wp\/v2\/media?parent=123481"}],"wp:term":[{"taxonomy":"category","embeddable":true,"href":"https:\/\/corrientesdetarde.com\/index.php\/wp-json\/wp\/v2\/categories?post=123481"},{"taxonomy":"post_tag","embeddable":true,"href":"https:\/\/corrientesdetarde.com\/index.php\/wp-json\/wp\/v2\/tags?post=123481"}],"curies":[{"name":"wp","href":"https:\/\/api.w.org\/{rel}","templated":true}]}}