{"id":123484,"date":"2024-02-05T21:30:51","date_gmt":"2024-02-06T00:30:51","guid":{"rendered":"https:\/\/corrientesdetarde.com\/?p=123484"},"modified":"2024-02-05T21:31:07","modified_gmt":"2024-02-06T00:31:07","slug":"incendios-en-chile-ya-son-122-los-muertos-y-buscan-a-cientos-de-personas","status":"publish","type":"post","link":"https:\/\/corrientesdetarde.com\/index.php\/internacionales\/incendios-en-chile-ya-son-122-los-muertos-y-buscan-a-cientos-de-personas\/","title":{"rendered":"Incendios en Chile: ya son 122 los muertos y buscan a cientos de personas."},"content":{"rendered":"\n<h2 class=\"wp-block-heading\">Seg\u00fan los balances actuales, hay 165 incendios contabilizados en el pa\u00eds, once m\u00e1s que el s\u00e1bado, de los cuales 40 siguen en combate, 112 est\u00e1n controlados y cuatro extinguidos.<\/h2>\n\n\n\n<p>Las autoridades de Chile han elevado este lunes a\u00a0<strong>122\u00a0<\/strong>la cifra de v\u00edctimas mortales de\u00a0los incendios\u00a0que afectan a la\u00a0regi\u00f3n Valpara\u00edso, en la zona central de la costa chilena, donde hay cerca de 40.000 personas afectadas por la destrucci\u00f3n de viviendas.<\/p>\n\n\n\n<p>El Servicio M\u00e9dico Legal de Chile (SML) ha publicado el nuevo balance y ha adelantado que en las pr\u00f3ximas horas comenzar\u00e1 la entrega de cuerpos a los familiares de las v\u00edctimas.\u00a0<strong>Para ello se est\u00e1n recogiendo muestras de ADN de las familias. Hasta el momento son solo 32 los cuerpos identificados y que por tanto podr\u00edan ser entregados a sus familias.<\/strong><\/p>\n\n\n\n<p>El subsecretario del Interior del Gobierno chileno, Manuel Monsalve, ha afirmado que han concentrado \u201ctodas las capacidades para retirar los cuerpos sector por sector\u201d. \u201cEstamos frente a una tragedia nacional. El presidente ha decretado duelo nacional por dos d\u00edas, lo que demuestra la magnitud de la afectaci\u00f3n que lamentablemente hemos enfrentado en la regi\u00f3n de Valpara\u00edso\u201d, ha declarado Monsalve, seg\u00fan ha recogido el peri\u00f3dico chileno&nbsp;<em>El Mercurio<\/em>.<\/p>\n\n\n\n<p><img loading=\"lazy\" decoding=\"async\" alt=\"Un grupo de personas realiza labores de limpieza en medio de escombros en sus viviendas consumidas por las llamas (AP Foto\/Esteban F\u00e9lix)\" height=\"2176\" width=\"3868\" src=\"https:\/\/www.infobae.com\/new-resizer\/hf1fGviSoXBhiGeG4F4vxHPTx-g=\/80x45\/filters:format(webp):quality(85)\/cloudfront-us-east-1.images.arcpublishing.com\/infobae\/5GVJZ35UUYNOHWS36VLAISCGI4.jpg%2080w\" srcset=\"https:\/\/www.infobae.com\/new-resizer\/hf1fGviSoXBhiGeG4F4vxHPTx-g=\/80x45\/filters:format(webp):quality(85)\/cloudfront-us-east-1.images.arcpublishing.com\/infobae\/5GVJZ35UUYNOHWS36VLAISCGI4.jpg 80w,https:\/\/www.infobae.com\/new-resizer\/EVRz9qF9sHDLQOjVHM_N-zQKBow=\/265x149\/filters:format(webp):quality(85)\/cloudfront-us-east-1.images.arcpublishing.com\/infobae\/5GVJZ35UUYNOHWS36VLAISCGI4.jpg 265w,https:\/\/www.infobae.com\/new-resizer\/nz6qC9TTs4Vzc3ANf95zibO-xXw=\/350x197\/filters:format(webp):quality(85)\/cloudfront-us-east-1.images.arcpublishing.com\/infobae\/5GVJZ35UUYNOHWS36VLAISCGI4.jpg 350w,https:\/\/www.infobae.com\/new-resizer\/ykApobdPOYOkadBxP8oWwOabbRY=\/420x236\/filters:format(webp):quality(85)\/cloudfront-us-east-1.images.arcpublishing.com\/infobae\/5GVJZ35UUYNOHWS36VLAISCGI4.jpg 420w,https:\/\/www.infobae.com\/new-resizer\/maf_cSMwyZg79s4nWcaxZKlmC5o=\/577x325\/filters:format(webp):quality(85)\/cloudfront-us-east-1.images.arcpublishing.com\/infobae\/5GVJZ35UUYNOHWS36VLAISCGI4.jpg 577w,https:\/\/www.infobae.com\/new-resizer\/XdUDOmVhY37VkL8a2LraWj8TSTk=\/768x432\/filters:format(webp):quality(85)\/cloudfront-us-east-1.images.arcpublishing.com\/infobae\/5GVJZ35UUYNOHWS36VLAISCGI4.jpg 768w,https:\/\/www.infobae.com\/new-resizer\/lCKh2jsPRLyYVAolgZomhl-EOwI=\/992x558\/filters:format(webp):quality(85)\/cloudfront-us-east-1.images.arcpublishing.com\/infobae\/5GVJZ35UUYNOHWS36VLAISCGI4.jpg 992w,https:\/\/www.infobae.com\/new-resizer\/_fv4kFGzBA1C6I1xI8SchZ4f1iI=\/1200x675\/filters:format(webp):quality(85)\/cloudfront-us-east-1.images.arcpublishing.com\/infobae\/5GVJZ35UUYNOHWS36VLAISCGI4.jpg 1200w,https:\/\/www.infobae.com\/new-resizer\/0XUQm1aBrGjGIRekG5q38CMrCbo=\/1440x810\/filters:format(webp):quality(85)\/cloudfront-us-east-1.images.arcpublishing.com\/infobae\/5GVJZ35UUYNOHWS36VLAISCGI4.jpg 1440w\">Un grupo de personas realiza labores de limpieza en medio de escombros en sus viviendas consumidas por las llamas (AP Foto\/Esteban F\u00e9lix)AP<\/p>\n\n\n\n<p>No obstante, ha subrayado que las condiciones en materia de control de incendios han\u00a0<strong>\u201cmejorado sustancialmente\u201d<\/strong>: \u201cNo hay hoy d\u00eda un riesgo inminente a la vida de las personas. Se puede anticipar un eventual control de los incendios durante los pr\u00f3ximos d\u00edas, pero se mantienen activos y se sigue trabajando\u201d.<\/p>\n\n\n\n<p>Seg\u00fan los balances actuales, hay&nbsp;<strong>165 incendios contabilizados en el pa\u00eds, once m\u00e1s que el s\u00e1bado, de los cuales 40 siguen en combate, 112 est\u00e1n controlados y cuatro extinguidos.<\/strong><\/p>\n\n\n\n<h2 class=\"wp-block-heading\">Incendios intencionados<\/h2>\n\n\n\n<p>Mientras, varios altos cargos civiles y de las fuerzas de seguridad han apuntado a la intencionalidad de estos incendios y han advertido de que perseguir\u00e1n a los responsables.<\/p>\n\n\n\n<p>El jefe de Defensa Nacional, el contraalmirante Daniel Mu\u00f1oz, ha afirmado que hay indicios de que&nbsp;<strong>\u201chubo una planificaci\u00f3n, algo orquestado y organizado\u201d<\/strong>&nbsp;e incluso un \u201cpatr\u00f3n de comportamiento\u201d en declaraciones la emisora chilena ADN.<\/p>\n\n\n\n<p>Respecto al toque de queda, Mu\u00f1oz ha apuntado que \u201cen principio voy a mantener toques de queda nocturnos, no tengo claro exactamente el horario pero podr\u00eda rondar entre las 22.00 a 5.00 horas\u201d.<\/p>\n\n\n\n<p>Tambi\u00e9n el director general de Carabineros, Ricardo Y\u00e1\u00f1ez, se ha referido a la intencionalidad de los focos. \u201cSi pillamos gente cometiendo delitos, cr\u00e9anme que los vamos a detener. Los vamos a pasar al Ministerio P\u00fablico como corresponde, porque es nuestro deber y obligaci\u00f3n\u201d, ha apuntado en declaraciones a Radio B\u00edo B\u00edo.<\/p>\n\n\n\n<p>El gobernador de Valpara\u00edso, Rodrigo Mundaca, ha resaltado la \u201cintencionalidad manifiesta\u201d de los responsables. \u201c<strong>Son un pu\u00f1ado de miserables y facinerosos que han venido a destruir esta ciudad<\/strong>\u201d, ha denunciado.<\/p>\n\n\n\n<p>\u201cLo que estamos promoviendo precisamente hoy es llegar a las causas que han originado el desastre en la regi\u00f3n (&#8230;). Esperamos que la justicia pueda dar con los responsables\u201d, ha resaltado.<\/p>\n\n\n\n<p>A los responsables \u201clos vamos a enfrentar con el mayor rigor posible y los vamos a meter presos, porque eso no lo podemos tolerar, porque los incendios se transformaron en homicidios\u201d. \u201cSe han perdido 10.000 hect\u00e1reas, se destruy\u00f3 el Jard\u00edn Bot\u00e1nico, tenemos 112 personas que perdieron la vida y probablemente esa cifra va a seguir creciendo\u201d, se ha lamentado.<\/p>\n\n\n\n<p><em>Fuente: Infobae.<\/em><\/p>\n","protected":false},"excerpt":{"rendered":"<p>Seg\u00fan los balances actuales, hay 165 incendios contabilizados en el pa\u00eds, once m\u00e1s que el s\u00e1bado, de los cuales 40 siguen en combate, 112 est\u00e1n controlados y cuatro extinguidos. Las&hellip; <\/p>\n","protected":false},"author":6,"featured_media":123486,"comment_status":"closed","ping_status":"open","sticky":false,"template":"","format":"standard","meta":{"footnotes":""},"categories":[11],"tags":[],"class_list":["post-123484","post","type-post","status-publish","format-standard","has-post-thumbnail","hentry","category-internacionales"],"_links":{"self":[{"href":"https:\/\/corrientesdetarde.com\/index.php\/wp-json\/wp\/v2\/posts\/123484","targetHints":{"allow":["GET"]}}],"collection":[{"href":"https:\/\/corrientesdetarde.com\/index.php\/wp-json\/wp\/v2\/posts"}],"about":[{"href":"https:\/\/corrientesdetarde.com\/index.php\/wp-json\/wp\/v2\/types\/post"}],"author":[{"embeddable":true,"href":"https:\/\/corrientesdetarde.com\/index.php\/wp-json\/wp\/v2\/users\/6"}],"replies":[{"embeddable":true,"href":"https:\/\/corrientesdetarde.com\/index.php\/wp-json\/wp\/v2\/comments?post=123484"}],"version-history":[{"count":1,"href":"https:\/\/corrientesdetarde.com\/index.php\/wp-json\/wp\/v2\/posts\/123484\/revisions"}],"predecessor-version":[{"id":123487,"href":"https:\/\/corrientesdetarde.com\/index.php\/wp-json\/wp\/v2\/posts\/123484\/revisions\/123487"}],"wp:featuredmedia":[{"embeddable":true,"href":"https:\/\/corrientesdetarde.com\/index.php\/wp-json\/wp\/v2\/media\/123486"}],"wp:attachment":[{"href":"https:\/\/corrientesdetarde.com\/index.php\/wp-json\/wp\/v2\/media?parent=123484"}],"wp:term":[{"taxonomy":"category","embeddable":true,"href":"https:\/\/corrientesdetarde.com\/index.php\/wp-json\/wp\/v2\/categories?post=123484"},{"taxonomy":"post_tag","embeddable":true,"href":"https:\/\/corrientesdetarde.com\/index.php\/wp-json\/wp\/v2\/tags?post=123484"}],"curies":[{"name":"wp","href":"https:\/\/api.w.org\/{rel}","templated":true}]}}