{"id":123621,"date":"2024-02-06T13:53:42","date_gmt":"2024-02-06T16:53:42","guid":{"rendered":"https:\/\/corrientesdetarde.com\/?p=123621"},"modified":"2024-02-06T13:53:47","modified_gmt":"2024-02-06T16:53:47","slug":"la-casa-rosada-freno-las-negociaciones-con-los-gobernadores-por-la-ley-omnibus-y-redobla-la-apuesta","status":"publish","type":"post","link":"https:\/\/corrientesdetarde.com\/index.php\/politica\/la-casa-rosada-freno-las-negociaciones-con-los-gobernadores-por-la-ley-omnibus-y-redobla-la-apuesta\/","title":{"rendered":"La Casa Rosada fren\u00f3 las negociaciones con los gobernadores por la Ley \u00d3mnibus y redobla la apuesta"},"content":{"rendered":"\n<p>El rechazo de Javier Milei a los reclamos que encabezan Mart\u00edn Llaryora y Maximiliano Pullaro vuelve a tensar la relaci\u00f3n entre el Ejecutivo nacional y las provincias. La reacci\u00f3n de los mandatarios de C\u00f3rdoba y Santa Fe.<\/p>\n\n\n\n<p><a href=\"https:\/\/tn.com.ar\/autor\/Marcelo+Bonelli\/\"><\/a>Un duro mensaje de\u00a0Javier Milei\u00a0a los\u00a0<strong>gobernadores<\/strong>\u00a0vuelve a empantanar el tratamiento de la Ley \u00d3mnibus\u00a0en la previa de la reanudaci\u00f3n del debate en\u00a0<strong>Diputados\u00a0<\/strong>por los art\u00edculos\u00a0<strong>en particular<\/strong>. Tras d\u00edas de negociaciones, el Presidente termin\u00f3 rechazando el\u00a0llamado al di\u00e1logo de los mandatarios provinciales, que esperaban un gesto de Naci\u00f3n y reclamaban\u00a0<strong>coparticipar el<\/strong>\u00a0<strong>Impuesto Pa\u00eds<\/strong>.<\/p>\n\n\n\n<p>Durante el fin de semana, los gobernadores de C\u00f3rdoba &#8211;<strong>Mart\u00edn Llaryora<\/strong>&#8211; y Santa Fe &#8211;<strong>Maximiliano Pullaro<\/strong>&#8211; idearon una propuesta que, de ser aceptada por el Gobierno, los inclinar\u00eda a pronunciarse a favor del proyecto. Con Milei de gira internacional, el lunes se especul\u00f3 con una reuni\u00f3n de los mandatarios provinciales con el el ministro del Interior,\u00a0<strong>Guillermo Francos<\/strong>, para zanjar las diferencias, pero finalmente\u00a0<strong>la Casa Rosada baj\u00f3 el pulgar<\/strong>.<\/p>\n\n\n\n<p><strong>\u201cNo estamos para ceder nada\u201d<\/strong>, le habr\u00eda dicho el Presidente a su c\u00edrculo de confianza antes de partir a Israel y el Vaticano. Milei cree que los gobernadores&nbsp;<strong>\u201cno tienen fuerza\u201d&nbsp;<\/strong>para presionarlo: el propio Francos advirti\u00f3 horas atr\u00e1s que el Ejecutivo podr\u00eda vetar una eventual&nbsp;<strong>coparticipaci\u00f3n&nbsp;<\/strong>del&nbsp;<strong>Impuesto Pa\u00eds&nbsp;<\/strong>y destac\u00f3 que Milei<strong>&nbsp;\u201cfue claro\u201d en que no coparticipar\u00eda ese tributo<\/strong>, contra el reclamo de los jefes provinciales en compensaci\u00f3n por la baja en el Impuesto a las Ganancias.<\/p>\n\n\n\n<p>En la Rosada argumentan que&nbsp;<strong>Naci\u00f3n \u201cest\u00e1 mejor\u201d que las provincias en materia fiscal&nbsp;<\/strong>y que, si el conflicto se prolonga,&nbsp;<strong>\u201clas consecuencias ser\u00e1n peores\u201d<\/strong>&nbsp;para los gobiernos provinciales.<\/p>\n\n\n\n<figure class=\"wp-block-image\"><img decoding=\"async\" src=\"https:\/\/tn.com.ar\/resizer\/ibBueV7VQk4TbE6nO9zbkNHpqSo=\/767x0\/smart\/filters:format(webp)\/cloudfront-us-east-1.images.arcpublishing.com\/artear\/IS5RDNCZ6VE6HJEW25YLBV24IU.jpg\" alt=\"El ministro del Interior, Guillermo Francos, el nexo de la Rosada con los gobernadores. (Foto: NA).\"\/><\/figure>\n\n\n\n<p>La inflexibilidad del Gobierno, adem\u00e1s de generar mucho&nbsp;<strong>malestar en Llaryora y Pullaro<\/strong>, parece volver a empantanar la aprobaci\u00f3n de la Ley \u00d3mnibus en el Congreso. Pese al apoyo del PRO, el oficialismo&nbsp;<strong>no parecer tener el respaldo suficiente<\/strong>&nbsp;de la oposici\u00f3n \u201cdialoguista\u201d para aprobar todos los art\u00edculos en particular.<\/p>\n\n\n\n<p>Este martes al mediod\u00eda, luego de una semana que dej\u00f3 30 horas de debate, duros cruces en el recinto, enfrentamientos en las calles y un\u00a0proyecto aprobada &#8220;en general&#8221;, comenzaba otra semana intensa en Diputados, con final todav\u00eda abierto, en la que se definir\u00e1 el contenido de una ley que\u00a0<strong>ya perdi\u00f3 doscientos art\u00edculos<\/strong>.<\/p>\n\n\n\n<p>Aunque exist\u00edan algunas dudas entre diputados de los distintos bloques, en la Presidencia de Diputados, a cargo de&nbsp;<strong>Mart\u00edn Menem<\/strong>, aseguraba el lunes por la noche que, al estar en&nbsp;<strong>instancia de votaci\u00f3n<\/strong>, es necesario que&nbsp;<strong>haya qu\u00f3rum&nbsp;<\/strong>de arranque, es decir, que 129 diputados est\u00e9n sentados en sus bancas.<\/p>\n\n\n\n<p>Se estimaba que el debate recomience con \u201c<strong>cuestiones de privilegio<\/strong>\u201d que, considerando las protestas y detenciones de manifestantes y los choques entre los diputados, se lleven\u00a0<strong>algunas<\/strong>\u00a0<strong>horas<\/strong>\u00a0de debate.<\/p>\n\n\n\n<p>El viernes pasado, con 144 votos a favor,\u00a0<strong>Diputados aprob\u00f3 el proyecto que hab\u00eda enviado el Ejecutivo al Congreso,<\/strong> menos el &#8220;capitulo fiscal&#8221; que inclu\u00eda, entre otras cosas, una suba de retenciones y la eliminaci\u00f3n de la f\u00f3rmula de movilidad jubilatoria.<\/p>\n","protected":false},"excerpt":{"rendered":"<p>El rechazo de Javier Milei a los reclamos que encabezan Mart\u00edn Llaryora y Maximiliano Pullaro vuelve a tensar la relaci\u00f3n entre el Ejecutivo nacional y las provincias. La reacci\u00f3n de&hellip; <\/p>\n","protected":false},"author":8,"featured_media":123622,"comment_status":"closed","ping_status":"open","sticky":false,"template":"","format":"standard","meta":{"footnotes":""},"categories":[3],"tags":[],"class_list":["post-123621","post","type-post","status-publish","format-standard","has-post-thumbnail","hentry","category-politica"],"_links":{"self":[{"href":"https:\/\/corrientesdetarde.com\/index.php\/wp-json\/wp\/v2\/posts\/123621","targetHints":{"allow":["GET"]}}],"collection":[{"href":"https:\/\/corrientesdetarde.com\/index.php\/wp-json\/wp\/v2\/posts"}],"about":[{"href":"https:\/\/corrientesdetarde.com\/index.php\/wp-json\/wp\/v2\/types\/post"}],"author":[{"embeddable":true,"href":"https:\/\/corrientesdetarde.com\/index.php\/wp-json\/wp\/v2\/users\/8"}],"replies":[{"embeddable":true,"href":"https:\/\/corrientesdetarde.com\/index.php\/wp-json\/wp\/v2\/comments?post=123621"}],"version-history":[{"count":1,"href":"https:\/\/corrientesdetarde.com\/index.php\/wp-json\/wp\/v2\/posts\/123621\/revisions"}],"predecessor-version":[{"id":123623,"href":"https:\/\/corrientesdetarde.com\/index.php\/wp-json\/wp\/v2\/posts\/123621\/revisions\/123623"}],"wp:featuredmedia":[{"embeddable":true,"href":"https:\/\/corrientesdetarde.com\/index.php\/wp-json\/wp\/v2\/media\/123622"}],"wp:attachment":[{"href":"https:\/\/corrientesdetarde.com\/index.php\/wp-json\/wp\/v2\/media?parent=123621"}],"wp:term":[{"taxonomy":"category","embeddable":true,"href":"https:\/\/corrientesdetarde.com\/index.php\/wp-json\/wp\/v2\/categories?post=123621"},{"taxonomy":"post_tag","embeddable":true,"href":"https:\/\/corrientesdetarde.com\/index.php\/wp-json\/wp\/v2\/tags?post=123621"}],"curies":[{"name":"wp","href":"https:\/\/api.w.org\/{rel}","templated":true}]}}