{"id":123624,"date":"2024-02-06T13:56:25","date_gmt":"2024-02-06T16:56:25","guid":{"rendered":"https:\/\/corrientesdetarde.com\/?p=123624"},"modified":"2024-02-06T13:56:37","modified_gmt":"2024-02-06T16:56:37","slug":"la-conmebol-confirmo-la-fecha-del-sorteo-de-la-copa-libertadores-2024","status":"publish","type":"post","link":"https:\/\/corrientesdetarde.com\/index.php\/deportes\/la-conmebol-confirmo-la-fecha-del-sorteo-de-la-copa-libertadores-2024\/","title":{"rendered":"La Conmebol confirm\u00f3 la fecha del sorteo de la Copa Libertadores 2024"},"content":{"rendered":"\n<p>La casa madre del f\u00fatbol sudamericano cont\u00f3 cu\u00e1ndo quedar\u00e1n definidos los grupos del certamen m\u00e1s importante del continente.<\/p>\n\n\n\n<p>La Copa Libertadores 2024\u00a0\u00a0ya se siente y los equipos clasificados empiezan a ilusionarse con el certamen m\u00e1s importante del continente. En ese sentido la\u00a0Conmebol confirm\u00f3 la tan esperada fecha del sorteo:\u00a0<strong>ser\u00e1 el 18 de marzo en Luque, Paraguay y quedar\u00e1n definidos todos los grupos y rivales<\/strong>.<\/p>\n\n\n\n<p><strong>\u201c\u00bfEst\u00e1n listos? El lunes 18 de marzo ser\u00e1 el sorteo de la Fase de Grupos de la CONMEBOL\u201d<\/strong>, public\u00f3 la casa madre del f\u00fatbol sudamericano en sus redes sociales.<\/p>\n\n\n\n<p><\/p>\n\n\n\n<figure class=\"wp-block-image\"><img decoding=\"async\" src=\"https:\/\/tn.com.ar\/resizer\/Ezb7IRKuKTfjVB8JSuPJwyjp5F8=\/767x0\/smart\/filters:format(webp)\/cloudfront-us-east-1.images.arcpublishing.com\/artear\/JSWMUT6IB5E5VGGHL6P4VXDOBI.jfif\" alt=\"El sorteo de la Copa Libertadores 2024 ya tiene fecha (Foto: Conmebol).\"\/><\/figure>\n\n\n\n<h2 class=\"wp-block-heading\">Qu\u00e9 equipos argentinos jugar\u00e1n la Copa Libertadores 2024<\/h2>\n\n\n\n<p>Los equipos argentinos clasificados son los siguientes:&nbsp;<strong>River<\/strong>, campe\u00f3n de la Liga Profesional de F\u00fatbol (torneo de la primera mitad del a\u00f1o);&nbsp;<strong>Estudiantes<\/strong>, campe\u00f3n de la Copa Argentina;&nbsp;<strong>Rosario Central<\/strong>, campe\u00f3n de la Copa de la Liga (competici\u00f3n del segundo semestre).<\/p>\n\n\n\n<p>Tambi\u00e9n disputar\u00e1n el m\u00e1s importante torneo de clubes continental&nbsp;<strong>Talleres<\/strong>&nbsp;y<strong>&nbsp;San Lorenzo<\/strong>, por su posici\u00f3n en la Tabla Anual, y&nbsp;<strong>Godoy Cruz<\/strong>, tras el t\u00edtulo de Rosario Central en la Copa de la Liga.<\/p>\n\n\n\n<p>Por su parte Boca, que no logr\u00f3 clasificarse a pesar de haber llegado a la \u00faltima final, disputar\u00e1 la Copa Sudamericana junto a<strong>&nbsp;Racing Club, Defensa y Justicia, Lan\u00fas, Belgrano y Argentinos Juniors<\/strong>.<\/p>\n","protected":false},"excerpt":{"rendered":"<p>La casa madre del f\u00fatbol sudamericano cont\u00f3 cu\u00e1ndo quedar\u00e1n definidos los grupos del certamen m\u00e1s importante del continente. La Copa Libertadores 2024\u00a0\u00a0ya se siente y los equipos clasificados empiezan a&hellip; <\/p>\n","protected":false},"author":8,"featured_media":123625,"comment_status":"closed","ping_status":"open","sticky":false,"template":"","format":"standard","meta":{"footnotes":""},"categories":[4],"tags":[],"class_list":["post-123624","post","type-post","status-publish","format-standard","has-post-thumbnail","hentry","category-deportes"],"_links":{"self":[{"href":"https:\/\/corrientesdetarde.com\/index.php\/wp-json\/wp\/v2\/posts\/123624","targetHints":{"allow":["GET"]}}],"collection":[{"href":"https:\/\/corrientesdetarde.com\/index.php\/wp-json\/wp\/v2\/posts"}],"about":[{"href":"https:\/\/corrientesdetarde.com\/index.php\/wp-json\/wp\/v2\/types\/post"}],"author":[{"embeddable":true,"href":"https:\/\/corrientesdetarde.com\/index.php\/wp-json\/wp\/v2\/users\/8"}],"replies":[{"embeddable":true,"href":"https:\/\/corrientesdetarde.com\/index.php\/wp-json\/wp\/v2\/comments?post=123624"}],"version-history":[{"count":1,"href":"https:\/\/corrientesdetarde.com\/index.php\/wp-json\/wp\/v2\/posts\/123624\/revisions"}],"predecessor-version":[{"id":123626,"href":"https:\/\/corrientesdetarde.com\/index.php\/wp-json\/wp\/v2\/posts\/123624\/revisions\/123626"}],"wp:featuredmedia":[{"embeddable":true,"href":"https:\/\/corrientesdetarde.com\/index.php\/wp-json\/wp\/v2\/media\/123625"}],"wp:attachment":[{"href":"https:\/\/corrientesdetarde.com\/index.php\/wp-json\/wp\/v2\/media?parent=123624"}],"wp:term":[{"taxonomy":"category","embeddable":true,"href":"https:\/\/corrientesdetarde.com\/index.php\/wp-json\/wp\/v2\/categories?post=123624"},{"taxonomy":"post_tag","embeddable":true,"href":"https:\/\/corrientesdetarde.com\/index.php\/wp-json\/wp\/v2\/tags?post=123624"}],"curies":[{"name":"wp","href":"https:\/\/api.w.org\/{rel}","templated":true}]}}