{"id":123627,"date":"2024-02-06T14:03:19","date_gmt":"2024-02-06T17:03:19","guid":{"rendered":"https:\/\/corrientesdetarde.com\/?p=123627"},"modified":"2024-02-06T14:03:25","modified_gmt":"2024-02-06T17:03:25","slug":"ley-omnibus-el-ministro-francos-y-martin-menem-negociaron-con-los-bloques-aliados-para-destrabar-articulos","status":"publish","type":"post","link":"https:\/\/corrientesdetarde.com\/index.php\/nacionales\/ley-omnibus-el-ministro-francos-y-martin-menem-negociaron-con-los-bloques-aliados-para-destrabar-articulos\/","title":{"rendered":"Ley \u00d3mnibus: el ministro Francos y Mart\u00edn Menem negociaron con los bloques aliados para destrabar art\u00edculos"},"content":{"rendered":"\n<p>El ministro del Interior se instal\u00f3 en la presidencia de la C\u00e1mara de Diputados. Mantuvo reuniones con Miguel \u00c1ngel Pichetto (Hacemos Cambio Federal), Cristian Ritondo (PRO) y Rodrigo de Loredo (UCR).<a href=\"https:\/\/tn.com.ar\/autor\/Ffraquelli\/\"><\/a><\/p>\n\n\n\n<p>El ministro del Interior,\u00a0Guillermo Francos,\u00a0lleg\u00f3 al Congreso pasadas las 11:00 y se instal\u00f3 en el despacho de la presidencia de la C\u00e1mara de Diputados para coordinar junto a\u00a0Mart\u00edn Menem\u00a0las negociaciones con los jefes de los bloques aliados\u00a0<strong>Miguel \u00c1ngel Pichetto<\/strong>\u00a0(Hacemos Cambio Federal),\u00a0<strong>Cristian Ritondo<\/strong>\u00a0(PRO) y\u00a0<strong>Rodrigo de Loredo<\/strong>\u00a0(UCR), por la\u00a0Ley \u00d3mnibus.<\/p>\n\n\n\n<p>Los presidentes de bloques dialoguistas ya pasaron por esa oficina y plantearon\u00a0<strong>nuevas modificaciones\u00a0<\/strong>a la ley \u201cBases y puntos de partida para la Libertad de los argentinos\u201d que ya obtuvo la aprobaci\u00f3n en general el pasado viernes con 144 votos a favor y 109 en contra. Mart\u00edn Menem se mostr\u00f3\u00a0<strong>optimista\u00a0<\/strong>a poco para retomar el cuarto intermedio y sancionar el proyecto de ley en\u00a0<strong>particular.<\/strong><\/p>\n\n\n\n<p>El oficialismo y los bloques dialoguistas acercaron posiciones respecto a las facultades delegadas aunque persisten&nbsp;<strong>diferencias&nbsp;<\/strong>sobre las reformas administrativas del Estado.<strong>&nbsp;No hay acuerdo<\/strong>&nbsp;para eliminar la movilidad jubilatoria, que ya ten\u00eda el&nbsp;<strong>rechazo opositor,&nbsp;<\/strong>pero La Libertad Avanza intenta&nbsp;<strong>reflotar<\/strong>.<\/p>\n\n\n\n<p>Mientras que los gobernadores les insisten a sus diputados por la\u00a0<strong>coparticipaci\u00f3n\u00a0<\/strong>del impuesto<strong>\u00a0PAIS.<\/strong>\u00a0El ministro Francos lo\u00a0<strong>descart\u00f3\u00a0<\/strong>el fin de semana y hasta adelant\u00f3 un eventual\u00a0<strong>veto\u00a0<\/strong>del presidente, Javier Milei,\u00a0si el Congreso insiste con esa modificaci\u00f3n.<\/p>\n\n\n\n<figure class=\"wp-block-image\"><img decoding=\"async\" src=\"https:\/\/tn.com.ar\/resizer\/tmMV0BpqV9vgPpdiV7QzhlT4La4=\/767x0\/smart\/filters:format(webp)\/cloudfront-us-east-1.images.arcpublishing.com\/artear\/OJABVQTU2BGMTMMX2IOSEGJZXU.jpg\" alt=\"El ministro del Interior, Guillermo Francos, asisti\u00f3 a la sesi\u00f3n en Diputados por la Ley \u00d3mnibus (Foto: NA).\"\/><\/figure>\n\n\n\n<p>Francos destac\u00f3 en los \u00faltimos d\u00edas que \u201cla facultad de\u00a0<strong>veto\u00a0<\/strong>es presidencial\u201d y que Milei \u201cfue claro\u201d en que no coparticipar\u00eda el Impuesto PAIS, contra el reclamo de los gobernadores en compensaci\u00f3n por la baja en el Impuesto a las Ganancias. El trasfondo de los reclamos de los jefes provinciales pasa principalmente por la necesidad de encontrar v\u00edas que\u00a0mejoren sus ingresos\u00a0en momentos en el que Naci\u00f3n insiste con alcanzar el objetivo del equilibrio fiscal y asegura que las cuentas provinciales encabezan la lista de gastos a recortar.<\/p>\n\n\n\n<p>El ministro del Interior ratific\u00f3 la postura de Casa Rosada: \u201cEl Gobierno<strong>\u00a0no acepta coparticipar<\/strong>\u00a0el Impuesto PAIS, que es muy transitorio, ya que terminar\u00e1 cuando se termine el cepo cambiario\u201d, en declaraciones a<em>\u00a0radio Rivadavia.\u00a0<\/em>Se trata del tributo que se paga cuando se realizan compras de moneda extranjera\u00a0para<strong>\u00a0ahorro,<\/strong>\u00a0para pagar servicios en el exterior o para quienes utilicen la\u00a0<strong>tarjeta de cr\u00e9dito<\/strong>\u00a0o d\u00e9bito para cancelar consumos en divisa extranjera.<\/p>\n\n\n\n<p>Francos dijo que \u201cno se puede generar una carga para el Estado sobre un impuesto que tiene que&nbsp;<strong>desaparecer&nbsp;<\/strong>con la eliminaci\u00f3n del cepo\u201d, que caso contrario generar\u00eda \u201cuna obligaci\u00f3n de suplantar esos ingresos con otros impuestos\u201d e insisti\u00f3 en que el car\u00e1cter transitorio del Impuesto Pa\u00eds \u201chace que&nbsp;<strong>no sea factible coparticiparlo\u201d<\/strong><em><strong>.<\/strong><\/em><\/p>\n","protected":false},"excerpt":{"rendered":"<p>El ministro del Interior se instal\u00f3 en la presidencia de la C\u00e1mara de Diputados. Mantuvo reuniones con Miguel \u00c1ngel Pichetto (Hacemos Cambio Federal), Cristian Ritondo (PRO) y Rodrigo de Loredo&hellip; <\/p>\n","protected":false},"author":8,"featured_media":123628,"comment_status":"closed","ping_status":"open","sticky":false,"template":"","format":"standard","meta":{"footnotes":""},"categories":[10],"tags":[],"class_list":["post-123627","post","type-post","status-publish","format-standard","has-post-thumbnail","hentry","category-nacionales"],"_links":{"self":[{"href":"https:\/\/corrientesdetarde.com\/index.php\/wp-json\/wp\/v2\/posts\/123627","targetHints":{"allow":["GET"]}}],"collection":[{"href":"https:\/\/corrientesdetarde.com\/index.php\/wp-json\/wp\/v2\/posts"}],"about":[{"href":"https:\/\/corrientesdetarde.com\/index.php\/wp-json\/wp\/v2\/types\/post"}],"author":[{"embeddable":true,"href":"https:\/\/corrientesdetarde.com\/index.php\/wp-json\/wp\/v2\/users\/8"}],"replies":[{"embeddable":true,"href":"https:\/\/corrientesdetarde.com\/index.php\/wp-json\/wp\/v2\/comments?post=123627"}],"version-history":[{"count":1,"href":"https:\/\/corrientesdetarde.com\/index.php\/wp-json\/wp\/v2\/posts\/123627\/revisions"}],"predecessor-version":[{"id":123629,"href":"https:\/\/corrientesdetarde.com\/index.php\/wp-json\/wp\/v2\/posts\/123627\/revisions\/123629"}],"wp:featuredmedia":[{"embeddable":true,"href":"https:\/\/corrientesdetarde.com\/index.php\/wp-json\/wp\/v2\/media\/123628"}],"wp:attachment":[{"href":"https:\/\/corrientesdetarde.com\/index.php\/wp-json\/wp\/v2\/media?parent=123627"}],"wp:term":[{"taxonomy":"category","embeddable":true,"href":"https:\/\/corrientesdetarde.com\/index.php\/wp-json\/wp\/v2\/categories?post=123627"},{"taxonomy":"post_tag","embeddable":true,"href":"https:\/\/corrientesdetarde.com\/index.php\/wp-json\/wp\/v2\/tags?post=123627"}],"curies":[{"name":"wp","href":"https:\/\/api.w.org\/{rel}","templated":true}]}}