{"id":123630,"date":"2024-02-06T14:07:04","date_gmt":"2024-02-06T17:07:04","guid":{"rendered":"https:\/\/corrientesdetarde.com\/?p=123630"},"modified":"2024-02-06T14:07:11","modified_gmt":"2024-02-06T17:07:11","slug":"vestida-de-chanel-penelope-cruz-impone-la-boina-como-el-accesorio-del-invierno-2024","status":"publish","type":"post","link":"https:\/\/corrientesdetarde.com\/index.php\/tendencias\/vestida-de-chanel-penelope-cruz-impone-la-boina-como-el-accesorio-del-invierno-2024\/","title":{"rendered":"Vestida de Chanel, Pen\u00e9lope Cruz impone la boina como el accesorio del invierno 2024"},"content":{"rendered":"\n<p>Se luci\u00f3 en la red carpet del estreno de su nueva pel\u00edcula Ferrari en Madrid con un vestido tapado a cuadros. \u00bfEl detalle? La manicura rosa.<\/p>\n\n\n\n<p>Una vez m\u00e1s, Pen\u00e9lope Cruz deslumbr\u00f3 apenas pis\u00f3 la alfombra roja. No llevaba un vestido de alta costura con un escote extremo o transparencias. Sin embargo, la actriz espa\u00f1ola se encarg\u00f3 de imponer\u00a0<strong>un look que ser\u00e1 tendencia el pr\u00f3ximo invierno: el vestido tapado<\/strong>. \u00bfEl detalle? Lo combin\u00f3 con una boina rosa, a juego con sus u\u00f1as.<\/p>\n\n\n\n<figure class=\"wp-block-image\"><img decoding=\"async\" src=\"https:\/\/tn.com.ar\/resizer\/7snE-FzeNnR9b9GkT9vy14M7s1M=\/767x0\/smart\/filters:format(webp)\/cloudfront-us-east-1.images.arcpublishing.com\/artear\/FKOCMMWQOJDXFNZHIBVVCX7TVU.jpeg\" alt=\"Pen\u00e9lope Cruz con total look de Chanel en Madrid. (Foto: EFE)\"\/><\/figure>\n\n\n\n<h2 class=\"wp-block-heading\">Pen\u00e9lope Cruz en Chanel<\/h2>\n\n\n\n<p>Embajadora de la marca francesa Chanel,\u00a0<strong>Pen\u00e9lope Cru<\/strong>z sorprendi\u00f3 en la red carpet del pre estreno de su nueva pel\u00edcula\u00a0<em>Ferrari<\/em>\u00a0en Madrid. La mujer de Javier Bardem lleg\u00f3 con un total look de la marca francesa: vestido tapado en blanco y negro a cuadros con cuello y pu\u00f1os en rosa, sandalias negras con plataformas,\u00a0<strong>minicartera de cuero<\/strong>\u00a0y un accesorio que se llev\u00f3 todas las miradas:\u00a0<strong>una boina de color rosa<\/strong>, tambi\u00e9n de Chanel.<\/p>\n\n\n\n<figure class=\"wp-block-image\"><img decoding=\"async\" src=\"https:\/\/tn.com.ar\/resizer\/Wtq-_anK4ELMJ_L9uSaxqSnLta8=\/767x0\/smart\/filters:format(webp)\/cloudfront-us-east-1.images.arcpublishing.com\/artear\/FC6RW6AXZVDVTNHUPWPMZT253M.jpeg\" alt=\"Vestido tapado blanco y negro con detalles en rosa de Chanel. (Foto: EFE)\"\/><\/figure>\n\n\n\n<p>El dato que llam\u00f3 la atenci\u00f3n es que&nbsp;<strong>Pen\u00e9lope Cruz combin\u00f3 el color de sus u\u00f1as con el de la boina<\/strong>. De esta manera, decret\u00f3 cual ser\u00e1 el&nbsp;<strong>accesorio de cabeza<\/strong>&nbsp;(adem\u00e1s del color) que no puede faltar el pr\u00f3ximo invierno 2024.<\/p>\n\n\n\n<figure class=\"wp-block-image\"><img decoding=\"async\" src=\"https:\/\/tn.com.ar\/resizer\/MbK5Ef44KzhqU34Ti_GUqo9ZLqs=\/767x0\/smart\/filters:format(webp)\/cloudfront-us-east-1.images.arcpublishing.com\/artear\/EP6EJDKLE5EDPOYEFH7Q6I2CLY.jpeg\" alt=\"Pen\u00e9lope Cruz combin\u00f3 el color de la boina con las u\u00f1as. (Foto: EFE)\"\/><\/figure>\n\n\n\n<h2 class=\"wp-block-heading\">Pen\u00e9lope Cruz en Ferrari<\/h2>\n\n\n\n<p><strong>Pen\u00e9lope Cruz<\/strong>&nbsp;interpreta en su nueva pel\u00edcula a la esposa de Enzo Ferrari en el biopic&nbsp;<em>Ferrari<\/em>, del estadounidense Michael Mann, que narra la historia del empresario y creador de una de las escuder\u00edas m\u00e1s famosas de la F\u00f3rmula Uno y autom\u00f3viles de lujo. Por este papel est\u00e1 nominada al Oscar 2024.<\/p>\n\n\n\n<figure class=\"wp-block-image\"><img decoding=\"async\" src=\"https:\/\/tn.com.ar\/resizer\/1vtqq35V3cf3z_KgrDncPu4LK_I=\/767x0\/smart\/filters:format(webp)\/cloudfront-us-east-1.images.arcpublishing.com\/artear\/64D3DSHRTJHFLBRFBAHJJQIG5I.jpeg\" alt=\"Pen\u00e9lope Cruz impone la boina como accesorio fetiche del pr\u00f3ximo invierno. (Foto: EFE)\"\/><\/figure>\n\n\n\n<p>Cruz es&nbsp;<strong>Laura Garello, una mujer amargada desde la temprana muerte de su hijo Dino<\/strong>, a la que Mann muestra en uno de los momentos m\u00e1s dif\u00edciles de su vida, cuando descubre que su marido tiene otra familia, otra mujer, Lina Lardi (Shailenne Woodley) y, lo que es peor, otro hijo: un ni\u00f1o llamado Piero.<\/p>\n\n\n\n<p>\u201cLaura es una mujer que sufre cada minuto de cada d\u00eda porque nunca va a recuperar a su hijo, le ha pasado la desgracia m\u00e1s grande que le puede pasar a alguien y a la vez es lo que les une como pareja de por vida, porque nadie puede entender ese dolor que sienten esos padres\u201d, dijo Pen\u00e9lope Cruz en una entrevista a la agencia de noticias EFE.<\/p>\n\n\n\n<p>El mundo de la moda ya est\u00e1 esperando el look de \u201cP\u00e9\u201c para su llegada a la entrega de los Oscar el pr\u00f3ximo&nbsp;<strong>10 de marzo.<\/strong><\/p>\n\n\n\n<p><\/p>\n","protected":false},"excerpt":{"rendered":"<p>Se luci\u00f3 en la red carpet del estreno de su nueva pel\u00edcula Ferrari en Madrid con un vestido tapado a cuadros. \u00bfEl detalle? La manicura rosa. Una vez m\u00e1s, Pen\u00e9lope&hellip; <\/p>\n","protected":false},"author":8,"featured_media":123631,"comment_status":"closed","ping_status":"open","sticky":false,"template":"","format":"standard","meta":{"footnotes":""},"categories":[28],"tags":[],"class_list":["post-123630","post","type-post","status-publish","format-standard","has-post-thumbnail","hentry","category-tendencias"],"_links":{"self":[{"href":"https:\/\/corrientesdetarde.com\/index.php\/wp-json\/wp\/v2\/posts\/123630","targetHints":{"allow":["GET"]}}],"collection":[{"href":"https:\/\/corrientesdetarde.com\/index.php\/wp-json\/wp\/v2\/posts"}],"about":[{"href":"https:\/\/corrientesdetarde.com\/index.php\/wp-json\/wp\/v2\/types\/post"}],"author":[{"embeddable":true,"href":"https:\/\/corrientesdetarde.com\/index.php\/wp-json\/wp\/v2\/users\/8"}],"replies":[{"embeddable":true,"href":"https:\/\/corrientesdetarde.com\/index.php\/wp-json\/wp\/v2\/comments?post=123630"}],"version-history":[{"count":1,"href":"https:\/\/corrientesdetarde.com\/index.php\/wp-json\/wp\/v2\/posts\/123630\/revisions"}],"predecessor-version":[{"id":123632,"href":"https:\/\/corrientesdetarde.com\/index.php\/wp-json\/wp\/v2\/posts\/123630\/revisions\/123632"}],"wp:featuredmedia":[{"embeddable":true,"href":"https:\/\/corrientesdetarde.com\/index.php\/wp-json\/wp\/v2\/media\/123631"}],"wp:attachment":[{"href":"https:\/\/corrientesdetarde.com\/index.php\/wp-json\/wp\/v2\/media?parent=123630"}],"wp:term":[{"taxonomy":"category","embeddable":true,"href":"https:\/\/corrientesdetarde.com\/index.php\/wp-json\/wp\/v2\/categories?post=123630"},{"taxonomy":"post_tag","embeddable":true,"href":"https:\/\/corrientesdetarde.com\/index.php\/wp-json\/wp\/v2\/tags?post=123630"}],"curies":[{"name":"wp","href":"https:\/\/api.w.org\/{rel}","templated":true}]}}