{"id":123633,"date":"2024-02-06T14:30:40","date_gmt":"2024-02-06T17:30:40","guid":{"rendered":"https:\/\/corrientesdetarde.com\/?p=123633"},"modified":"2024-02-06T14:37:05","modified_gmt":"2024-02-06T17:37:05","slug":"corrientes-continua-promocionando-su-oferta-turistica-en-toda-la-provincia","status":"publish","type":"post","link":"https:\/\/corrientesdetarde.com\/index.php\/turismo\/corrientes-continua-promocionando-su-oferta-turistica-en-toda-la-provincia\/","title":{"rendered":"Corrientes contin\u00faa promocionando su oferta tur\u00edstica en toda la provincia"},"content":{"rendered":"\n<p>Bajo el lema &#8220;Corrientes, naturalmente m\u00e1gica&#8221;, el Ministerio de Turismo Provincial contin\u00faa desplegando esfuerzos para promocionar su oferta tur\u00edstica de cara al 2024, con el objetivo de consolidar a Corrientes como un destino de calidad durante todo el a\u00f1o. En esta ocasi\u00f3n, la &#8220;Capital de la Energ\u00eda&#8221; fue el foco de las acciones promocionales, en una colaboraci\u00f3n fruct\u00edfera entre la Provincia y el Municipio. Cabe destacar que esta iniciativa ya se llev\u00f3 a cabo con \u00e9xito en Santo Tom\u00e9 d\u00edas atr\u00e1s.<br>El ritmo vibrante del carnaval impregna el verano en casi toda la provincia, siendo un elemento distintivo de la temporada estival. El pasado s\u00e1bado, un grupo de t\u00e9cnicos y promotores de la entidad tur\u00edstica provincial se sumergi\u00f3 en la \u00faltima noche de los carnavales en la ciudad de Ituzaing\u00f3.<br>En este contexto festivo, Corrientes busca posicionarse como un destino tur\u00edstico de excelencia, especialmente de cara a la pr\u00f3xima Semana Santa y los fines de semana largos que se avecinan. La presencia activa en eventos culturales y festivos, como los carnavales de Ituzaing\u00f3, demuestra el compromiso continuo del gobierno provincial para atraer a visitantes y destacar los encantos naturales y culturales de la regi\u00f3n.<br>Con una amplia gama de actividades para disfrutar, desde eventos culturales y festivales hasta la belleza natural de la regi\u00f3n, Corrientes emerge como una opci\u00f3n atractiva para aquellos que buscan experiencias \u00fanicas durante sus escapadas tur\u00edsticas. La apuesta por la diversidad y la hospitalidad se refleja en cada rinc\u00f3n de la provincia, consolid\u00e1ndola como un destino que cautiva en todas las estaciones del a\u00f1o.<br>Con el impulso del lema &#8220;Corrientes, naturalmente m\u00e1gica&#8221;, la provincia se presenta como un lugar donde la magia de su entorno se fusiona con la calidez de su gente, creando memorias inolvidables para quienes eligen descubrir sus encantos.<\/p>\n\n\n\n<figure class=\"wp-block-image size-large\"><img loading=\"lazy\" decoding=\"async\" width=\"768\" height=\"1024\" src=\"https:\/\/corrientesdetarde.com\/wp-content\/uploads\/2024\/02\/image-67-768x1024.png\" alt=\"\" class=\"wp-image-123634\" srcset=\"https:\/\/corrientesdetarde.com\/wp-content\/uploads\/2024\/02\/image-67-768x1024.png 768w, https:\/\/corrientesdetarde.com\/wp-content\/uploads\/2024\/02\/image-67-225x300.png 225w, https:\/\/corrientesdetarde.com\/wp-content\/uploads\/2024\/02\/image-67-1152x1536.png 1152w, https:\/\/corrientesdetarde.com\/wp-content\/uploads\/2024\/02\/image-67.png 1200w\" sizes=\"auto, (max-width: 768px) 100vw, 768px\" \/><\/figure>\n\n\n\n<figure class=\"wp-block-image size-large\"><img loading=\"lazy\" decoding=\"async\" width=\"1024\" height=\"683\" src=\"https:\/\/corrientesdetarde.com\/wp-content\/uploads\/2024\/02\/image-68-1024x683.png\" alt=\"\" class=\"wp-image-123636\" srcset=\"https:\/\/corrientesdetarde.com\/wp-content\/uploads\/2024\/02\/image-68-1024x683.png 1024w, https:\/\/corrientesdetarde.com\/wp-content\/uploads\/2024\/02\/image-68-300x200.png 300w, https:\/\/corrientesdetarde.com\/wp-content\/uploads\/2024\/02\/image-68-768x512.png 768w, https:\/\/corrientesdetarde.com\/wp-content\/uploads\/2024\/02\/image-68-1536x1025.png 1536w, https:\/\/corrientesdetarde.com\/wp-content\/uploads\/2024\/02\/image-68.png 2048w\" sizes=\"auto, (max-width: 1024px) 100vw, 1024px\" \/><\/figure>\n\n\n\n<figure class=\"wp-block-image size-large\"><img loading=\"lazy\" decoding=\"async\" width=\"1024\" height=\"683\" src=\"https:\/\/corrientesdetarde.com\/wp-content\/uploads\/2024\/02\/image-69-1024x683.png\" alt=\"\" class=\"wp-image-123637\" srcset=\"https:\/\/corrientesdetarde.com\/wp-content\/uploads\/2024\/02\/image-69-1024x683.png 1024w, https:\/\/corrientesdetarde.com\/wp-content\/uploads\/2024\/02\/image-69-300x200.png 300w, https:\/\/corrientesdetarde.com\/wp-content\/uploads\/2024\/02\/image-69-768x512.png 768w, https:\/\/corrientesdetarde.com\/wp-content\/uploads\/2024\/02\/image-69-1536x1025.png 1536w, https:\/\/corrientesdetarde.com\/wp-content\/uploads\/2024\/02\/image-69.png 2048w\" sizes=\"auto, (max-width: 1024px) 100vw, 1024px\" \/><\/figure>\n","protected":false},"excerpt":{"rendered":"<p>Bajo el lema &#8220;Corrientes, naturalmente m\u00e1gica&#8221;, el Ministerio de Turismo Provincial contin\u00faa desplegando esfuerzos para promocionar su oferta tur\u00edstica de cara al 2024, con el objetivo de consolidar a Corrientes&hellip; <\/p>\n","protected":false},"author":8,"featured_media":123635,"comment_status":"closed","ping_status":"open","sticky":false,"template":"","format":"standard","meta":{"footnotes":""},"categories":[31],"tags":[],"class_list":["post-123633","post","type-post","status-publish","format-standard","has-post-thumbnail","hentry","category-turismo"],"_links":{"self":[{"href":"https:\/\/corrientesdetarde.com\/index.php\/wp-json\/wp\/v2\/posts\/123633","targetHints":{"allow":["GET"]}}],"collection":[{"href":"https:\/\/corrientesdetarde.com\/index.php\/wp-json\/wp\/v2\/posts"}],"about":[{"href":"https:\/\/corrientesdetarde.com\/index.php\/wp-json\/wp\/v2\/types\/post"}],"author":[{"embeddable":true,"href":"https:\/\/corrientesdetarde.com\/index.php\/wp-json\/wp\/v2\/users\/8"}],"replies":[{"embeddable":true,"href":"https:\/\/corrientesdetarde.com\/index.php\/wp-json\/wp\/v2\/comments?post=123633"}],"version-history":[{"count":2,"href":"https:\/\/corrientesdetarde.com\/index.php\/wp-json\/wp\/v2\/posts\/123633\/revisions"}],"predecessor-version":[{"id":123640,"href":"https:\/\/corrientesdetarde.com\/index.php\/wp-json\/wp\/v2\/posts\/123633\/revisions\/123640"}],"wp:featuredmedia":[{"embeddable":true,"href":"https:\/\/corrientesdetarde.com\/index.php\/wp-json\/wp\/v2\/media\/123635"}],"wp:attachment":[{"href":"https:\/\/corrientesdetarde.com\/index.php\/wp-json\/wp\/v2\/media?parent=123633"}],"wp:term":[{"taxonomy":"category","embeddable":true,"href":"https:\/\/corrientesdetarde.com\/index.php\/wp-json\/wp\/v2\/categories?post=123633"},{"taxonomy":"post_tag","embeddable":true,"href":"https:\/\/corrientesdetarde.com\/index.php\/wp-json\/wp\/v2\/tags?post=123633"}],"curies":[{"name":"wp","href":"https:\/\/api.w.org\/{rel}","templated":true}]}}