{"id":123641,"date":"2024-02-06T14:48:09","date_gmt":"2024-02-06T17:48:09","guid":{"rendered":"https:\/\/corrientesdetarde.com\/?p=123641"},"modified":"2024-02-06T14:48:20","modified_gmt":"2024-02-06T17:48:20","slug":"javier-milei-lloro-tras-rezar-en-el-muro-de-los-lamentos","status":"publish","type":"post","link":"https:\/\/corrientesdetarde.com\/index.php\/actualidad\/javier-milei-lloro-tras-rezar-en-el-muro-de-los-lamentos\/","title":{"rendered":"Javier Milei llor\u00f3 tras rezar en el Muro de los Lamentos"},"content":{"rendered":"\n<p>El mandatario argentino lleg\u00f3 esta ma\u00f1ana a Israel donde cumplir\u00e1 con una serie de compromisos. Rodeado de personas que se acercaron a saludarlo, se quebr\u00f3 en el lugar m\u00e1s sagrado del juda\u00edsmo.<\/p>\n\n\n\n<p>El presidente argentino visit\u00f3 el Muro de los Lamentos. (Foto: Shlomi Amsalem, Ministerio de Relaciones Exteriores, Estado de Israel)<\/p>\n\n\n\n<p>El presidente\u00a0Javier Milei lleg\u00f3 esta ma\u00f1ana a Israel para cumplir con una serie de compromisos y poco despu\u00e9s de arribar, su primera actividad del d\u00eda fue<strong>\u00a0a visitar el Muro de los lamentos en Jerusal\u00e9n <\/strong><strong>y all\u00ed se emocion\u00f3.<\/strong><\/p>\n\n\n\n<p>En el lugar m\u00e1s sagrado del juda\u00edsmo lo esperaba el Rabino Shmuel Rabinowitz. Muy conmovido, el mandatario rez\u00f3 junto al designado embajador en Israel, el rabino Axel Wahnish. Desde los alrededores un grupo de personas se acerc\u00f3 a saludarlo.\u00a0<strong>\u201cEstamos saliendo\u201d,\u00a0<\/strong>dijo en declaraciones .<\/p>\n\n\n\n<p>En las im\u00e1genes capturadas por las c\u00e1maras<strong>\u00a0<\/strong>se puede observar la llegada del jefe de Estado al hist\u00f3rico sitio. Enseguida se acerc\u00f3 al Muro y mientras apoyaba la cabeza comenz\u00f3 a\u00a0<strong>emocionarse<\/strong>. Tras ello no pudo contener las l\u00e1grimas y<strong>\u00a0se fundi\u00f3 en un abrazo con Wahnish.<\/strong><\/p>\n\n\n\n<p>El Presidente viaj\u00f3 en un vuelo de l\u00ednea, acompa\u00f1ado de su hermana y Secretaria General de la Presidencia, Karina Milei, de la canciller Diana Mondino y el designado embajador en Israel, el rabino Axel Wahnish. Cuando aterriz\u00f3 en Tel Aviv fue recibido por el Ministro de Asuntos Exteriores de Israel, Yisrael Katz.<\/p>\n\n\n\n<figure class=\"wp-block-image\"><img decoding=\"async\" src=\"https:\/\/tn.com.ar\/resizer\/sPKRe37yzYBwvvd76TDdTVUu-38=\/767x0\/smart\/filters:format(webp)\/thumbs.vodgc.net\/1-14-4Fswb61707233131624-1707233538.jpg\" alt=\"Video Placeholder\"\/><\/figure>\n\n\n\n<p>La agenda oficial incluye la firma del libro, un rezo y estudio en Minharot Hakotel y la encendida de velas en conmemoraci\u00f3n a los fallecidos en los ataques terroristas del 7 de octubre de 2023. Luego, el mandatario recorrer\u00e1 los T\u00faneles del Kotel.<\/p>\n\n\n\n<p>Durante el mediod\u00eda de este martes, Milei mantuvo una\u00a0<strong>reuni\u00f3n con el presidente de Israel, Isaac Herzog.<\/strong>\u00a0\u201cPara profundizar las relaciones bilaterales\u201d, explicaron desde el Gobierno.<\/p>\n\n\n\n<p>El&nbsp;<strong>mi\u00e9rcoles<\/strong>, el Jefe de Estado argentino mantendr\u00e1 una reuni\u00f3n con empresarios en Jerusal\u00e9n y luego se encontrar\u00e1 con el primer ministro,&nbsp;<strong>Benjam\u00edn Netanyahu<\/strong>. Tras ello se extender\u00e1 la reuni\u00f3n para la comitiva argentina.<\/p>\n\n\n\n<p>M\u00e1s tarde, Milei participar\u00e1 de una visita guiada al Museo del Holocausto (Yad Vashem), plantar\u00e1 un \u00e1rbol en el Bosque de las Naciones del Keren Kayemet LeIsrael y visitar\u00e1 la Ciudad Antigua de Jerusal\u00e9n.<\/p>\n\n\n\n<figure class=\"wp-block-image\"><img decoding=\"async\" src=\"https:\/\/tn.com.ar\/resizer\/xuheW3D3T1VSwEKzIx3Xu-nQ2DY=\/767x0\/smart\/filters:format(webp)\/cloudfront-us-east-1.images.arcpublishing.com\/artear\/W4TJLHK56EJ73H57XLOKESDQW4.jpg\" alt=\"La emoci\u00f3n de Milei en el muro de los Lamentos (Foto: REUTERS\/Ammar Awad)\"\/><\/figure>\n\n\n\n<p>El Presidente tambi\u00e9n mantendr\u00e1 reuniones con los empresarios, el mexicano Isaac Assa y el israel\u00ed Simon Falic, y con los rabinos Itzjak Yosef, David Lau y David Abujatzera. Mientras que la canciller mantendr\u00e1 encuentros con el Ministro de Asuntos Extranjeros de Israel, Yisrael Kat, y con los ministros de Ciencia y de Agricultura, Ofir Akunis y Avi Dichter.<\/p>\n\n\n\n<p>El&nbsp;<strong>jueves<\/strong>, la agenda del jefe de Estado incluye una ceremonia de bendici\u00f3n con el rabino Osher Vai, la visita al Kibutz Nir Oz y el encuentro con familiares de secuestrados por Hamas. La despedida de la delegaci\u00f3n se realizar\u00e1 en el Muro de los Lamentos (Kotel Hamaarav\u00ed-Muro Occidental).<\/p>\n","protected":false},"excerpt":{"rendered":"<p>El mandatario argentino lleg\u00f3 esta ma\u00f1ana a Israel donde cumplir\u00e1 con una serie de compromisos. Rodeado de personas que se acercaron a saludarlo, se quebr\u00f3 en el lugar m\u00e1s sagrado&hellip; <\/p>\n","protected":false},"author":8,"featured_media":123642,"comment_status":"closed","ping_status":"open","sticky":false,"template":"","format":"standard","meta":{"footnotes":""},"categories":[23],"tags":[],"class_list":["post-123641","post","type-post","status-publish","format-standard","has-post-thumbnail","hentry","category-actualidad"],"_links":{"self":[{"href":"https:\/\/corrientesdetarde.com\/index.php\/wp-json\/wp\/v2\/posts\/123641","targetHints":{"allow":["GET"]}}],"collection":[{"href":"https:\/\/corrientesdetarde.com\/index.php\/wp-json\/wp\/v2\/posts"}],"about":[{"href":"https:\/\/corrientesdetarde.com\/index.php\/wp-json\/wp\/v2\/types\/post"}],"author":[{"embeddable":true,"href":"https:\/\/corrientesdetarde.com\/index.php\/wp-json\/wp\/v2\/users\/8"}],"replies":[{"embeddable":true,"href":"https:\/\/corrientesdetarde.com\/index.php\/wp-json\/wp\/v2\/comments?post=123641"}],"version-history":[{"count":1,"href":"https:\/\/corrientesdetarde.com\/index.php\/wp-json\/wp\/v2\/posts\/123641\/revisions"}],"predecessor-version":[{"id":123643,"href":"https:\/\/corrientesdetarde.com\/index.php\/wp-json\/wp\/v2\/posts\/123641\/revisions\/123643"}],"wp:featuredmedia":[{"embeddable":true,"href":"https:\/\/corrientesdetarde.com\/index.php\/wp-json\/wp\/v2\/media\/123642"}],"wp:attachment":[{"href":"https:\/\/corrientesdetarde.com\/index.php\/wp-json\/wp\/v2\/media?parent=123641"}],"wp:term":[{"taxonomy":"category","embeddable":true,"href":"https:\/\/corrientesdetarde.com\/index.php\/wp-json\/wp\/v2\/categories?post=123641"},{"taxonomy":"post_tag","embeddable":true,"href":"https:\/\/corrientesdetarde.com\/index.php\/wp-json\/wp\/v2\/tags?post=123641"}],"curies":[{"name":"wp","href":"https:\/\/api.w.org\/{rel}","templated":true}]}}