{"id":123644,"date":"2024-02-06T14:54:34","date_gmt":"2024-02-06T17:54:34","guid":{"rendered":"https:\/\/corrientesdetarde.com\/?p=123644"},"modified":"2024-02-06T14:54:47","modified_gmt":"2024-02-06T17:54:47","slug":"se-cayo-la-web-de-sube-que-paso-y-cuando-vuelve-el-servicio","status":"publish","type":"post","link":"https:\/\/corrientesdetarde.com\/index.php\/sociales\/se-cayo-la-web-de-sube-que-paso-y-cuando-vuelve-el-servicio\/","title":{"rendered":"Se cay\u00f3 la web de SUBE: qu\u00e9 pas\u00f3 y cu\u00e1ndo vuelve el servicio"},"content":{"rendered":"\n<p>Usuarios de la plataforma reportaron que problemas para ingresar a la p\u00e1gina para registrar la tarjeta para viajar en transporte p\u00fablico.<\/p>\n\n\n\n<p><strong>La p\u00e1gina web de\u00a0<\/strong><em>SUBE <\/em><em>https:\/\/tarjetasube.sube.gob.ar\/<\/em>, necesaria para registrar la tarjeta para viajar en transporte p\u00fablico,\u00a0<strong>est\u00e1 ca\u00edda\u00a0<\/strong>y la secci\u00f3n para completar el formulario de inscripci\u00f3n muestra un aviso de<strong>\u00a0Sitio en mantenimiento.<\/strong><\/p>\n\n\n\n<p>Usuarios reportaron las fallas en redes sociales y se quejaron por\u00a0<strong>no poder registrar la SUBE a su nombre para pagar una tarifa m\u00e1s econ\u00f3mica<\/strong>, luego de los aumentos anunciados por el Gobierno.<\/p>\n\n\n\n<figure class=\"wp-block-image\"><img decoding=\"async\" src=\"https:\/\/tn.com.ar\/resizer\/6_6yeQ_7N_fdKeNbpXAkqiuNH0o=\/767x0\/smart\/filters:format(webp)\/cloudfront-us-east-1.images.arcpublishing.com\/artear\/X6O5MHPR5RH3LNJ74EFUBEBUKA.png\" alt=\"Se cay\u00f3 la web de SUBE: qu\u00e9 pas\u00f3 y cu\u00e1ndo vuelve. (Captura TN Tecno)\"\/><\/figure>\n\n\n\n<p>Seg\u00fan el aviso en la p\u00e1gina para completar el formulario del registro de la SUBE, se est\u00e1 trabajando para mejorar el servicio. Aunque no aclara cu\u00e1ndo volver\u00e1 a estar disponible la web, se sugiere a los usuarios intentar m\u00e1s tarde.<\/p>\n\n\n\n<figure class=\"wp-block-image\"><img decoding=\"async\" src=\"https:\/\/tn.com.ar\/resizer\/LNAZEK7juI2UU8FisndyDahUaig=\/767x0\/smart\/filters:format(webp)\/cloudfront-us-east-1.images.arcpublishing.com\/artear\/WO37WJJ52JFJ5IWL7HKIZKAQAE.png\" alt=\"Se cay\u00f3 la web de SUBE: qu\u00e9 pas\u00f3 y cu\u00e1ndo vuelve. (Captura TN Tecno)\"\/><\/figure>\n\n\n\n<p><\/p>\n","protected":false},"excerpt":{"rendered":"<p>Usuarios de la plataforma reportaron que problemas para ingresar a la p\u00e1gina para registrar la tarjeta para viajar en transporte p\u00fablico. La p\u00e1gina web de\u00a0SUBE https:\/\/tarjetasube.sube.gob.ar\/, necesaria para registrar la&hellip; <\/p>\n","protected":false},"author":8,"featured_media":123645,"comment_status":"closed","ping_status":"open","sticky":false,"template":"","format":"standard","meta":{"footnotes":""},"categories":[26,17],"tags":[],"class_list":["post-123644","post","type-post","status-publish","format-standard","has-post-thumbnail","hentry","category-destacados","category-sociales"],"_links":{"self":[{"href":"https:\/\/corrientesdetarde.com\/index.php\/wp-json\/wp\/v2\/posts\/123644","targetHints":{"allow":["GET"]}}],"collection":[{"href":"https:\/\/corrientesdetarde.com\/index.php\/wp-json\/wp\/v2\/posts"}],"about":[{"href":"https:\/\/corrientesdetarde.com\/index.php\/wp-json\/wp\/v2\/types\/post"}],"author":[{"embeddable":true,"href":"https:\/\/corrientesdetarde.com\/index.php\/wp-json\/wp\/v2\/users\/8"}],"replies":[{"embeddable":true,"href":"https:\/\/corrientesdetarde.com\/index.php\/wp-json\/wp\/v2\/comments?post=123644"}],"version-history":[{"count":1,"href":"https:\/\/corrientesdetarde.com\/index.php\/wp-json\/wp\/v2\/posts\/123644\/revisions"}],"predecessor-version":[{"id":123646,"href":"https:\/\/corrientesdetarde.com\/index.php\/wp-json\/wp\/v2\/posts\/123644\/revisions\/123646"}],"wp:featuredmedia":[{"embeddable":true,"href":"https:\/\/corrientesdetarde.com\/index.php\/wp-json\/wp\/v2\/media\/123645"}],"wp:attachment":[{"href":"https:\/\/corrientesdetarde.com\/index.php\/wp-json\/wp\/v2\/media?parent=123644"}],"wp:term":[{"taxonomy":"category","embeddable":true,"href":"https:\/\/corrientesdetarde.com\/index.php\/wp-json\/wp\/v2\/categories?post=123644"},{"taxonomy":"post_tag","embeddable":true,"href":"https:\/\/corrientesdetarde.com\/index.php\/wp-json\/wp\/v2\/tags?post=123644"}],"curies":[{"name":"wp","href":"https:\/\/api.w.org\/{rel}","templated":true}]}}