{"id":12377,"date":"2022-10-18T23:32:06","date_gmt":"2022-10-19T02:32:06","guid":{"rendered":"https:\/\/corrientesdetarde.com\/?p=12377"},"modified":"2022-10-18T23:32:10","modified_gmt":"2022-10-19T02:32:10","slug":"murio-en-corrientes-tras-derrapar-con-su-moto-en-una-localidad-del-interior","status":"publish","type":"post","link":"https:\/\/corrientesdetarde.com\/index.php\/sociales\/murio-en-corrientes-tras-derrapar-con-su-moto-en-una-localidad-del-interior\/","title":{"rendered":"Muri\u00f3 en Corrientes tras derrapar con su moto en una localidad del interior"},"content":{"rendered":"\n<p>Ayer, por calle San Luis de Ituzaing\u00f3, se registr\u00f3 un siniestro vial de consideraci\u00f3n: el conductor de una moto perdi\u00f3 el control del rodado y cay\u00f3 a la cinta asf\u00e1ltica.<\/p>\n\n\n\n<p>En las \u00faltimas horas, lamentablemente se produjo su deceso.<\/p>\n\n\n\n<p>Seg\u00fan las primeras diligencias realizadas, el siniestro se registr\u00f3 cerca de las 02:00 horas y tuvo como protagonista a una moto \u2013marca Motomel de 150cc, conducido por un joven de apellido Pelinski -21- quien ten\u00eda como acompa\u00f1ante a una mujer de apellido Ojeda -40-.<\/p>\n\n\n\n<p>Ambos fueron trasladados hasta el Hospital Escuela de nuestra ciudad, donde lamentablemente en el d\u00eda de hoy se produjo el deceso del conductor del rodado, en tanto que la mujer result\u00f3 con lesiones de menor consideraci\u00f3n.<\/p>\n\n\n\n<p>Al respecto, en la citada dependencia se llevan adelante las diligencias correspondientes del caso.<\/p>\n","protected":false},"excerpt":{"rendered":"<p>Ayer, por calle San Luis de Ituzaing\u00f3, se registr\u00f3 un siniestro vial de consideraci\u00f3n: el conductor de una moto perdi\u00f3 el control del rodado y cay\u00f3 a la cinta asf\u00e1ltica.&hellip; <\/p>\n","protected":false},"author":1,"featured_media":12385,"comment_status":"closed","ping_status":"open","sticky":false,"template":"","format":"standard","meta":{"footnotes":""},"categories":[17],"tags":[],"class_list":["post-12377","post","type-post","status-publish","format-standard","has-post-thumbnail","hentry","category-sociales"],"_links":{"self":[{"href":"https:\/\/corrientesdetarde.com\/index.php\/wp-json\/wp\/v2\/posts\/12377","targetHints":{"allow":["GET"]}}],"collection":[{"href":"https:\/\/corrientesdetarde.com\/index.php\/wp-json\/wp\/v2\/posts"}],"about":[{"href":"https:\/\/corrientesdetarde.com\/index.php\/wp-json\/wp\/v2\/types\/post"}],"author":[{"embeddable":true,"href":"https:\/\/corrientesdetarde.com\/index.php\/wp-json\/wp\/v2\/users\/1"}],"replies":[{"embeddable":true,"href":"https:\/\/corrientesdetarde.com\/index.php\/wp-json\/wp\/v2\/comments?post=12377"}],"version-history":[{"count":1,"href":"https:\/\/corrientesdetarde.com\/index.php\/wp-json\/wp\/v2\/posts\/12377\/revisions"}],"predecessor-version":[{"id":12401,"href":"https:\/\/corrientesdetarde.com\/index.php\/wp-json\/wp\/v2\/posts\/12377\/revisions\/12401"}],"wp:featuredmedia":[{"embeddable":true,"href":"https:\/\/corrientesdetarde.com\/index.php\/wp-json\/wp\/v2\/media\/12385"}],"wp:attachment":[{"href":"https:\/\/corrientesdetarde.com\/index.php\/wp-json\/wp\/v2\/media?parent=12377"}],"wp:term":[{"taxonomy":"category","embeddable":true,"href":"https:\/\/corrientesdetarde.com\/index.php\/wp-json\/wp\/v2\/categories?post=12377"},{"taxonomy":"post_tag","embeddable":true,"href":"https:\/\/corrientesdetarde.com\/index.php\/wp-json\/wp\/v2\/tags?post=12377"}],"curies":[{"name":"wp","href":"https:\/\/api.w.org\/{rel}","templated":true}]}}