{"id":123840,"date":"2024-02-07T10:06:57","date_gmt":"2024-02-07T13:06:57","guid":{"rendered":"https:\/\/corrientesdetarde.com\/?p=123840"},"modified":"2024-02-07T10:07:40","modified_gmt":"2024-02-07T13:07:40","slug":"uta-corrientes-ratifico-paro-del-transporte-en-todo-el-interior-del-pais","status":"publish","type":"post","link":"https:\/\/corrientesdetarde.com\/index.php\/actualidad\/uta-corrientes-ratifico-paro-del-transporte-en-todo-el-interior-del-pais\/","title":{"rendered":"UTA-Corrientes ratific\u00f3 paro del transporte en todo el interior del pa\u00eds"},"content":{"rendered":"\n<p>&#8220;La situaci\u00f3n es compleja y no hay respuestas. Es un problema grav\u00edsimo de vieja data y desde hace tiempo el tema parece no estar en la agenda de Naci\u00f3n&#8221;, dijo Jos\u00e9 Luis Sabao, referente de UTA-Corrientes. El dirigente sindical ratific\u00f3 que desde ma\u00f1ana no habr\u00e1 colectivos en todo el interior del pa\u00eds. &#8220;Creemos que al Gobierno Nacional no les interesa \u00e9ste conflicto&#8221;, sostuvo.<\/p>\n\n\n\n<p>&#8220;Seguimos sin tener respuestas de representantes del \u00e1rea. Se ratificaron los pedidos, pedimos los aumentos como debe ser. Necesitamos con urgencia que nos den los que est\u00e1n solicitando&#8221;, dijo Sabao sobre la situaci\u00f3n del sector al confirmar la medida de fuerza para este jueves. \u00a0<\/p>\n\n\n\n<p>&#8220;Va ser en todo el pa\u00eds. Corrientes tambi\u00e9n va quedar sin servicio lamentablemente&#8221;, agreg\u00f3.<\/p>\n\n\n\n<p>&#8220;Las partes que se tienen que hacer cargo deben hacerlo de forma urgente porque siempre se espera que lleguemos a un conflicto y hacernos culpables a los trabajadores&#8221;, asegur\u00f3. &nbsp;<\/p>\n","protected":false},"excerpt":{"rendered":"<p>&#8220;La situaci\u00f3n es compleja y no hay respuestas. Es un problema grav\u00edsimo de vieja data y desde hace tiempo el tema parece no estar en la agenda de Naci\u00f3n&#8221;, dijo&hellip; <\/p>\n","protected":false},"author":12,"featured_media":123841,"comment_status":"closed","ping_status":"open","sticky":false,"template":"","format":"standard","meta":{"footnotes":""},"categories":[23],"tags":[],"class_list":["post-123840","post","type-post","status-publish","format-standard","has-post-thumbnail","hentry","category-actualidad"],"_links":{"self":[{"href":"https:\/\/corrientesdetarde.com\/index.php\/wp-json\/wp\/v2\/posts\/123840","targetHints":{"allow":["GET"]}}],"collection":[{"href":"https:\/\/corrientesdetarde.com\/index.php\/wp-json\/wp\/v2\/posts"}],"about":[{"href":"https:\/\/corrientesdetarde.com\/index.php\/wp-json\/wp\/v2\/types\/post"}],"author":[{"embeddable":true,"href":"https:\/\/corrientesdetarde.com\/index.php\/wp-json\/wp\/v2\/users\/12"}],"replies":[{"embeddable":true,"href":"https:\/\/corrientesdetarde.com\/index.php\/wp-json\/wp\/v2\/comments?post=123840"}],"version-history":[{"count":2,"href":"https:\/\/corrientesdetarde.com\/index.php\/wp-json\/wp\/v2\/posts\/123840\/revisions"}],"predecessor-version":[{"id":123844,"href":"https:\/\/corrientesdetarde.com\/index.php\/wp-json\/wp\/v2\/posts\/123840\/revisions\/123844"}],"wp:featuredmedia":[{"embeddable":true,"href":"https:\/\/corrientesdetarde.com\/index.php\/wp-json\/wp\/v2\/media\/123841"}],"wp:attachment":[{"href":"https:\/\/corrientesdetarde.com\/index.php\/wp-json\/wp\/v2\/media?parent=123840"}],"wp:term":[{"taxonomy":"category","embeddable":true,"href":"https:\/\/corrientesdetarde.com\/index.php\/wp-json\/wp\/v2\/categories?post=123840"},{"taxonomy":"post_tag","embeddable":true,"href":"https:\/\/corrientesdetarde.com\/index.php\/wp-json\/wp\/v2\/tags?post=123840"}],"curies":[{"name":"wp","href":"https:\/\/api.w.org\/{rel}","templated":true}]}}