{"id":123845,"date":"2024-02-07T10:12:30","date_gmt":"2024-02-07T13:12:30","guid":{"rendered":"https:\/\/corrientesdetarde.com\/?p=123845"},"modified":"2024-02-07T10:13:34","modified_gmt":"2024-02-07T13:13:34","slug":"el-gobierno-convoco-al-consejo-del-salario-minimo-para-el-15-de-febrero","status":"publish","type":"post","link":"https:\/\/corrientesdetarde.com\/index.php\/destacados\/el-gobierno-convoco-al-consejo-del-salario-minimo-para-el-15-de-febrero\/","title":{"rendered":"El Gobierno convoc\u00f3 al Consejo del Salario M\u00ednimo para el 15 de febrero"},"content":{"rendered":"\n<p>El Gobierno convoc\u00f3 este mi\u00e9rcoles al Consejo del Salario M\u00ednimo, Vital y M\u00f3vil para el pr\u00f3ximo 15 de febrero, con el objetivo de definir un nuevo piso salarial junto con los montos m\u00ednimos y m\u00e1ximos de la prestaci\u00f3n por desempleo.<\/p>\n\n\n\n<p>Tras haber prometido una convocatoria para los primeros d\u00edas del a\u00f1o y luego para fines de enero, finalmente el Ministerio de Capital Humano public\u00f3 el llamado a los representantes de los gremios, empresarios y el propio Estado para la pr\u00f3xima semana, a trav\u00e9s de la Resoluci\u00f3n 27\/2024 del Bolet\u00edn Oficial.<\/p>\n\n\n\n<p>El texto oficial detall\u00f3 que se convoc\u00f3 a los integrantes del Consejo Nacional del Empleo, la Productividad y el Salario M\u00ednimo, Vital y M\u00f3vil a reunirse en sesi\u00f3n plenaria ordinaria el d\u00eda 15 de febrero de 2024, a las 15:00 horas en la sede de la Secretar\u00eda de Trabajo.<\/p>\n\n\n\n<p>Previamente, se reunir\u00e1 la Comisi\u00f3n del Salario M\u00ednimo, Vital y M\u00f3vil y Prestaciones por Desempleo, en la misma cartera dirigida por Omar Yasin a las 10:00 horas para avanzar en la determinaci\u00f3n del Salario M\u00ednimo y de los montos m\u00ednimos y m\u00e1ximos de la prestaci\u00f3n por desempleo.<\/p>\n\n\n\n<p>El \u00faltimo ajuste del Salario M\u00ednimo, realizado durante el final del mandato de Alberto Fern\u00e1ndez, se ejecut\u00f3 en diciembre y lo ubic\u00f3 en $156.000. En 2023, el SMVM tuvo un incremento del 151,8% frente a una inflaci\u00f3n que alcanz\u00f3 el 211,4%, por lo que qued\u00f3 lejos de hacerle frente a la incesante suba de precios.<\/p>\n\n\n\n<p>De esta manera, en medio de los altos niveles de inflaci\u00f3n y la p\u00e9rdida de poder adquisitivo, el Gobierno enfrentar\u00e1 su primer reuni\u00f3n para fijar el nuevo piso salarial y representar\u00e1 un desaf\u00edo importante para el di\u00e1logo con los gremios, con los que se ha ido tensando la relaci\u00f3n en los casi dos meses desde que asumi\u00f3 Javier Milei.<\/p>\n\n\n\n<p><strong>En qu\u00e9 incide la actualizaci\u00f3n del SMVM<\/strong><\/p>\n\n\n\n<p>El nuevo monto que se defina act\u00faa como par\u00e1metro no solo para la fijaci\u00f3n del sueldo m\u00ednimo, sino que tambi\u00e9n incide en el piso de los haberes jubilatorios, el valor del seguro por desempleo, y act\u00faa como variable ordenadora para el c\u00e1lculo de las Asignaciones y del impuesto a las Ganancias.<\/p>\n\n\n\n<p>Con respecto a dicho tributo, la exenci\u00f3n de Ganancias aplica para los trabajadores que ganan menos de 15 SMVM (hoy $2.340.000), por lo que el cambio en el valor del sueldo base impacta en la cantidad de asalariados que son excluidos del impuesto. En tanto que en lo que refiere a los programas sociales, la actualizaci\u00f3n del SMVM derivar\u00e1 en un incremento en los montos que perciben los beneficiarios.<\/p>\n","protected":false},"excerpt":{"rendered":"<p>El Gobierno convoc\u00f3 este mi\u00e9rcoles al Consejo del Salario M\u00ednimo, Vital y M\u00f3vil para el pr\u00f3ximo 15 de febrero, con el objetivo de definir un nuevo piso salarial junto con&hellip; <\/p>\n","protected":false},"author":12,"featured_media":123847,"comment_status":"closed","ping_status":"open","sticky":false,"template":"","format":"standard","meta":{"footnotes":""},"categories":[26],"tags":[],"class_list":["post-123845","post","type-post","status-publish","format-standard","has-post-thumbnail","hentry","category-destacados"],"_links":{"self":[{"href":"https:\/\/corrientesdetarde.com\/index.php\/wp-json\/wp\/v2\/posts\/123845","targetHints":{"allow":["GET"]}}],"collection":[{"href":"https:\/\/corrientesdetarde.com\/index.php\/wp-json\/wp\/v2\/posts"}],"about":[{"href":"https:\/\/corrientesdetarde.com\/index.php\/wp-json\/wp\/v2\/types\/post"}],"author":[{"embeddable":true,"href":"https:\/\/corrientesdetarde.com\/index.php\/wp-json\/wp\/v2\/users\/12"}],"replies":[{"embeddable":true,"href":"https:\/\/corrientesdetarde.com\/index.php\/wp-json\/wp\/v2\/comments?post=123845"}],"version-history":[{"count":1,"href":"https:\/\/corrientesdetarde.com\/index.php\/wp-json\/wp\/v2\/posts\/123845\/revisions"}],"predecessor-version":[{"id":123846,"href":"https:\/\/corrientesdetarde.com\/index.php\/wp-json\/wp\/v2\/posts\/123845\/revisions\/123846"}],"wp:featuredmedia":[{"embeddable":true,"href":"https:\/\/corrientesdetarde.com\/index.php\/wp-json\/wp\/v2\/media\/123847"}],"wp:attachment":[{"href":"https:\/\/corrientesdetarde.com\/index.php\/wp-json\/wp\/v2\/media?parent=123845"}],"wp:term":[{"taxonomy":"category","embeddable":true,"href":"https:\/\/corrientesdetarde.com\/index.php\/wp-json\/wp\/v2\/categories?post=123845"},{"taxonomy":"post_tag","embeddable":true,"href":"https:\/\/corrientesdetarde.com\/index.php\/wp-json\/wp\/v2\/tags?post=123845"}],"curies":[{"name":"wp","href":"https:\/\/api.w.org\/{rel}","templated":true}]}}