{"id":123849,"date":"2024-02-07T11:07:30","date_gmt":"2024-02-07T14:07:30","guid":{"rendered":"https:\/\/corrientesdetarde.com\/?p=123849"},"modified":"2024-02-09T11:02:50","modified_gmt":"2024-02-09T14:02:50","slug":"cuales-seran-los-feriados-del-2024","status":"publish","type":"post","link":"https:\/\/corrientesdetarde.com\/index.php\/informacion-general\/cuales-seran-los-feriados-del-2024\/","title":{"rendered":"\u00bfCu\u00e1les ser\u00e1n los feriados del 2024?"},"content":{"rendered":"\n<p>De acuerdo con el calendario oficial de\u00a0feriados 2024\u00a0del Ministerio del Interior, el Gobierno fij\u00f3 que entre el 1 de enero y el 31 de diciembre de este a\u00f1o, habr\u00e1 12 feriados inamovibles, 4 trasladables y 3 con fines tur\u00edsticos.<\/p>\n\n\n\n<h2 class=\"wp-block-heading\">\u00bfCu\u00e1ndo es el fin de semana largo de Carnaval?<\/h2>\n\n\n\n<p>El fin de semana largo de Carnaval 2024 consta de los feriados del&nbsp;<strong>lunes 12 y 13 de febrero, que se agregan al s\u00e1bado 10 y al domingo 11 previos<\/strong>, por lo que se genera un fin de semana XL de cuatro d\u00edas.<\/p>\n\n\n\n<p><br> El calendario oficial indica que el\u00a0<strong>jueves 28 de marzo\u00a0<\/strong>se decret\u00f3 jornada\u00a0<strong>no laborable<\/strong>, mientras que el viernes<strong>\u00a029 de marzo<\/strong>\u00a0es\u00a0<strong>feriado inamovible<\/strong>\u00a0por la festividad cristiana de\u00a0<strong>Semana Santa.<\/strong><\/p>\n\n\n\n<p>En tanto el\u00a0<strong>finde semana XXXL de seis d\u00edas<\/strong> queda conformado de la siguiente manera:<\/p>\n\n\n\n<ul class=\"wp-block-list\"><li>28 de marzo: Jueves Santo (no laborable).<\/li><li>29 de marzo: Viernes Santo (feriado).<\/li><li>30 de marzo: S\u00e1bado Santo.<\/li><li>31 de marzo: Domingo de Pascua o de Resurrecci\u00f3n.<\/li><li>1 de abril: feriado puente con fines tur\u00edsticos.<\/li><li>2 de abril: D\u00eda del Veterano y de los Ca\u00eddos en la Guerra de Malvinas (feriado).<\/li><\/ul>\n\n\n\n<h2 class=\"wp-block-heading\">Todos los fines de semana largos de 2024<\/h2>\n\n\n\n<ul class=\"wp-block-list\"><li>Del s\u00e1bado 30 de diciembre de 2023 al lunes 1 de enero de 2024: 3 d\u00edas<\/li><li>Febrero: del s\u00e1bado 10 al martes 13: 4 d\u00edas<\/li><li>Del jueves 28 de marzo al martes 2 de abril: 6 d\u00edas<\/li><li>Junio: del s\u00e1bado 15 al lunes 17: 3 d\u00edas<\/li><li>Junio: desde el jueves 20 de junio al domingo 23 de junio: 4 d\u00edas<\/li><li>Octubre: del viernes 11 de octubre al lunes 14 de octubre: 4 d\u00edas<\/li><li>Noviembre: del s\u00e1bado 16 al lunes 18: 3 d\u00edas<\/li><\/ul>\n\n\n\n<p><\/p>\n\n\n\n<p><\/p>\n\n\n\n<p><br>1 de enero de 2024: A\u00f1o Nuevo<\/p>\n\n\n\n<p>12 y 13 febrero: ser\u00e1n feriados inamovibles por Carnavales (fin de semana XXL)&nbsp;<\/p>\n\n\n\n<p>24 de marzo: D\u00eda Nacional de la Memoria por la Verdad y la Justicia&nbsp;<\/p>\n\n\n\n<p>28 de marzo: Jueves Santo (d\u00eda no laborable)&nbsp;<\/p>\n\n\n\n<p>29 de marzo: Viernes Santo (Fin de semana XL)&nbsp;<\/p>\n\n\n\n<p>1 de abril: lunes feriado puente (Fin de semana XXL)&nbsp;<\/p>\n\n\n\n<p>2 de abril: D\u00eda del Veterano y de los Ca\u00eddos en la Guerra de Malvinas&nbsp;<\/p>\n\n\n\n<p>1 de mayo: D\u00eda del Trabajador&nbsp;<\/p>\n\n\n\n<p>25 de mayo: D\u00eda de la Revoluci\u00f3n de Mayo&nbsp;<\/p>\n\n\n\n<p>17 de junio: Paso a la Inmortalidad del General Don Mart\u00edn Miguel de G\u00fcemes (Fin de semana XL)&nbsp;<\/p>\n\n\n\n<p>20 de junio: D\u00eda de la Bandera&nbsp;<\/p>\n\n\n\n<p>9 de julio: D\u00eda de la Independencia&nbsp;<\/p>\n\n\n\n<p>17 de agosto: Paso a la Inmortalidad del General Jos\u00e9 de San Mart\u00edn&nbsp;<br>&nbsp;<br>12 de octubre: D\u00eda del Respeto a la Diversidad Cultural&nbsp;<\/p>\n\n\n\n<p>20 de noviembre: D\u00eda de la Soberan\u00eda Nacional&nbsp;<\/p>\n\n\n\n<p>8 de diciembre: D\u00eda de la Virgen&nbsp;<\/p>\n\n\n\n<p>25 de diciembre: Navidad<\/p>\n","protected":false},"excerpt":{"rendered":"<p>De acuerdo con el calendario oficial de\u00a0feriados 2024\u00a0del Ministerio del Interior, el Gobierno fij\u00f3 que entre el 1 de enero y el 31 de diciembre de este a\u00f1o, habr\u00e1 12&hellip; <\/p>\n","protected":false},"author":12,"featured_media":123859,"comment_status":"closed","ping_status":"open","sticky":false,"template":"","format":"standard","meta":{"footnotes":""},"categories":[1],"tags":[],"class_list":["post-123849","post","type-post","status-publish","format-standard","has-post-thumbnail","hentry","category-informacion-general"],"_links":{"self":[{"href":"https:\/\/corrientesdetarde.com\/index.php\/wp-json\/wp\/v2\/posts\/123849","targetHints":{"allow":["GET"]}}],"collection":[{"href":"https:\/\/corrientesdetarde.com\/index.php\/wp-json\/wp\/v2\/posts"}],"about":[{"href":"https:\/\/corrientesdetarde.com\/index.php\/wp-json\/wp\/v2\/types\/post"}],"author":[{"embeddable":true,"href":"https:\/\/corrientesdetarde.com\/index.php\/wp-json\/wp\/v2\/users\/12"}],"replies":[{"embeddable":true,"href":"https:\/\/corrientesdetarde.com\/index.php\/wp-json\/wp\/v2\/comments?post=123849"}],"version-history":[{"count":2,"href":"https:\/\/corrientesdetarde.com\/index.php\/wp-json\/wp\/v2\/posts\/123849\/revisions"}],"predecessor-version":[{"id":124402,"href":"https:\/\/corrientesdetarde.com\/index.php\/wp-json\/wp\/v2\/posts\/123849\/revisions\/124402"}],"wp:featuredmedia":[{"embeddable":true,"href":"https:\/\/corrientesdetarde.com\/index.php\/wp-json\/wp\/v2\/media\/123859"}],"wp:attachment":[{"href":"https:\/\/corrientesdetarde.com\/index.php\/wp-json\/wp\/v2\/media?parent=123849"}],"wp:term":[{"taxonomy":"category","embeddable":true,"href":"https:\/\/corrientesdetarde.com\/index.php\/wp-json\/wp\/v2\/categories?post=123849"},{"taxonomy":"post_tag","embeddable":true,"href":"https:\/\/corrientesdetarde.com\/index.php\/wp-json\/wp\/v2\/tags?post=123849"}],"curies":[{"name":"wp","href":"https:\/\/api.w.org\/{rel}","templated":true}]}}