{"id":123850,"date":"2024-02-07T11:11:56","date_gmt":"2024-02-07T14:11:56","guid":{"rendered":"https:\/\/corrientesdetarde.com\/?p=123850"},"modified":"2024-02-07T11:23:40","modified_gmt":"2024-02-07T14:23:40","slug":"la-autopsia-a-sebastian-pinera-confirmo-que-murio-ahogado-tras-la-caida-del-helicoptero","status":"publish","type":"post","link":"https:\/\/corrientesdetarde.com\/index.php\/internacionales\/la-autopsia-a-sebastian-pinera-confirmo-que-murio-ahogado-tras-la-caida-del-helicoptero\/","title":{"rendered":"La autopsia a Sebasti\u00e1n Pi\u00f1era confirm\u00f3 que muri\u00f3 ahogado tras la ca\u00edda del helic\u00f3ptero"},"content":{"rendered":"\n<p>El expresidente de Chile,\u00a0<strong>Sebasti\u00e1n Pi\u00f1era<\/strong>,\u00a0<strong>muri\u00f3 ahogado<\/strong>\u00a0cuando el helic\u00f3ptero que piloteaba cay\u00f3 al\u00a0<strong>Lago Ranco<\/strong>, en el sur de Chile, seg\u00fan confirm\u00f3 la autopsia que se le practic\u00f3.<\/p>\n\n\n\n<p>El diario\u00a0<em>La Tercera\u00a0<\/em>indic\u00f3 que los peritajes realizados al cuerpo del expresidente revelaron que \u201cmuri\u00f3 por\u00a0<strong>asfixia por sumersi\u00f3n<\/strong>\u201d.<\/p>\n\n\n\n<p>Seg\u00fan se dio a conocer ayer, el empresariode 74 a\u00f1os&nbsp;<strong>no logr\u00f3 sacarse el cintur\u00f3n a tiempo<\/strong>&nbsp;y el helic\u00f3ptero se hundi\u00f3 unos 25 metros muy cerca de la orilla del Lago Ranco. Su cuerpo fue recuperado por buzos de Bomberos.<\/p>\n\n\n\n<p>La fiscal Tatiana Esquivel coment\u00f3 que<strong>&nbsp;\u201clo que viene ahora<\/strong>\u201d son los peritajes relacionados con el helic\u00f3ptero que cay\u00f3 en el lago Ranco \u201cpara poder establecer la causa y origen tambi\u00e9n del accidente, obtener informaci\u00f3n complementaria y poder dar con la din\u00e1mica de los hechos\u201d.<\/p>\n\n\n\n<h2 class=\"wp-block-heading\">C\u00f3mo fue el accidente de helic\u00f3ptero en el que muri\u00f3 Sebasti\u00e1n Pi\u00f1era<\/h2>\n\n\n\n<p>El accidente ocurri\u00f3 poco despu\u00e9s de las 15, cuando Pi\u00f1era volv\u00eda de visitar a su amigo el empresario Jos\u00e9 Cox y se dirig\u00eda hacia su casa. En la aeronave&nbsp;<strong>iban otras tres personas<\/strong>&nbsp;que lograron&nbsp;<strong>nadar hasta la orilla del lago<\/strong>. Una de ellas fue su hermana&nbsp;<strong>Magdalena Pi\u00f1era<\/strong>, quien habl\u00f3 con el canal&nbsp;<em>Meganoticias.&nbsp;<\/em>En una breve declaraci\u00f3n sobrela muerte de su hermano, solo dijo que \u201c<strong>fue un gran hombre, un hombre muy generoso y muy valiente<\/strong>\u201d.<\/p>\n\n\n\n<p>Tambi\u00e9n viajaban con ellos su amigo el empresario\u00a0Miguel Ignacio Guerrero\u00a0y el hijo de este, Bautista.<\/p>\n\n\n\n<figure class=\"wp-block-image\"><img decoding=\"async\" src=\"https:\/\/tn.com.ar\/resizer\/cKkrtV7SZ5yGw7Yka1-Wf0h0Gos=\/767x0\/smart\/filters:format(webp)\/thumbs.vodgc.net\/36812E9C0BD00EAFF92EB9685FA945D8350-1707259259.jpg\" alt=\"Video Placeholder\"\/><\/figure>\n\n\n\n<p>El momento en el que sacaron el cuerpo de Sebasti\u00e1n Pi\u00f1era del Lago Ranco. (Video: TN)<\/p>\n\n\n\n<h2 class=\"wp-block-heading\">Las \u00faltimas palabras de Pi\u00f1era antes de morir<\/h2>\n\n\n\n<p>Seg\u00fan dijo la exvocera de gobierno, Karla Rubilar, antes de estrellarse el exmandatario le pidi\u00f3 a los otros tripulantes que salten del helic\u00f3ptero. \u201c<strong>Salten ustedes primero, porque si yo salto con ustedes, el helic\u00f3ptero les va a caer encima\u201d,<\/strong>\u00a0habr\u00eda dicho Pi\u00f1era, seg\u00fan le habr\u00eda revelado su hermana Magdalena.<\/p>\n\n\n\n<p>El mandatario&nbsp;<strong>obtuvo su licencia de piloto de helic\u00f3ptero privado en 2004<\/strong>, por lo que contaba con una larga experiencia. Las autoridades investigan las causas del accidente. Seg\u00fan testigos, las condiciones clim\u00e1ticas no eran \u00f3ptimas en ese momento.<\/p>\n\n\n\n<figure class=\"wp-block-image\"><img decoding=\"async\" src=\"https:\/\/tn.com.ar\/resizer\/Ph1qqOk2iBO1-Za3Bm2_YrmejcY=\/767x0\/smart\/filters:format(webp)\/cloudfront-us-east-1.images.arcpublishing.com\/artear\/IHC46MFREZFMLGR7D3ZAGPHQB4.JPG\" alt=\"El accidente ocurri\u00f3 en el Lago Ranco, en la Regi\u00f3n de Los R\u00edos, en el sector Iliue (Foto: Gentileza La Tecera)\n\"\/><figcaption>El accidente ocurri\u00f3 en el Lago Ranco, en la Regi\u00f3n de Los R\u00edos, en el sector Iliue (Foto: Gentileza La Tecera)<\/figcaption><\/figure>\n\n\n\n<h2 class=\"wp-block-heading\">D\u00f3nde ser\u00e1 el funeral de Estado de Sebasti\u00e1n Pi\u00f1era<\/h2>\n\n\n\n<p>El presidente chileno<strong>&nbsp;Gabriel Boric<\/strong>&nbsp;decret\u00f3 tres d\u00edas de duelo nacional y dispuso la realizaci\u00f3n de un funeral de Estado.<\/p>\n\n\n\n<p>Tras la autopsia, los restos de Pi\u00f1era fueron retirados de la sede del Servicio M\u00e9dico Legal de Valdivia<strong>\u00a0por su esposa, Cecilia Morel, y sus cuatro hijos.<\/strong><\/p>\n\n\n\n<figure class=\"wp-block-image\"><img decoding=\"async\" src=\"https:\/\/tn.com.ar\/resizer\/_wpxyYTMt4JFFMKxxF8dG9a1cMA=\/767x0\/smart\/filters:format(webp)\/cloudfront-us-east-1.images.arcpublishing.com\/artear\/YRN3SYBE3ZGLRABEBL2NFQZKYE.png\" alt=\"Ciudadanos despiden al expresidente Sebsuit\u00e1n Pi\u00f1era en Valdivia. (Foto: gentileza La Tercera).\"\/><figcaption>Ciudadanos despiden al expresidente Sebsuit\u00e1n Pi\u00f1era en Valdivia. (Foto: gentileza La Tercera).<\/figcaption><\/figure>\n\n\n\n<p>El cuerpo del exmandatario ser\u00e1 luego trasladado a&nbsp;<strong>la sede del antiguo Congreso de la Naci\u00f3n,<\/strong>&nbsp;en Santiago, donde habr\u00e1 un velatorio masivo abierto al p\u00fablico hasta el viernes.<\/p>\n\n\n\n<p>Ese d\u00eda, el f\u00e9retro ser\u00e1 trasladado en un cortejo rumbo al&nbsp;<strong>Palacio de La Moneda<\/strong>, donde ser\u00e1 homenajeado por el presidente&nbsp;<strong>Gabriel Boric<\/strong>, para luego ser conducido hasta la&nbsp;<strong>Catedral de Santiago<\/strong>, frente a la Plaza de Armas, donde se oficiar\u00e1 una misa dirigida por el arzobispo de Santiago, Fernando Chomal\u00ed.<\/p>\n\n\n\n<p>Una vez concluya la ceremonia religiosa, los restos de Sebasti\u00e1n Pi\u00f1era ser\u00e1n llevados hasta el&nbsp;<strong>cementerio Parque del Recuerdo<\/strong>, en la comuna de Huechuraba, donde se llevar\u00e1 a cabo el funeral y ser\u00e1 sepultado.<\/p>\n","protected":false},"excerpt":{"rendered":"<p>El expresidente de Chile,\u00a0Sebasti\u00e1n Pi\u00f1era,\u00a0muri\u00f3 ahogado\u00a0cuando el helic\u00f3ptero que piloteaba cay\u00f3 al\u00a0Lago Ranco, en el sur de Chile, seg\u00fan confirm\u00f3 la autopsia que se le practic\u00f3. El diario\u00a0La Tercera\u00a0indic\u00f3 que&hellip; <\/p>\n","protected":false},"author":12,"featured_media":123871,"comment_status":"closed","ping_status":"open","sticky":false,"template":"","format":"standard","meta":{"footnotes":""},"categories":[11],"tags":[],"class_list":["post-123850","post","type-post","status-publish","format-standard","has-post-thumbnail","hentry","category-internacionales"],"_links":{"self":[{"href":"https:\/\/corrientesdetarde.com\/index.php\/wp-json\/wp\/v2\/posts\/123850","targetHints":{"allow":["GET"]}}],"collection":[{"href":"https:\/\/corrientesdetarde.com\/index.php\/wp-json\/wp\/v2\/posts"}],"about":[{"href":"https:\/\/corrientesdetarde.com\/index.php\/wp-json\/wp\/v2\/types\/post"}],"author":[{"embeddable":true,"href":"https:\/\/corrientesdetarde.com\/index.php\/wp-json\/wp\/v2\/users\/12"}],"replies":[{"embeddable":true,"href":"https:\/\/corrientesdetarde.com\/index.php\/wp-json\/wp\/v2\/comments?post=123850"}],"version-history":[{"count":3,"href":"https:\/\/corrientesdetarde.com\/index.php\/wp-json\/wp\/v2\/posts\/123850\/revisions"}],"predecessor-version":[{"id":123878,"href":"https:\/\/corrientesdetarde.com\/index.php\/wp-json\/wp\/v2\/posts\/123850\/revisions\/123878"}],"wp:featuredmedia":[{"embeddable":true,"href":"https:\/\/corrientesdetarde.com\/index.php\/wp-json\/wp\/v2\/media\/123871"}],"wp:attachment":[{"href":"https:\/\/corrientesdetarde.com\/index.php\/wp-json\/wp\/v2\/media?parent=123850"}],"wp:term":[{"taxonomy":"category","embeddable":true,"href":"https:\/\/corrientesdetarde.com\/index.php\/wp-json\/wp\/v2\/categories?post=123850"},{"taxonomy":"post_tag","embeddable":true,"href":"https:\/\/corrientesdetarde.com\/index.php\/wp-json\/wp\/v2\/tags?post=123850"}],"curies":[{"name":"wp","href":"https:\/\/api.w.org\/{rel}","templated":true}]}}