{"id":123851,"date":"2024-02-07T11:09:59","date_gmt":"2024-02-07T14:09:59","guid":{"rendered":"https:\/\/corrientesdetarde.com\/?p=123851"},"modified":"2024-02-07T11:23:58","modified_gmt":"2024-02-07T14:23:58","slug":"caputo-anticipo-que-la-inflacion-de-enero-estara-en-torno-al-20-y-que-se-desacelera-mas-en-febrero","status":"publish","type":"post","link":"https:\/\/corrientesdetarde.com\/index.php\/economia\/caputo-anticipo-que-la-inflacion-de-enero-estara-en-torno-al-20-y-que-se-desacelera-mas-en-febrero\/","title":{"rendered":"Caputo anticip\u00f3 que la inflaci\u00f3n de enero estar\u00e1 en torno al 20% y que se desaceler\u00e1 m\u00e1s en febrero"},"content":{"rendered":"\n<p>Tras el rev\u00e9s legislativo que sufri\u00f3 la Ley \u00d3mnibus, el ministro de Econom\u00eda,\u00a0<strong>Luis Caputo<\/strong>, habl\u00f3 este jueves y ratific\u00f3 que, a\u00fan sin aprobaci\u00f3n de la Ley de Bases,\u00a0<strong>el objetivo de d\u00e9ficit fiscal 0% no se negocia<\/strong>. \u201cNo afecta en lo m\u00e1s m\u00ednimo nuestro programa econ\u00f3mico, nuestro compromiso con las metas fiscales. De hecho, yo hab\u00eda retirado el paquete fiscal\u201d, asegur\u00f3.<\/p>\n\n\n\n<p>Y explic\u00f3: \u201cEn el armado de ese paquete,\u00a0<strong>la mayor parte del ajuste de las cuentas fiscales estaban por fuera de la ley,<\/strong>\u00a0el 75%, porque no seremos pol\u00edticos, pero tampoco somos tontos. Claramente, sabemos que estamos luchando contra un pu\u00f1ado de legisladores, la casta, que no quiere ning\u00fan cambio en la Argentina. Apenas un 20% o 25% de las medidas estaban en la Ley. Siempre exist\u00eda la posibilidad de que no pasara\u201d.<\/p>\n\n\n\n<p>\u201cSe actualiz\u00f3 el impuesto a los combustibles, que llevaba muchos meses congelados. Eso m\u00e1s o menos reemplaza a la parte de las retenciones [de la Ley]. Adem\u00e1s, hay un 0,2 de menor d\u00e9ficit, seg\u00fan las \u00faltimas cuentas. Con lo cual, estamos hablando de una diferencia versus lo que fue originalmente a la Ley que es un 0,7 o 0,8. \u00bfC\u00f3mo vamos a lidiar con eso?&nbsp;<strong>Profundizando el ajuste<\/strong>&nbsp;en las partidas ya conocidas\u201d, advirti\u00f3 Caputo en di\u00e1logo con&nbsp;<em>LN+<\/em>.<\/p>\n\n\n\n<p>El titular del Palacio de Hacienda anticip\u00f3 que los n\u00fameros que est\u00e1 presentando la econom\u00eda son mejores a lo que la mayor\u00eda de los analistas esperaba. \u201cEn&nbsp;<strong>enero<\/strong>, que financieramente es un mes m\u00e1s sensible porque est\u00e1 el pago de los intereses de la deuda,&nbsp;<strong>ya estamos en equilibrio financiero<\/strong>. Sin Ley. No somos improvisados ac\u00e1. Tambi\u00e9n por eso retir\u00e9 el paquete de la ley porque si estaba complicando la aprobaci\u00f3n y los n\u00fameros estaban viniendo mejor&#8230; Todo lo que hemos planificado est\u00e1 pasando mejor de lo que la mayor\u00eda de los analistas esperaba. Eso fue parte de la estrategia\u201d.<\/p>\n\n\n\n<p>\u201cEn aras de que pasara esa ley, retiramos lo econ\u00f3mico. De todas maneras, es reemplazable, y los n\u00fameros vienen mejor. Como digo, ya hoy, enero, sin ley, para los que dudaban,&nbsp;<strong>ya hemos ido a d\u00e9ficit cero<\/strong>\u201d, sostuvo.<\/p>\n\n\n\n<p>Con respecto a la escalada de precios, Caputo asegur\u00f3 que ya est\u00e1 bajando moder\u00e1ndose y comparti\u00f3 las cifras. \u201c\u00bfCuando habr\u00e1 un respiro? Cuando se logre controlar el tema inflaci\u00f3n y, posteriormente, volvamos a crecer. La inflaci\u00f3n ya est\u00e1 bajando.&nbsp;<strong>Diciembre vino en 25%; enero en 20%; y febrero, debajo de 20%<\/strong>\u201d.<\/p>\n\n\n\n<h2 class=\"wp-block-heading\">Qu\u00e9 pasar\u00e1 con los jubilados, seg\u00fan Luis Caputo<\/h2>\n\n\n\n<p>Dentro del debate para lograr la aprobaci\u00f3n de Ley \u00d3mnibus, el oficialismo sacrific\u00f3 su propuesta de cambio de f\u00f3rmula para la&nbsp;<strong>movilidad jubilatoria<\/strong>.<\/p>\n\n\n\n<p>\u201cLos jubilados han sufrido toda la administraci\u00f3n anterior, en la que sus haberes cayeron entre 10% y 40%. Desfavorecidos por una f\u00f3rmula que todos sabemos que no sirve.&nbsp;<strong>Estamos mucho m\u00e1s cerca con la oposici\u00f3n de lograr una f\u00f3rmula razonable y que sea favorable<\/strong>. El objetivo es protegerlos de la inflaci\u00f3n\u201d, anunci\u00f3.<\/p>\n\n\n\n<h2 class=\"wp-block-heading\">Caputo asegur\u00f3 que el d\u00f3lar mantendr\u00e1 su valor real<\/h2>\n\n\n\n<p>Muchos analistas alertan que&nbsp;<strong>el tipo de cambio oficial se atrasar\u00e1&nbsp;<\/strong>si contin\u00faa con el deslizamiento de apenas 2% mensual frente a n\u00fameros de inflaci\u00f3n como los que se registraron en los \u00faltimos meses. Consultado al respecto, Caputo dijo que sigue de cerca el tema, pero que no est\u00e1 de acuerdo con esos se\u00f1alamientos.<\/p>\n\n\n\n<p>\u201cLa realidad es que las cosas han ido acompa\u00f1ando mucho m\u00e1s en funci\u00f3n de lo que nosotros pens\u00e1bamos. Muchos economistas nos dec\u00edan que el 2% era poco versus una inflaci\u00f3n de 20% o 30%. Nosotros dec\u00edamos que para nosotros&nbsp;<strong>la inflaci\u00f3n no iba a llegar a esos niveles porque la gente no iba a convalidar los aumentos<\/strong>. Nosotros cuidamos los pesos y la gente cuida los precios\u201d, expres\u00f3.<\/p>\n\n\n\n<p>En ese sentido, comparti\u00f3 un&nbsp;<strong>ejercicio matem\u00e1tico que prev\u00e9 una inflaci\u00f3n de 14% en febrero y de 9% en marzo<\/strong>. \u201cCon esos n\u00fameros, el tipo de cambio estar\u00eda un 17% por arriba del d\u00f3lar de la salida del cepo de 2015\u2033, afirm\u00f3.<\/p>\n\n\n\n<p>Al mismo tiempo, sostuvo que es un&nbsp;<strong>error<\/strong>&nbsp;comparar el tipo de cambio real actual con el que hubo en alg\u00fan momento del gobierno anterior \u201cporque era una situaci\u00f3n de&nbsp;<strong>colapso<\/strong>\u201d. \u201cEstamos yendo al equilibrio fiscal, bajando la inflaci\u00f3n, no hay financiamiento del BCRA al Tesoro&#8230; Si esa es la situaci\u00f3n, ese no puede ser el tipo de cambio real\u201d, cerr\u00f3.<\/p>\n","protected":false},"excerpt":{"rendered":"<p>Tras el rev\u00e9s legislativo que sufri\u00f3 la Ley \u00d3mnibus, el ministro de Econom\u00eda,\u00a0Luis Caputo, habl\u00f3 este jueves y ratific\u00f3 que, a\u00fan sin aprobaci\u00f3n de la Ley de Bases,\u00a0el objetivo de&hellip; <\/p>\n","protected":false},"author":12,"featured_media":123865,"comment_status":"closed","ping_status":"open","sticky":false,"template":"","format":"standard","meta":{"footnotes":""},"categories":[20],"tags":[],"class_list":["post-123851","post","type-post","status-publish","format-standard","has-post-thumbnail","hentry","category-economia"],"_links":{"self":[{"href":"https:\/\/corrientesdetarde.com\/index.php\/wp-json\/wp\/v2\/posts\/123851","targetHints":{"allow":["GET"]}}],"collection":[{"href":"https:\/\/corrientesdetarde.com\/index.php\/wp-json\/wp\/v2\/posts"}],"about":[{"href":"https:\/\/corrientesdetarde.com\/index.php\/wp-json\/wp\/v2\/types\/post"}],"author":[{"embeddable":true,"href":"https:\/\/corrientesdetarde.com\/index.php\/wp-json\/wp\/v2\/users\/12"}],"replies":[{"embeddable":true,"href":"https:\/\/corrientesdetarde.com\/index.php\/wp-json\/wp\/v2\/comments?post=123851"}],"version-history":[{"count":2,"href":"https:\/\/corrientesdetarde.com\/index.php\/wp-json\/wp\/v2\/posts\/123851\/revisions"}],"predecessor-version":[{"id":123880,"href":"https:\/\/corrientesdetarde.com\/index.php\/wp-json\/wp\/v2\/posts\/123851\/revisions\/123880"}],"wp:featuredmedia":[{"embeddable":true,"href":"https:\/\/corrientesdetarde.com\/index.php\/wp-json\/wp\/v2\/media\/123865"}],"wp:attachment":[{"href":"https:\/\/corrientesdetarde.com\/index.php\/wp-json\/wp\/v2\/media?parent=123851"}],"wp:term":[{"taxonomy":"category","embeddable":true,"href":"https:\/\/corrientesdetarde.com\/index.php\/wp-json\/wp\/v2\/categories?post=123851"},{"taxonomy":"post_tag","embeddable":true,"href":"https:\/\/corrientesdetarde.com\/index.php\/wp-json\/wp\/v2\/tags?post=123851"}],"curies":[{"name":"wp","href":"https:\/\/api.w.org\/{rel}","templated":true}]}}