{"id":123875,"date":"2024-02-07T11:15:03","date_gmt":"2024-02-07T14:15:03","guid":{"rendered":"https:\/\/corrientesdetarde.com\/?p=123875"},"modified":"2024-02-07T11:23:45","modified_gmt":"2024-02-07T14:23:45","slug":"video-entraron-a-robar-a-un-chalet-lo-desvalijaron-y-hasta-se-sacaron-fotos-desde-el-jacuzzi","status":"publish","type":"post","link":"https:\/\/corrientesdetarde.com\/index.php\/policiales\/video-entraron-a-robar-a-un-chalet-lo-desvalijaron-y-hasta-se-sacaron-fotos-desde-el-jacuzzi\/","title":{"rendered":"Video: entraron a robar a un chalet, lo desvalijaron y hasta se sacaron fotos desde el jacuzzi"},"content":{"rendered":"\n<p>Los robos ocurrieron en una casa quinta de Villa Elisa. (Foto: X @Turcolibia)<\/p>\n\n\n\n<p>En un lapso de tres d\u00edas\u00a0<strong>una mujer sufri\u00f3 dos\u00a0violentos asaltos\u00a0cometidos por los mismos delincuentes<\/strong>\u00a0que le desvalijaron la casa y no conformes con eso tambi\u00e9n\u00a0<strong>se fotografiaron desde su jacuzzi y lo compartieron en sus redes sociales.<\/strong>\u00a0El hijo de la v\u00edctima denuncia que la Polic\u00eda identific\u00f3 a los ladrones, pero hasta el momento no fueron detenidos.<\/p>\n\n\n\n<p>Los asaltos ocurrieron en una casaquinta ubicada en la calle 15, entre 421 bis y 422, en la localidad de Villa Elisa, partido de\u00a0La Plata.\u00a0El pasado jueves fue el primero de los robos. Cerca de las 9:30 la mujer lleg\u00f3 a su casa y descubri\u00f3 que la heladera estaba abierta. Tambi\u00e9n vio que hab\u00eda una olla con comida en la cocina.<\/p>\n\n\n\n<p>Esto enseguida le llam\u00f3 la atenci\u00f3n debido a que ella hab\u00eda dejado todo ordenado. Fue entonces cuando se dirigi\u00f3 al galp\u00f3n y fue sorprendida por uno de los asaltantes que ten\u00eda la cara tapada con un pa\u00f1uelo. Poco despu\u00e9s apareci\u00f3 su c\u00f3mplice.<\/p>\n\n\n\n<p>La v\u00edctima intent\u00f3 escapar, pero uno de los ladrones la detuvo y le coloc\u00f3 una bolsa de arpillera en la cabeza. Enseguida la amenazaron para que les entregue dinero. La se\u00f1ora les dio los&nbsp;<strong>$50.000<\/strong>&nbsp;que ten\u00eda en la cartera y sumado a ello se llevaron un&nbsp;<strong>televisor y el celular.<\/strong><\/p>\n\n\n\n<figure class=\"wp-block-image\"><img decoding=\"async\" src=\"https:\/\/tn.com.ar\/resizer\/7D7q1MK0-ba6Gs0RYMBiOKx0xUw=\/767x0\/smart\/filters:format(webp)\/cloudfront-us-east-1.images.arcpublishing.com\/artear\/65EFY2LOIVBMLNLHB3WGK36D2Y.PNG\" alt=\"Los robos ocurrieron en Villa Elisa. (Foto: Google Street View)\"\/><figcaption>Los robos ocurrieron en Villa Elisa. (Foto: Google Street View)<\/figcaption><\/figure>\n\n\n\n<p>Antes de escapar, los delincuentes la ataron para asegurarse de que no pueda llamar a la Polic\u00eda. Sin embargo, sus gritos alertaron a los vecinos que r\u00e1pidamente llamaron al 911.<\/p>\n\n\n\n<p>Pero no termin\u00f3 todo all\u00ed.\u00a0<strong>Tres d\u00edas despu\u00e9s<\/strong>, el pasado domingo,<strong>\u00a0los mismos delincuentes volvieron a ingresar a la vivienda<\/strong>. \u201cSe llevaron todo lo poco que no se hab\u00edan llevado\u201d, cont\u00f3 Ezequiel Jahir Osl\u00e9, hijo de la v\u00edctima, a trav\u00e9s de su cuenta de X.<\/p>\n\n\n\n<p>\u201cHasta ayer pasaban como si nada por la puerta de su casa, le avisamos al comisario y nos inform\u00f3 que no los puede detener porque no le dan la orden de detenci\u00f3n. La Plata es un chiste a contramano\u201d, lament\u00f3 y detall\u00f3 que ya realizaron seis denuncias.<\/p>\n\n\n\n<p>Adem\u00e1s, se\u00f1al\u00f3 que los delincuentes viven a tan solo tres cuadras de la casa de su mam\u00e1 y que a pesar de que la Polic\u00eda los identific\u00f3<strong>&nbsp;no los detuvieron a\u00fan.<\/strong><\/p>\n\n\n\n<figure class=\"wp-block-image\"><img decoding=\"async\" src=\"https:\/\/tn.com.ar\/resizer\/Nb2FpbfxAPVsjOB485K-D6255wc=\/767x0\/smart\/filters:format(webp)\/cloudfront-us-east-1.images.arcpublishing.com\/artear\/RXTNN4I4LNDMXO2DOP6TYYCXSQ.jpg\" alt=\"El posteo que comparti\u00f3 el asaltante en sus redes. (Foto: X @Turcolibia)\"\/><figcaption>El posteo que comparti\u00f3 el asaltante en sus redes. (Foto: X @Turcolibia)<\/figcaption><\/figure>\n\n\n\n<p>Seg\u00fan precis\u00f3, esperan que la Justicia dicte las \u00f3rdenes para que la Polic\u00eda pueda accionar contra estos delincuentes que, insiste, se pasean por la zona sin inconvenientes.<\/p>\n\n\n\n<p>Sumado a las dos violentas situaciones, Ezequiel comparti\u00f3&nbsp;<strong>la foto de uno de los acusados dentro del ba\u00f1o de la casa.<\/strong>&nbsp;El mismo ladr\u00f3n fue el que se la sac\u00f3 y<strong>&nbsp;la public\u00f3 en sus redes sociales.<\/strong><\/p>\n","protected":false},"excerpt":{"rendered":"<p>Los robos ocurrieron en una casa quinta de Villa Elisa. (Foto: X @Turcolibia) En un lapso de tres d\u00edas\u00a0una mujer sufri\u00f3 dos\u00a0violentos asaltos\u00a0cometidos por los mismos delincuentes\u00a0que le desvalijaron la&hellip; <\/p>\n","protected":false},"author":12,"featured_media":123876,"comment_status":"closed","ping_status":"open","sticky":false,"template":"","format":"standard","meta":{"footnotes":""},"categories":[33],"tags":[],"class_list":["post-123875","post","type-post","status-publish","format-standard","has-post-thumbnail","hentry","category-policiales"],"_links":{"self":[{"href":"https:\/\/corrientesdetarde.com\/index.php\/wp-json\/wp\/v2\/posts\/123875","targetHints":{"allow":["GET"]}}],"collection":[{"href":"https:\/\/corrientesdetarde.com\/index.php\/wp-json\/wp\/v2\/posts"}],"about":[{"href":"https:\/\/corrientesdetarde.com\/index.php\/wp-json\/wp\/v2\/types\/post"}],"author":[{"embeddable":true,"href":"https:\/\/corrientesdetarde.com\/index.php\/wp-json\/wp\/v2\/users\/12"}],"replies":[{"embeddable":true,"href":"https:\/\/corrientesdetarde.com\/index.php\/wp-json\/wp\/v2\/comments?post=123875"}],"version-history":[{"count":2,"href":"https:\/\/corrientesdetarde.com\/index.php\/wp-json\/wp\/v2\/posts\/123875\/revisions"}],"predecessor-version":[{"id":123879,"href":"https:\/\/corrientesdetarde.com\/index.php\/wp-json\/wp\/v2\/posts\/123875\/revisions\/123879"}],"wp:featuredmedia":[{"embeddable":true,"href":"https:\/\/corrientesdetarde.com\/index.php\/wp-json\/wp\/v2\/media\/123876"}],"wp:attachment":[{"href":"https:\/\/corrientesdetarde.com\/index.php\/wp-json\/wp\/v2\/media?parent=123875"}],"wp:term":[{"taxonomy":"category","embeddable":true,"href":"https:\/\/corrientesdetarde.com\/index.php\/wp-json\/wp\/v2\/categories?post=123875"},{"taxonomy":"post_tag","embeddable":true,"href":"https:\/\/corrientesdetarde.com\/index.php\/wp-json\/wp\/v2\/tags?post=123875"}],"curies":[{"name":"wp","href":"https:\/\/api.w.org\/{rel}","templated":true}]}}