{"id":12390,"date":"2022-10-18T22:02:38","date_gmt":"2022-10-19T01:02:38","guid":{"rendered":"https:\/\/corrientesdetarde.com\/?p=12390"},"modified":"2022-10-18T22:02:41","modified_gmt":"2022-10-19T01:02:41","slug":"cande-ruggeri-mostro-un-adelanto-de-como-sera-el-cuarto-de-su-beba-en-camino","status":"publish","type":"post","link":"https:\/\/corrientesdetarde.com\/index.php\/espectaculos\/cande-ruggeri-mostro-un-adelanto-de-como-sera-el-cuarto-de-su-beba-en-camino\/","title":{"rendered":"Cande Ruggeri mostr\u00f3 un adelanto de c\u00f3mo ser\u00e1 el cuarto de su beba en camino"},"content":{"rendered":"\n<p>Ansiosa por el pronto nacimiento de Vita, su primera hija, Cande Ruggeri ya est\u00e1 trabajando en su habitaci\u00f3n.<\/p>\n\n\n\n<p>Luego de contar que movi\u00f3 sus maquillajes y accesorios para que su beba en camino tenga su espacio propio, comparti\u00f3 un adelanto de las remodelaciones.<\/p>\n\n\n\n<p>Feliz, mostr\u00f3 que hizo modificaciones en las paredes y hasta sum\u00f3 una l\u00e1mpara colgante muy linda que dialogar\u00e1 con los muebles elegidos para su bebita en camino.&nbsp;<\/p>\n\n\n\n<p>&nbsp;<br>CANDE RUGGERI COMPARTI\u00d3 UN ADELANTO DEL CUARTO DE SU BEBA VITA<\/p>\n\n\n\n<p>Cande decor\u00f3 la pared principal del cuarto que ser\u00e1 de Vita con molduras blancas.&nbsp;<\/p>\n\n\n\n<p>Adem\u00e1s, sum\u00f3 cortinas del mismo color con un vuelo muy lindo.<\/p>\n\n\n\n<p>Y una l\u00e1mpara colgante marr\u00f3n en el centro del espacio, en contraste con el piso gris.<\/p>\n\n\n\n<figure class=\"wp-block-image size-large\"><img loading=\"lazy\" decoding=\"async\" width=\"573\" height=\"1024\" src=\"https:\/\/corrientesdetarde.com\/wp-content\/uploads\/2022\/10\/image-215-573x1024.png\" alt=\"\" class=\"wp-image-12391\" srcset=\"https:\/\/corrientesdetarde.com\/wp-content\/uploads\/2022\/10\/image-215-573x1024.png 573w, https:\/\/corrientesdetarde.com\/wp-content\/uploads\/2022\/10\/image-215-168x300.png 168w, https:\/\/corrientesdetarde.com\/wp-content\/uploads\/2022\/10\/image-215-768x1371.png 768w, https:\/\/corrientesdetarde.com\/wp-content\/uploads\/2022\/10\/image-215.png 770w\" sizes=\"auto, (max-width: 573px) 100vw, 573px\" \/><\/figure>\n","protected":false},"excerpt":{"rendered":"<p>Ansiosa por el pronto nacimiento de Vita, su primera hija, Cande Ruggeri ya est\u00e1 trabajando en su habitaci\u00f3n. Luego de contar que movi\u00f3 sus maquillajes y accesorios para que su&hellip; <\/p>\n","protected":false},"author":1,"featured_media":12392,"comment_status":"closed","ping_status":"open","sticky":false,"template":"","format":"standard","meta":{"footnotes":""},"categories":[19],"tags":[],"class_list":["post-12390","post","type-post","status-publish","format-standard","has-post-thumbnail","hentry","category-espectaculos"],"_links":{"self":[{"href":"https:\/\/corrientesdetarde.com\/index.php\/wp-json\/wp\/v2\/posts\/12390","targetHints":{"allow":["GET"]}}],"collection":[{"href":"https:\/\/corrientesdetarde.com\/index.php\/wp-json\/wp\/v2\/posts"}],"about":[{"href":"https:\/\/corrientesdetarde.com\/index.php\/wp-json\/wp\/v2\/types\/post"}],"author":[{"embeddable":true,"href":"https:\/\/corrientesdetarde.com\/index.php\/wp-json\/wp\/v2\/users\/1"}],"replies":[{"embeddable":true,"href":"https:\/\/corrientesdetarde.com\/index.php\/wp-json\/wp\/v2\/comments?post=12390"}],"version-history":[{"count":1,"href":"https:\/\/corrientesdetarde.com\/index.php\/wp-json\/wp\/v2\/posts\/12390\/revisions"}],"predecessor-version":[{"id":12394,"href":"https:\/\/corrientesdetarde.com\/index.php\/wp-json\/wp\/v2\/posts\/12390\/revisions\/12394"}],"wp:featuredmedia":[{"embeddable":true,"href":"https:\/\/corrientesdetarde.com\/index.php\/wp-json\/wp\/v2\/media\/12392"}],"wp:attachment":[{"href":"https:\/\/corrientesdetarde.com\/index.php\/wp-json\/wp\/v2\/media?parent=12390"}],"wp:term":[{"taxonomy":"category","embeddable":true,"href":"https:\/\/corrientesdetarde.com\/index.php\/wp-json\/wp\/v2\/categories?post=12390"},{"taxonomy":"post_tag","embeddable":true,"href":"https:\/\/corrientesdetarde.com\/index.php\/wp-json\/wp\/v2\/tags?post=12390"}],"curies":[{"name":"wp","href":"https:\/\/api.w.org\/{rel}","templated":true}]}}