{"id":123930,"date":"2024-02-07T13:39:33","date_gmt":"2024-02-07T16:39:33","guid":{"rendered":"https:\/\/corrientesdetarde.com\/?p=123930"},"modified":"2024-02-07T13:39:45","modified_gmt":"2024-02-07T16:39:45","slug":"el-gobierno-sumo-al-turismo-en-cuota-simple-hasta-cuando-se-podran-pagar-los-viajes-en-3-y-6-cuotas-fijas","status":"publish","type":"post","link":"https:\/\/corrientesdetarde.com\/index.php\/economia\/el-gobierno-sumo-al-turismo-en-cuota-simple-hasta-cuando-se-podran-pagar-los-viajes-en-3-y-6-cuotas-fijas\/","title":{"rendered":"El Gobierno sum\u00f3 al turismo en Cuota Simple: hasta cu\u00e1ndo se podr\u00e1n pagar los viajes en 3 y 6 cuotas fijas"},"content":{"rendered":"\n<p>Con la decisi\u00f3n de la Secretar\u00eda de Comercio, el sector tur\u00edstico podr\u00e1 ofrecer financiamiento a trav\u00e9s del plan para los fines de semana de Carnaval y de Semana Santa.<\/p>\n\n\n\n<p>La Secretar\u00eda de Comercio incluy\u00f3 a los servicios de<strong>\u00a0turismo<\/strong>\u00a0en el programa\u00a0Cuota Simple\u00a0que financia compras en\u00a0<strong>3 y 6 cuotas fijas\u00a0<\/strong>con tarjeta de cr\u00e9dito con una tasa de\u00a0<strong>93,5%<\/strong>. El beneficio estar\u00e1 vigente\u00a0<strong>hasta el 6 de mayo<\/strong>. La incorporaci\u00f3n del rubro tur\u00edstico se da tras un reclamo del sector. Antes, los paquetes tur\u00edsticos estaban incluidos en\u00a0<strong>Ahora 12<\/strong>.<\/p>\n\n\n\n<p>Desde este martes, las prestaciones tur\u00edsticas que se pueden comercializar en cuotas fijas dentro del programa comprenden \u201cservicios y\/o productos a ser prestados \u00edntegramente dentro del Territorio Nacional\u201d. De esta manera, no se podr\u00e1 financiar viajes al exterior.<\/p>\n\n\n\n<p>Seg\u00fan se detalla en la&nbsp;<strong>resoluci\u00f3n 55<\/strong>&nbsp;publicada en el Bolet\u00edn Oficial, la medida estar\u00e1 vigente por un plazo de<strong>&nbsp;90 d\u00edas<\/strong>.As\u00ed, el sector tur\u00edstico podr\u00e1 ofrecer financiamiento a trav\u00e9s de Cuota Simple para los&nbsp;<strong>fines de semana&nbsp;<\/strong>de<strong>&nbsp;Carnaval&nbsp;<\/strong>y de&nbsp;<strong>Semana Santa<\/strong>.<\/p>\n\n\n\n<h2 class=\"wp-block-heading\">Turismo: en qu\u00e9 servicios se puede utilizar Cuota Simple<\/h2>\n\n\n\n<p>De acuerdo a la resoluci\u00f3n 55, Cuota Simple podr\u00e1 ser utilizado para pagar en<strong>&nbsp;tres y seis cuotas<\/strong>:<\/p>\n\n\n\n<ul class=\"wp-block-list\"><li><strong>Pasajes de \u00f3mnibus de larga distancia,<\/strong><\/li><li><strong>Pasajes a\u00e9reos,<\/strong><\/li><li><strong>Hoteles y otros alojamientos tur\u00edsticos,<\/strong><\/li><li><strong>Paquetes tur\u00edsticos adquiridos a trav\u00e9s de agencias de viaje,<\/strong><\/li><li><strong>Autos de alquiler,<\/strong><\/li><li><strong>Excursiones y actividades recreativas,&nbsp;<\/strong>y<\/li><li><strong>Productos regionales.<\/strong><\/li><\/ul>\n\n\n\n<figure class=\"wp-block-image\"><img decoding=\"async\" src=\"https:\/\/tn.com.ar\/resizer\/GEXR9s9tD_UdhPLVmRYmn8PhjLc=\/767x0\/smart\/filters:format(webp)\/cloudfront-us-east-1.images.arcpublishing.com\/artear\/I6NVM2XPYBE45ITBBFBNLASZQ4.png\" alt=\"El sector tur\u00edstico podr\u00e1 ofrecer financiamiento a trav\u00e9s de Cuota Simple para los fines de semana de Carnaval y de Semana Santa. (Foto: Adobe Stock).\"\/><\/figure>\n\n\n\n<p>El sector tur\u00edstico podr\u00e1 ofrecer financiamiento a trav\u00e9s de Cuota Simple para los&nbsp;<strong>fines de semana&nbsp;<\/strong>de<strong>&nbsp;Carnaval&nbsp;<\/strong>y de&nbsp;<strong>Semana Santa<\/strong>.<\/p>\n\n\n\n<h2 class=\"wp-block-heading\">Cuota Simple: hasta cu\u00e1ndo se podr\u00e1 financiar los paquetes tur\u00edsticos<\/h2>\n\n\n\n<p>A diferencia de los otros 28 rubros que incluye el programa, las ofertas en 3 y 6 cuotas sin inter\u00e9sdentro del<strong>&nbsp;rubro tur\u00edstico<\/strong>&nbsp;rige&nbsp;<strong>hasta el 6 de mayo<\/strong>.<\/p>\n\n\n\n<p>\u201cEl plazo de operatoria del presente rubro tendr\u00e1<strong>&nbsp;una vigencia de noventa (90) d\u00edas, contados a partir del 7 de febrero del 2024<\/strong>\u2033, dicta la resoluci\u00f3n 55 de la Secretaria de Comercio.<\/p>\n\n\n\n<figure class=\"wp-block-image\"><img decoding=\"async\" src=\"https:\/\/tn.com.ar\/resizer\/Ovc-j4otsXoaFlXXDBG0-F6OO6Q=\/767x0\/smart\/filters:format(webp)\/cloudfront-us-east-1.images.arcpublishing.com\/artear\/RQTNZC2T4VCVRDPGBLXTGC3YNM.jpg\" alt=\"El nuevo programa Cuota Simple brinda la posibilidad de financiar compras en 3 y 6 cuotas fijas con tarjeta de cr\u00e9dito con una tasa de 93,5%. (Foto: Secretar\u00eda de Comercio)\"\/><\/figure>\n\n\n\n<h2 class=\"wp-block-heading\">Todos los productos y rubros que integran el programa Cuota Simple<\/h2>\n\n\n\n<ul class=\"wp-block-list\"><li><strong>L\u00ednea blanca<\/strong>: incluye aires acondicionados, climatizadores de aire y\/o ventilaci\u00f3n, lavavajillas, lavarropas y secarropas, cocinas, hornos y anafes, calefactores y estufas, termotanques y calefones, heladeras, congeladores y freezers;<\/li><li><strong>Indumentaria<\/strong>: comprenden prendas de vestir para hombres, mujeres y ni\u00f1os, incluye ropa de trabajo, deportiva y de uso diario;<\/li><li><strong>Calzado y marroquiner\u00eda<\/strong>: abarcan calzado deportivo y no deportivo, carteras, maletas, bolsos de mano y art\u00edculos de marroquiner\u00eda de cuero y otros materiales;<\/li><li><strong>Servicios Educativos<\/strong>: incluye a cursos de idioma, cursos relacionados con inform\u00e1tica, deportivos y actividades culturales. No incluye escuelas ni universidades;<\/li><li><strong>Anteojos y lentes de contacto<\/strong>&nbsp;adquiridos en \u00f3pticas que no superen los $97.000;<\/li><li><strong>Equipamiento m\u00e9dico<\/strong>: abarca equipos de terapia respiratoria, mobiliario, sillas de ruedas y ortopedia. Tope $1.160.000.<\/li><li><strong>Maquinaria y herramientas<\/strong>: taladros, amoladoras, lijadoras, pulidoras, sierras, soldadores y morsas.<\/li><li><strong>Art\u00edculos de librer\u00eda<\/strong>, entre ellos los \u00fatiles escolares;<\/li><li><strong>Perfumer\u00eda<\/strong>: comprende productos de cosm\u00e9tica, cuidado personal y perfumes.<\/li><li><strong>Motos&nbsp;<\/strong>que no superen $1.300.000 de valor;<\/li><li><strong>Computadoras<\/strong>, notebooks y tablets;<\/li><li><strong>Celulares<\/strong>;<\/li><li><strong>Televisores&nbsp;<\/strong>y monitores;<\/li><\/ul>\n\n\n\n<figure class=\"wp-block-image\"><img decoding=\"async\" src=\"https:\/\/tn.com.ar\/resizer\/ygkCDGS6XefeGr-lHUfafKoA0l4=\/767x0\/smart\/filters:format(webp)\/cloudfront-us-east-1.images.arcpublishing.com\/artear\/ENIP5YWQKFEJDDWCBBUM7SH7DU.jpg\" alt=\"El Gobierno sum\u00f3 al turismo en Cuota Simple: (Foto: T\u00e9lam)\"\/><\/figure>\n\n\n\n<ul class=\"wp-block-list\"><li><strong>Muebles&nbsp;<\/strong>para el hogar;<\/li><li><strong>Bicicletas<\/strong>;<\/li><li><strong>Colchones<\/strong>&nbsp;y sommiers;<\/li><li><strong>Libros<\/strong>&nbsp;y textos escolares;<\/li><li><strong>Juguetes&nbsp;<\/strong>y juegos de mesa;<\/li><li>Peque\u00f1os<strong>&nbsp;electrodom\u00e9sticos<\/strong>;<\/li><li><strong>Instrumentos musicales<\/strong>;<\/li><li><strong>Espect\u00e1culos<\/strong>&nbsp;y eventos culturales: obras teatrales y conciertos de artistas nacionales. Tope $62.000.<\/li><li><strong>Servicios<\/strong>&nbsp;<strong>t\u00e9cnicos de electr\u00f3nica<\/strong>&nbsp;y electrodom\u00e9sticos para el hogar;<\/li><li>Servicios de<strong>&nbsp;preparaci\u00f3n&nbsp;<\/strong>para el<strong>&nbsp;deporte<\/strong>&nbsp;y gimnasios.<\/li><li>Servicios de reparaci\u00f3n de veh\u00edculos automotores y motocicletas.<\/li><li><strong>Neum\u00e1ticos<\/strong>, accesorios, kit de conversi\u00f3n de veh\u00edculos a gas GNC y repuestos para automotores y motos;<\/li><li><strong>Kit<\/strong>&nbsp;para la&nbsp;<strong>conexi\u00f3n<\/strong>&nbsp;domiciliaria a los&nbsp;<strong>servicios p\u00fablicos<\/strong>&nbsp;de agua y cloacas.<\/li><li><strong>Turismo:&nbsp;<\/strong>comprende a pasajes de \u00f3mnibus de larga distancia, pasajes a\u00e9reos, hoteles y otros alojamientos tur\u00edsticos, paquetes tur\u00edsticos adquiridos a trav\u00e9s de agencias de viaje, autos de alquiler, excursiones y actividades recreativas, y productos regionales en territorio nacional.<\/li><\/ul>\n","protected":false},"excerpt":{"rendered":"<p>Con la decisi\u00f3n de la Secretar\u00eda de Comercio, el sector tur\u00edstico podr\u00e1 ofrecer financiamiento a trav\u00e9s del plan para los fines de semana de Carnaval y de Semana Santa. La&hellip; <\/p>\n","protected":false},"author":8,"featured_media":123931,"comment_status":"closed","ping_status":"open","sticky":false,"template":"","format":"standard","meta":{"footnotes":""},"categories":[20],"tags":[],"class_list":["post-123930","post","type-post","status-publish","format-standard","has-post-thumbnail","hentry","category-economia"],"_links":{"self":[{"href":"https:\/\/corrientesdetarde.com\/index.php\/wp-json\/wp\/v2\/posts\/123930","targetHints":{"allow":["GET"]}}],"collection":[{"href":"https:\/\/corrientesdetarde.com\/index.php\/wp-json\/wp\/v2\/posts"}],"about":[{"href":"https:\/\/corrientesdetarde.com\/index.php\/wp-json\/wp\/v2\/types\/post"}],"author":[{"embeddable":true,"href":"https:\/\/corrientesdetarde.com\/index.php\/wp-json\/wp\/v2\/users\/8"}],"replies":[{"embeddable":true,"href":"https:\/\/corrientesdetarde.com\/index.php\/wp-json\/wp\/v2\/comments?post=123930"}],"version-history":[{"count":1,"href":"https:\/\/corrientesdetarde.com\/index.php\/wp-json\/wp\/v2\/posts\/123930\/revisions"}],"predecessor-version":[{"id":123932,"href":"https:\/\/corrientesdetarde.com\/index.php\/wp-json\/wp\/v2\/posts\/123930\/revisions\/123932"}],"wp:featuredmedia":[{"embeddable":true,"href":"https:\/\/corrientesdetarde.com\/index.php\/wp-json\/wp\/v2\/media\/123931"}],"wp:attachment":[{"href":"https:\/\/corrientesdetarde.com\/index.php\/wp-json\/wp\/v2\/media?parent=123930"}],"wp:term":[{"taxonomy":"category","embeddable":true,"href":"https:\/\/corrientesdetarde.com\/index.php\/wp-json\/wp\/v2\/categories?post=123930"},{"taxonomy":"post_tag","embeddable":true,"href":"https:\/\/corrientesdetarde.com\/index.php\/wp-json\/wp\/v2\/tags?post=123930"}],"curies":[{"name":"wp","href":"https:\/\/api.w.org\/{rel}","templated":true}]}}