{"id":123933,"date":"2024-02-07T13:46:49","date_gmt":"2024-02-07T16:46:49","guid":{"rendered":"https:\/\/corrientesdetarde.com\/?p=123933"},"modified":"2024-02-07T13:47:01","modified_gmt":"2024-02-07T16:47:01","slug":"tras-el-reves-por-la-ley-omnibus-el-gobierno-vuelve-a-agitar-la-posibilidad-de-llamar-a-una-consulta-popular","status":"publish","type":"post","link":"https:\/\/corrientesdetarde.com\/index.php\/politica\/tras-el-reves-por-la-ley-omnibus-el-gobierno-vuelve-a-agitar-la-posibilidad-de-llamar-a-una-consulta-popular\/","title":{"rendered":"Tras el rev\u00e9s por la Ley \u00d3mnibus, el Gobierno vuelve a agitar la posibilidad de llamar a una consulta popular"},"content":{"rendered":"\n<p>El ministro del Interior, Guillermo Francos, dijo que el plebiscito es \u201cuna herramienta constitucional\u201d que podr\u00eda usar el Presidente para volver a impulsar el megaproyecto.<\/p>\n\n\n\n<p>Tras la vuelta de la\u00a0Ley \u00d3mnibus\u00a0a comisi\u00f3n en Diputados, el ministro del Interior, Guillermo Francos\u00a0<strong>,<\/strong>\u00a0volvi\u00f3 a plantear la posibilidad de llamar a una\u00a0<strong>consulta popular.\u00a0<\/strong>Francos dijo al respecto: \u201cEl presidente,\u00a0<strong>Javier Milei,<\/strong>\u00a0lo plante\u00f3 en su momento. \u00c9l lo dijo exactamente en estas circunstancias: \u2018Si no me aprueban las leyes que necesito, ir\u00e9 a una consulta popular\u2019\u201d.<\/p>\n\n\n\n<p>El ministro del Interior dijo: \u201cSon temas que no est\u00e1n espec\u00edficamente preparados todav\u00eda hoy, pero que s\u00ed es una\u00a0<strong>herramienta constitucional\u00a0<\/strong>que existe y que el Presidente ver\u00e1 si la utiliza, tambi\u00e9n es un elemento que tiene para generar una<strong>\u00a0presi\u00f3n popular\u00a0<\/strong>sobre en qu\u00e9 pa\u00eds queremos vivir\u201d.<\/p>\n\n\n\n<p>Francos consider\u00f3: \u201cSi el Presidente consulta a la gente sobre X tema, no consigue el apoyo del parlamento, pero cree que tiene el apoyo del pueblo para generar una transformaci\u00f3n, bueno, tendr\u00e1 que consultarlo y ver si esto&nbsp;<strong>mueve la aguja&nbsp;<\/strong>de la voluntad legislativa, veremos, por el momento va a seguir gobernando con instrumentos que tiene\u201d, en declaraciones a las radios<em>&nbsp;Rivadavia y La Red.<\/em><\/p>\n\n\n\n<h2 class=\"wp-block-heading\">Qu\u00e9 es un plebiscito y para qu\u00e9 sirve la consulta popular que quiere hacer Javier Milei<\/h2>\n\n\n\n<p>El Gobierno de Milei tiene la posibilidad de llamar a un\u00a0plebiscito tras el frustrado tratamiento en particular de la Ley \u00d3mnibus en el recinto en Diputados. De concretarse esa medida implicar\u00eda un\u00a0<strong>voto popular<\/strong>\u00a0directo y\u00a0<strong>no obligatorio<\/strong>\u00a0de los ciudadanos sobre el proyecto de reformas econ\u00f3micas.<\/p>\n\n\n\n<h2 class=\"wp-block-heading\">Qu\u00e9 es un plebiscito y para qu\u00e9 sirve<\/h2>\n\n\n\n<p>Un plebiscito es un voto popular directo para que los ciudadanos decidan sobre una propuesta de envergadura pol\u00edtica o legal. Seg\u00fan la Constituci\u00f3n Nacional, en su art\u00edculo 40, \u201cel Congreso, a iniciativa de la C\u00e1mara de Diputados, podr\u00e1 someter a consulta popular un proyecto de ley\u201d y \u201cla ley de convocatoria no podr\u00e1 ser vetada\u201d.<\/p>\n\n\n\n<h2 class=\"wp-block-heading\">C\u00f3mo funcionar\u00eda el plebiscito si lo realizara Javier Milei<\/h2>\n\n\n\n<p>En el caso de que el Presidente decidiera realizar un plebiscito&nbsp;<strong>ser\u00eda no vinculante,<\/strong>&nbsp;lo que significa que, aunque el proyecto obtuviera en consulta popular el respaldo de la mayor\u00eda absoluta de votos v\u00e1lidos emitidos no se convertir\u00e1 autom\u00e1ticamente en ley, sino que deber\u00e1 seguir su tr\u00e1mite en el Congreso de la Naci\u00f3n.<\/p>\n\n\n\n<h2 class=\"wp-block-heading\">Qu\u00e9 es un plebiscito no vinculante y cu\u00e1l es el \u00fanico antecedente que tiene Javier Milei<\/h2>\n\n\n\n<p>Un&nbsp;<strong>plebiscito no vinculante<\/strong>&nbsp;en la Argentina es un proceso por el que las autoridades buscan la opini\u00f3n de la ciudadan\u00eda sobre determinados temas. El&nbsp;<strong>resultado no tiene efecto legal directo,<\/strong>&nbsp;no se convierte en ley por el resultado de esa votaci\u00f3n.<\/p>\n\n\n\n<ul class=\"wp-block-list\"><li>Esta consulta puede ser iniciada por un proyecto del Congreso o por decreto del Poder Ejecutivo. Para ser efectiva requiere la aprobaci\u00f3n de la&nbsp;<strong>mayor\u00eda absoluta&nbsp;<\/strong>en cada c\u00e1mara del Congreso o, si es por decreto, la aprobaci\u00f3n del gabinete de ministros.<\/li><li>Un&nbsp;<strong>antecedente hist\u00f3rico<\/strong>&nbsp;en la Argentina que tiene Javier Milei fue la consulta de 1984 durante el gobierno de&nbsp;<strong>Ra\u00fal Alfons\u00edn&nbsp;<\/strong>sobre el Tratado del Canal del Beagle con Chile, donde m\u00e1s del 80% apoy\u00f3 la propuesta del Gobierno de un Tratado de Paz con Chile, aunque el resultado no ten\u00eda car\u00e1cter vinculante.<\/li><\/ul>\n","protected":false},"excerpt":{"rendered":"<p>El ministro del Interior, Guillermo Francos, dijo que el plebiscito es \u201cuna herramienta constitucional\u201d que podr\u00eda usar el Presidente para volver a impulsar el megaproyecto. Tras la vuelta de la\u00a0Ley&hellip; <\/p>\n","protected":false},"author":8,"featured_media":123934,"comment_status":"closed","ping_status":"open","sticky":false,"template":"","format":"standard","meta":{"footnotes":""},"categories":[3],"tags":[],"class_list":["post-123933","post","type-post","status-publish","format-standard","has-post-thumbnail","hentry","category-politica"],"_links":{"self":[{"href":"https:\/\/corrientesdetarde.com\/index.php\/wp-json\/wp\/v2\/posts\/123933","targetHints":{"allow":["GET"]}}],"collection":[{"href":"https:\/\/corrientesdetarde.com\/index.php\/wp-json\/wp\/v2\/posts"}],"about":[{"href":"https:\/\/corrientesdetarde.com\/index.php\/wp-json\/wp\/v2\/types\/post"}],"author":[{"embeddable":true,"href":"https:\/\/corrientesdetarde.com\/index.php\/wp-json\/wp\/v2\/users\/8"}],"replies":[{"embeddable":true,"href":"https:\/\/corrientesdetarde.com\/index.php\/wp-json\/wp\/v2\/comments?post=123933"}],"version-history":[{"count":1,"href":"https:\/\/corrientesdetarde.com\/index.php\/wp-json\/wp\/v2\/posts\/123933\/revisions"}],"predecessor-version":[{"id":123935,"href":"https:\/\/corrientesdetarde.com\/index.php\/wp-json\/wp\/v2\/posts\/123933\/revisions\/123935"}],"wp:featuredmedia":[{"embeddable":true,"href":"https:\/\/corrientesdetarde.com\/index.php\/wp-json\/wp\/v2\/media\/123934"}],"wp:attachment":[{"href":"https:\/\/corrientesdetarde.com\/index.php\/wp-json\/wp\/v2\/media?parent=123933"}],"wp:term":[{"taxonomy":"category","embeddable":true,"href":"https:\/\/corrientesdetarde.com\/index.php\/wp-json\/wp\/v2\/categories?post=123933"},{"taxonomy":"post_tag","embeddable":true,"href":"https:\/\/corrientesdetarde.com\/index.php\/wp-json\/wp\/v2\/tags?post=123933"}],"curies":[{"name":"wp","href":"https:\/\/api.w.org\/{rel}","templated":true}]}}