{"id":123936,"date":"2024-02-07T13:50:38","date_gmt":"2024-02-07T16:50:38","guid":{"rendered":"https:\/\/corrientesdetarde.com\/?p=123936"},"modified":"2024-02-07T13:50:50","modified_gmt":"2024-02-07T16:50:50","slug":"milei-cree-que-la-ley-omnibus-no-sera-tratada-en-el-congreso-y-evalua-sacar-otro-dnu-para-activar-reformas","status":"publish","type":"post","link":"https:\/\/corrientesdetarde.com\/index.php\/nacionales\/milei-cree-que-la-ley-omnibus-no-sera-tratada-en-el-congreso-y-evalua-sacar-otro-dnu-para-activar-reformas\/","title":{"rendered":"Milei cree que la Ley \u00d3mnibus no ser\u00e1 tratada en el Congreso y eval\u00faa sacar otro DNU para activar reformas"},"content":{"rendered":"\n<p>El Presidente est\u00e1 convencido de que fue traicionado por algunos gobernadores y diputados. Adem\u00e1s, analiza convocar a un plebiscito para intentar ejercer presi\u00f3n sobre la oposici\u00f3n.<\/p>\n\n\n\n<p><strong>Javier Milei eval\u00faa hacer una consulta popular y sacar otro\u00a0DNU <\/strong><strong>tras la ca\u00edda de la\u00a0<\/strong>Ley \u00d3mnibus\u00a0en la C\u00e1mara de Diputados. Cerca del presidente le expresaron <strong>\u00a0<\/strong>que la idea es ejercer presi\u00f3n social sobre los legisladores y gobernadores que no apoyaron las propuestas del oficialismo.<\/p>\n\n\n\n<p>\u201c<strong>Queremos exponer a los que no quieren que la Argentina cambie<\/strong>, a los que defendieron el modelo de la casta y a todos los que nos traicionaron\u201d, le manifest\u00f3 un funcionario a este medio.<\/p>\n\n\n\n<p><strong>El gobierno se respalda en que ganaron las elecciones<\/strong>&nbsp;y en que la gente los eligi\u00f3 para intensificar su discurso basado en que los legisladores que no acompa\u00f1aron sus propuestas van \u201cen contra del pueblo\u201d.<\/p>\n\n\n\n<p>Por eso es que difundieron la lista de diputados que votaron a favor y en contra de la Ley \u00d3mnibus y luego el presidente cit\u00f3 una publicaci\u00f3n con las fotos de cada uno de los opositores.<\/p>\n\n\n\n<figure class=\"wp-block-image\"><img decoding=\"async\" src=\"https:\/\/tn.com.ar\/resizer\/GSQR_d_FsQccl9HGs8MAxYT0TUg=\/767x0\/smart\/filters:format(webp)\/cloudfront-us-east-1.images.arcpublishing.com\/artear\/TSTDXATVZRALFGA5FNECOAU3KA.jpg\" alt=\"La Ley \u00d3mnibus volvi\u00f3 a comisi\u00f3n tras no haber acuerdo en el art\u00edculo de las privatizaciones (Foto: prensa Congreso).\"\/><\/figure>\n\n\n\n<p><strong>El Gobierno cree que la ley no volver\u00e1 a tratarse en el recinto en el corto plazo<\/strong>&nbsp;y descarta actividad legislativa en febrero, de forma que la intenci\u00f3n no ser\u00eda extender el plazo de sesiones extraordinarias.<\/p>\n\n\n\n<p>Mientras que en la c\u00fapula del Ejecutivo creen que hay cosas para mejorar en la negociaci\u00f3n ante la oposici\u00f3n, aseguraron que mantienen en el cargo a los encargados de esta: el presidente de la C\u00e1mara de Diputados, Mart\u00edn Menem, y el ministro del Interior, Guillermo Francos.<\/p>\n\n\n\n<p>Sostienen que ya cedieron lo suficiente ante la oposici\u00f3n -respecto al cap\u00edtulo fiscal y a la reforma electoral- y acusan traici\u00f3n por no cumplir un acuerdo a los gobernadores. Estos son: Mart\u00edn Llaryora (C\u00f3rdoba), Maximiliano Pullaro (Santa Fe), Carlos Sadir (Jujuy), Rolando Figueroa (Neuqu\u00e9n) y Gustavo S\u00e1enz (Salta).<\/p>\n\n\n\n<p>Es por eso que en el oficialismo redobla la apuesta contra los mandatarios provinciales por la vuelta a comisi\u00f3n de la Ley \u00d3mnibus y aplaza la negociaci\u00f3n fiscal. \u201c<strong>No va a haber ning\u00fan\u00a0pacto fiscal<\/strong><strong>. Que los\u00a0gobernadores <\/strong><strong>paguen los sueldos con la suya<\/strong>\u201d, le expres\u00f3 un funcionario cercano a Milei.<\/p>\n\n\n\n<figure class=\"wp-block-image\"><img decoding=\"async\" src=\"https:\/\/tn.com.ar\/resizer\/rMT_oDIRqT3301WhFKFI-DEsXeU=\/767x0\/smart\/filters:format(webp)\/cloudfront-us-east-1.images.arcpublishing.com\/artear\/TS5SILZ4QFF2DI6MJQOTU5U5ZY.jpg\" alt=\"El ministro del Interior, Guillermo Francos, durante el debate en comisi\u00f3n de la Ley \u00d3mnibus en Diputados (Foto: NA - Mariano S\u00e1nchez).\"\/><\/figure>\n\n\n\n<p><\/p>\n","protected":false},"excerpt":{"rendered":"<p>El Presidente est\u00e1 convencido de que fue traicionado por algunos gobernadores y diputados. Adem\u00e1s, analiza convocar a un plebiscito para intentar ejercer presi\u00f3n sobre la oposici\u00f3n. Javier Milei eval\u00faa hacer&hellip; <\/p>\n","protected":false},"author":8,"featured_media":123937,"comment_status":"closed","ping_status":"open","sticky":false,"template":"","format":"standard","meta":{"footnotes":""},"categories":[10],"tags":[],"class_list":["post-123936","post","type-post","status-publish","format-standard","has-post-thumbnail","hentry","category-nacionales"],"_links":{"self":[{"href":"https:\/\/corrientesdetarde.com\/index.php\/wp-json\/wp\/v2\/posts\/123936","targetHints":{"allow":["GET"]}}],"collection":[{"href":"https:\/\/corrientesdetarde.com\/index.php\/wp-json\/wp\/v2\/posts"}],"about":[{"href":"https:\/\/corrientesdetarde.com\/index.php\/wp-json\/wp\/v2\/types\/post"}],"author":[{"embeddable":true,"href":"https:\/\/corrientesdetarde.com\/index.php\/wp-json\/wp\/v2\/users\/8"}],"replies":[{"embeddable":true,"href":"https:\/\/corrientesdetarde.com\/index.php\/wp-json\/wp\/v2\/comments?post=123936"}],"version-history":[{"count":1,"href":"https:\/\/corrientesdetarde.com\/index.php\/wp-json\/wp\/v2\/posts\/123936\/revisions"}],"predecessor-version":[{"id":123938,"href":"https:\/\/corrientesdetarde.com\/index.php\/wp-json\/wp\/v2\/posts\/123936\/revisions\/123938"}],"wp:featuredmedia":[{"embeddable":true,"href":"https:\/\/corrientesdetarde.com\/index.php\/wp-json\/wp\/v2\/media\/123937"}],"wp:attachment":[{"href":"https:\/\/corrientesdetarde.com\/index.php\/wp-json\/wp\/v2\/media?parent=123936"}],"wp:term":[{"taxonomy":"category","embeddable":true,"href":"https:\/\/corrientesdetarde.com\/index.php\/wp-json\/wp\/v2\/categories?post=123936"},{"taxonomy":"post_tag","embeddable":true,"href":"https:\/\/corrientesdetarde.com\/index.php\/wp-json\/wp\/v2\/tags?post=123936"}],"curies":[{"name":"wp","href":"https:\/\/api.w.org\/{rel}","templated":true}]}}