{"id":124175,"date":"2024-02-08T13:34:46","date_gmt":"2024-02-08T16:34:46","guid":{"rendered":"https:\/\/corrientesdetarde.com\/?p=124175"},"modified":"2024-02-08T13:34:51","modified_gmt":"2024-02-08T16:34:51","slug":"marcha-al-puente-pueyrredon-como-sigue-la-manifestacion-en-medio-del-diluvio","status":"publish","type":"post","link":"https:\/\/corrientesdetarde.com\/index.php\/nacionales\/marcha-al-puente-pueyrredon-como-sigue-la-manifestacion-en-medio-del-diluvio\/","title":{"rendered":"Marcha al Puente Pueyrred\u00f3n: c\u00f3mo sigue la manifestaci\u00f3n en medio del diluvio"},"content":{"rendered":"\n<p>Las organizaciones sociales realizaron un breve acto de cierre a metros del ingreso a la Ciudad de Buenos Aires.<\/p>\n\n\n\n<p>Piqueteros de izquierda desconcentraron la movilizaci\u00f3n hacia el Puente Pueyrred\u00f3n en medio del diluvio que afecta a toda el \u00c1rea Metropolitana de Buenos Aires. El acto de cierre se realiz\u00f3 a metros del ingreso a la Ciudad de Buenos Aires.<\/p>\n\n\n\n<p>El reclamo de la movilizaci\u00f3n encabezada por el\u00a0<strong>Polo Obrero\u00a0<\/strong>y las organizaciones sociales que est\u00e1n nucleadas en la Unidad Piquetera se debe a la falta en la entrega de alimentos a los comedores populares.<\/p>\n\n\n\n<p>La manifestaci\u00f3n comenz\u00f3 alrededor de las 10.30 de la ma\u00f1ana con una concentraci\u00f3n en la Plaza Alsina, que luego continu\u00f3 con una movilizaci\u00f3n por&nbsp;<strong>la avenida Mitre, cuyo tr\u00e1nsito qued\u00f3 completamente interrumpido.<\/strong><\/p>\n\n\n\n<p>El objetivo de los manifestantes era caminar hasta&nbsp;<strong>la puerta del edificio del ministerio de Capital Humano<\/strong>, pero la concentraci\u00f3n fren\u00f3 su paso cuando estaba por subir al Puente Pueyrred\u00f3n.<\/p>\n\n\n\n<p>El fuerte operativo policial, integrado por la Polic\u00eda Federal y la Prefectura, ten\u00eda como objetivo que los manifestantes no corten la calle. Pese a eso, los manifestantes cortaron<strong>&nbsp;uno de los accesos al Puente Pueyrred\u00f3n&nbsp;<\/strong>que conecta al sur de la provincia de Buenos Aires con Capital Federal.<\/p>\n\n\n\n<figure class=\"wp-block-image\"><img decoding=\"async\" src=\"https:\/\/tn.com.ar\/resizer\/x7ul6uw4LBLqhofV4YA3XRhhnvo=\/767x0\/smart\/filters:format(webp)\/cloudfront-us-east-1.images.arcpublishing.com\/artear\/VIUCJY7FBVDSXJ4AXI6SWRBZDU.JPG\" alt=\"Eduardo Belliboni encabez\u00f3 la movilizaci\u00f3n de las organizaciones sociales. (Foto: Leandro Heredia\/TN).\"\/><\/figure>\n\n\n\n<p>Durante el mediod\u00eda, minutos antes de que comience el diluvio que afecta al \u00c1rea Metropolitana de Buenos Aires, las organizaciones sociales realizaron&nbsp;<strong>un breve acto de cierre debido a las cuestiones clim\u00e1ticas.<\/strong><\/p>\n\n\n\n<p><strong>\u201cRestituci\u00f3n de los alimentos para los comedores populares\u201d,<\/strong>&nbsp;es la principal demanda que elevaron las diferentes organizaciones sociales que est\u00e1n nucleadas en la Unidad Piquetera.<\/p>\n","protected":false},"excerpt":{"rendered":"<p>Las organizaciones sociales realizaron un breve acto de cierre a metros del ingreso a la Ciudad de Buenos Aires. Piqueteros de izquierda desconcentraron la movilizaci\u00f3n hacia el Puente Pueyrred\u00f3n en&hellip; <\/p>\n","protected":false},"author":8,"featured_media":124176,"comment_status":"closed","ping_status":"open","sticky":false,"template":"","format":"standard","meta":{"footnotes":""},"categories":[10],"tags":[],"class_list":["post-124175","post","type-post","status-publish","format-standard","has-post-thumbnail","hentry","category-nacionales"],"_links":{"self":[{"href":"https:\/\/corrientesdetarde.com\/index.php\/wp-json\/wp\/v2\/posts\/124175","targetHints":{"allow":["GET"]}}],"collection":[{"href":"https:\/\/corrientesdetarde.com\/index.php\/wp-json\/wp\/v2\/posts"}],"about":[{"href":"https:\/\/corrientesdetarde.com\/index.php\/wp-json\/wp\/v2\/types\/post"}],"author":[{"embeddable":true,"href":"https:\/\/corrientesdetarde.com\/index.php\/wp-json\/wp\/v2\/users\/8"}],"replies":[{"embeddable":true,"href":"https:\/\/corrientesdetarde.com\/index.php\/wp-json\/wp\/v2\/comments?post=124175"}],"version-history":[{"count":1,"href":"https:\/\/corrientesdetarde.com\/index.php\/wp-json\/wp\/v2\/posts\/124175\/revisions"}],"predecessor-version":[{"id":124177,"href":"https:\/\/corrientesdetarde.com\/index.php\/wp-json\/wp\/v2\/posts\/124175\/revisions\/124177"}],"wp:featuredmedia":[{"embeddable":true,"href":"https:\/\/corrientesdetarde.com\/index.php\/wp-json\/wp\/v2\/media\/124176"}],"wp:attachment":[{"href":"https:\/\/corrientesdetarde.com\/index.php\/wp-json\/wp\/v2\/media?parent=124175"}],"wp:term":[{"taxonomy":"category","embeddable":true,"href":"https:\/\/corrientesdetarde.com\/index.php\/wp-json\/wp\/v2\/categories?post=124175"},{"taxonomy":"post_tag","embeddable":true,"href":"https:\/\/corrientesdetarde.com\/index.php\/wp-json\/wp\/v2\/tags?post=124175"}],"curies":[{"name":"wp","href":"https:\/\/api.w.org\/{rel}","templated":true}]}}