{"id":124178,"date":"2024-02-08T13:40:19","date_gmt":"2024-02-08T16:40:19","guid":{"rendered":"https:\/\/corrientesdetarde.com\/?p=124178"},"modified":"2024-02-08T13:40:30","modified_gmt":"2024-02-08T16:40:30","slug":"javier-milei-podria-desplazar-a-funcionarios-que-responden-a-las-provincias-que-votaron-contra-la-ley-omnibus","status":"publish","type":"post","link":"https:\/\/corrientesdetarde.com\/index.php\/politica\/javier-milei-podria-desplazar-a-funcionarios-que-responden-a-las-provincias-que-votaron-contra-la-ley-omnibus\/","title":{"rendered":"Javier Milei podr\u00eda desplazar a funcionarios que responden a las provincias que votaron contra la Ley \u00d3mnibus"},"content":{"rendered":"\n<p>Uno de los que quedaron en la mira del Presidente es el titular de la ANSES, Osvaldo Giordano. En la sesi\u00f3n en Diputados, su esposa vot\u00f3 en contra de varios art\u00edculos de la Ley \u00d3mnibus.<\/p>\n\n\n\n<p><a href=\"https:\/\/tn.com.ar\/autor\/Marcelo+Bonelli\/\"><\/a>En medio de la catarata de cr\u00edticas del presidente,\u00a0Javier Milei\u00a0a gobernadores de la oposici\u00f3n \u201cdialoguista\u201d y a sus\u00a0<strong>diputados\u00a0<\/strong>por votarcontra los art\u00edculos de la\u00a0Ley \u00d3mnibus \u00a0surgieron versiones de\u00a0<strong>desplazamientos\u00a0<\/strong>de funcionarios vinculados a jefes provinciales.<\/p>\n\n\n\n<p>Uno de los funcionarios que est\u00e1n en el ojo de la tormenta es el titular de la ANSES,\u00a0Osvaldo Giordano,\u00a0cuya esposa, la diputada de Hacemos Coalici\u00f3n Federal,\u00a0<strong>Alejandra Torres,<\/strong>\u00a0vot\u00f3 en contra en particular de la ley de reformas econ\u00f3micas. Se trata de una de las legisladoras apuntadas por el Presidente en su furia por quienes no respaldaron el proyecto. Desde el entorno del funcionario de la ANSES se limitaron a decirle<strong>\u00a0<\/strong>que se encuentra \u201cenfocado en el trabajo\u201d.<\/p>\n\n\n\n<p>Justamente la votaci\u00f3n negativa de Torres y otros legisladores cordobeses fue tomada de forma&nbsp;<strong>personal&nbsp;<\/strong>por el oficialismo. La Casa Rosada le dio al \u201ccordobesismo\u201d lugares en Naci\u00f3n a tres hombres del exgobernador,&nbsp;<strong>Juan Schiaretti,<\/strong>&nbsp;y del actual mandatario provincial,&nbsp;<strong>Mart\u00edn Llaryora.<\/strong>&nbsp;Se trata de&nbsp;<strong>Franco Mogetta<\/strong>&nbsp;en Transporte,&nbsp;<strong>Daniel Tillard<\/strong>&nbsp;en Banco Naci\u00f3n y&nbsp;<strong>Giordano<\/strong>&nbsp;en ANSES. Adem\u00e1s del caso de&nbsp;<strong>Flavia Roy\u00f3n,<\/strong>&nbsp;secretaria de Miner\u00eda, cercana al gobernador de Salta,&nbsp;<strong>Gustavo S\u00e1enz.<\/strong><\/p>\n\n\n\n<p>Giordano, ex ministro de Finanzas de C\u00f3rdoba, de la gesti\u00f3n de Schiaretti, maneja el principal presupuesto de un organismo nacional, y fue propuesto por el extitular del Palacio de Hacienda de Carlos Menem, y padre de la convertibilidad,&nbsp;<strong>Domingo Cavallo,<\/strong>&nbsp;calificado por Milei como \u201cel mejor economista de la Argentina\u201d.<\/p>\n\n\n\n<h2 class=\"wp-block-heading\">Javier Milei no decidir\u00e1 eventuales cambios en el gabinete hasta la vuelta de su gira por el exterior<\/h2>\n\n\n\n<figure class=\"wp-block-image\"><img decoding=\"async\" src=\"https:\/\/tn.com.ar\/resizer\/LOsAlLqCuP2R29tCZDBvCkO9tJg=\/767x0\/smart\/filters:format(webp)\/thumbs.vodgc.net\/0912FA1446393CACCCCD1735F4CB3210531.jpg%3F087521\" alt=\"Video Placeholder\"\/><\/figure>\n\n\n\n<p>Javier Milei no dispondr\u00e1 eventuales cambios en el gabinete hasta su vuelta de la gira por el exterior, en plena tensi\u00f3n con funcionarios que responden a gobernadores (Foto AP &#8211; (Luis Robayo).<\/p>\n\n\n\n<p>El Presidente igualmente mantendr\u00eda el gabinete al menos hasta la vuelta de su gira por el exterior, por Israel, Italia y finalmente el Vaticano, que incluir\u00e1&nbsp;<strong>un encuentro con el papa Francisco<\/strong>&nbsp;el pr\u00f3ximo 12 de febrero. Actualmente Milei est\u00e1 concentrado en la cumbre, en la que se prev\u00e9 que el jefe de la Iglesia Cat\u00f3lica le pida que \u201clos pobres no sean los \u00fanicos que paguen el ajuste\u201d del gasto p\u00fablico que impulsa el libertario, en su meta de \u201cd\u00e9ficit cero\u201d.<\/p>\n\n\n\n<h2 class=\"wp-block-heading\">El descargo de la esposa del titular de la ANSES, diputada que vot\u00f3 en contra de la Ley \u00d3mnibus en particular<\/h2>\n\n\n\n<p>La diputada Torres, que vot\u00f3 en contra de la Ley \u00d3mnibus en particular y es esposa del titular de la ANSES, hizo su descargo despu\u00e9s de que Milei apuntara contra ella y difundiera un fuerte mensaje en X que dec\u00eda: \u201cLa&nbsp;<strong>mujer&nbsp;<\/strong>del Director de ANSES del gobierno Osvaldo Giordano, la diputada Alejandra Torres, vot\u00f3 en contra. Deber\u00edan echarlo inmediatamente por&nbsp;<strong>traidor\u201d.<\/strong><\/p>\n\n\n\n<p>Torres respondi\u00f3 en su cuenta de&nbsp;<em>X:<\/em>&nbsp;\u201cMe causa mucho dolor que a esta altura de la historia sigamos pensando que por ser \u2018mujer de\u2019 no podemos tener opini\u00f3n y criterio propio&#8230;\u201d, y luego agreg\u00f3: \u201cNo cre\u00ed que pensaran que yo iba a tomar decisiones en funci\u00f3n del mandato que Osvaldo ocupa. Siempre consider\u00e9 que \u00e9l ocupa el cargo por su capacidad t\u00e9cnica, porque es uno de los que m\u00e1s sabe del sistema previsional, por la historia de gesti\u00f3n que tiene. No ten\u00eda en mi mente que eso fuera para ejercer presi\u00f3n sobre m\u00ed\u201d, en declaraciones a&nbsp;<em>radio Mitre C\u00f3rdoba.<\/em><\/p>\n","protected":false},"excerpt":{"rendered":"<p>Uno de los que quedaron en la mira del Presidente es el titular de la ANSES, Osvaldo Giordano. En la sesi\u00f3n en Diputados, su esposa vot\u00f3 en contra de varios&hellip; <\/p>\n","protected":false},"author":8,"featured_media":124179,"comment_status":"closed","ping_status":"open","sticky":false,"template":"","format":"standard","meta":{"footnotes":""},"categories":[3],"tags":[],"class_list":["post-124178","post","type-post","status-publish","format-standard","has-post-thumbnail","hentry","category-politica"],"_links":{"self":[{"href":"https:\/\/corrientesdetarde.com\/index.php\/wp-json\/wp\/v2\/posts\/124178","targetHints":{"allow":["GET"]}}],"collection":[{"href":"https:\/\/corrientesdetarde.com\/index.php\/wp-json\/wp\/v2\/posts"}],"about":[{"href":"https:\/\/corrientesdetarde.com\/index.php\/wp-json\/wp\/v2\/types\/post"}],"author":[{"embeddable":true,"href":"https:\/\/corrientesdetarde.com\/index.php\/wp-json\/wp\/v2\/users\/8"}],"replies":[{"embeddable":true,"href":"https:\/\/corrientesdetarde.com\/index.php\/wp-json\/wp\/v2\/comments?post=124178"}],"version-history":[{"count":1,"href":"https:\/\/corrientesdetarde.com\/index.php\/wp-json\/wp\/v2\/posts\/124178\/revisions"}],"predecessor-version":[{"id":124180,"href":"https:\/\/corrientesdetarde.com\/index.php\/wp-json\/wp\/v2\/posts\/124178\/revisions\/124180"}],"wp:featuredmedia":[{"embeddable":true,"href":"https:\/\/corrientesdetarde.com\/index.php\/wp-json\/wp\/v2\/media\/124179"}],"wp:attachment":[{"href":"https:\/\/corrientesdetarde.com\/index.php\/wp-json\/wp\/v2\/media?parent=124178"}],"wp:term":[{"taxonomy":"category","embeddable":true,"href":"https:\/\/corrientesdetarde.com\/index.php\/wp-json\/wp\/v2\/categories?post=124178"},{"taxonomy":"post_tag","embeddable":true,"href":"https:\/\/corrientesdetarde.com\/index.php\/wp-json\/wp\/v2\/tags?post=124178"}],"curies":[{"name":"wp","href":"https:\/\/api.w.org\/{rel}","templated":true}]}}