{"id":12418,"date":"2022-10-19T07:43:11","date_gmt":"2022-10-19T10:43:11","guid":{"rendered":"https:\/\/corrientesdetarde.com\/?p=12418"},"modified":"2022-10-19T07:43:14","modified_gmt":"2022-10-19T10:43:14","slug":"manzur-convoco-a-otra-reunion-de-gabinete-pero-habra-bajas-importantes-entre-los-ministros","status":"publish","type":"post","link":"https:\/\/corrientesdetarde.com\/index.php\/nacionales\/manzur-convoco-a-otra-reunion-de-gabinete-pero-habra-bajas-importantes-entre-los-ministros\/","title":{"rendered":"<strong>Manzur convoc\u00f3 a otra reuni\u00f3n de Gabinete pero habr\u00e1 bajas importantes entre los ministros<\/strong>"},"content":{"rendered":"\n<p>Ser\u00e1 la primera vez que participen Victoria Tolosa Paz, \u201cKelly\u201d Olmos y Ayel\u00e9n Mazzina. No concurrir\u00e1n Eduardo de Pedro, An\u00edbal Fern\u00e1ndez, Santiago Cafiero, Carla Vizzotti y no est\u00e1 confirmada la presencia del titular de Econom\u00eda, Sergio Massa<\/p>\n\n\n\n<p>Este mi\u00e9rcoles desde las 9 volver\u00e1n las reuniones de&nbsp;<strong>Gabinete<\/strong>&nbsp;a la Casa Rosada. En el Sal\u00f3n Eva Per\u00f3n, ubicado en el primer piso de Balcarce 50, est\u00e1 previsto que&nbsp;<strong>Juan Manzur<\/strong>, ministro coordinador, reciba al elenco de ministros que tendr\u00e1 algunas bajas sensibles por actividades de algunos de ellos, en el exterior o en alguna provincia argentina. Tampoco intervendr\u00e1 el presidente&nbsp;<strong>Alberto Fern\u00e1ndez<\/strong>&nbsp;que viajar\u00e1 en visita oficial a Catamarca.<\/p>\n\n\n\n<p>Seg\u00fan se inform\u00f3 desde Jefatura de Gabinete este encuentro servir\u00e1\u201cpara analizar la coyuntura actual y la marcha de las pol\u00edticas p\u00fablicas del Gobierno\u201d. La \u00faltima vez que se produjo una reuni\u00f3n de estas caracter\u00edsticas fue hace tres semanas, el mi\u00e9rcoles 28 de septiembre, con algunas \u201cbajas\u201d en la convocatoria.<\/p>\n\n\n\n<p>Ser\u00e1 la primera vez para las tres ministras que juraron en sus cargos el jueves de la semana anterior.<strong>&nbsp;Victoria Tolosa Paz<\/strong>, que reemplaz\u00f3 a&nbsp;<strong>Juan Zabaleta<\/strong>&nbsp;en Desarrollo Social,&nbsp;<strong>Raquel \u201cKelly\u201d Olmos<\/strong>, reemplazante de&nbsp;<strong>Claudio Moroni<\/strong>&nbsp;en Trabajo y&nbsp;<strong>Ayel\u00e9n Mazzina<\/strong>, la puntana que ocup\u00f3 el lugar de la renunciante&nbsp;<strong>Elizabeth G\u00f3mez Alcorta<\/strong>&nbsp;en Mujeres, G\u00e9neros y Diversidad, tendr\u00e1n su primera experiencia en este tipo de encuentros.<\/p>\n\n\n\n<p>Quienes estar\u00e1n ausentes son&nbsp;<strong>An\u00edbal Fern\u00e1ndez<\/strong>, titular de la cartera de Seguridad, quien viajar\u00e1 a San Fernando del Valle de Catamarca acompa\u00f1ando al presidente&nbsp;<strong>Alberto Fern\u00e1ndez<\/strong>, donde entregar\u00e1 equipos t\u00e9cnicos que servir\u00e1n para combatir ciberdelitos. Adem\u00e1s, el titular de Interior,&nbsp;<strong>Eduardo \u201cWado\u201d de Pedro<\/strong>, permanecer\u00e1 este mi\u00e9rcoles en La Rioja, donde inaugurar\u00e1 una f\u00e1brica textil con el gobernador Ricardo Quintela.<\/p>\n\n\n\n<p>No est\u00e1 confirmada la presencia del responsable de Econom\u00eda,&nbsp;<strong>Sergio Massa<\/strong>, quien el martes se reuni\u00f3 en&nbsp;<strong>Santiago del Estero<\/strong>&nbsp;con representantes de los gobiernos de las 10 provincias que integran el bloque denominado \u201cNorte Grande\u201d donde trataron el monto que se les asignar\u00e1 como subsidios al transporte y la aplicaci\u00f3n de una segmentaci\u00f3n de tarifas diferencial para la regi\u00f3n.<\/p>\n\n\n\n<p>Adem\u00e1s, Massa y los mandatarios provinciales siguieron las conversaciones respecto del programa de financiamiento internacional del corredor bioce\u00e1nico y otro programa que permita una soluci\u00f3n estructural a las deudas de empresas energ\u00e9ticas con la firma Cammesa<\/p>\n\n\n\n<p><strong>Carla Vizzotti<\/strong>, en tanto, tampoco podr\u00e1 dar el presente ya que sigue en la<strong>&nbsp;Cumbre Mundial de la Salud<\/strong>&nbsp;en&nbsp;<strong>Berl\u00edn<\/strong>, Alemania. Por su parte, el canciller&nbsp;<strong>Santiago Cafiero<\/strong>&nbsp;se trasladar\u00e1 a San Carlos de Bariloche, donde visitar\u00e1 las instalaciones del INVAP y de la Comisi\u00f3n Nacional de Energ\u00eda At\u00f3mica, con&nbsp;<strong>Rafael Grossi<\/strong>, Director General de la Agencia Internacional de la Energ\u00eda At\u00f3mica, quien est\u00e1 de visita en nuestro pa\u00eds y ayer se entrevist\u00f3 con Alberto Fern\u00e1ndez.<\/p>\n\n\n\n<p>Los otros ministros que deber\u00edan acompa\u00f1ar a Manzur son Gabriel Katopodis (Obras P\u00fablicas), Jorge Ferraresi (H\u00e1bitat y Desarrollo Territorial), Daniel Filmus (Ciencia y Tecnolog\u00eda), Jaime Perczyc (Educaci\u00f3n), Juan Cabandi\u00e9 (Ambiente), Alexis Guerrera (Transporte), Mart\u00edn Soria (Justicia), Jorge Taiana (Defensa), Mat\u00edas Lammens (Turismo y Deportes) y Trist\u00e1n Bauer (Cultura).<\/p>\n\n\n\n<p>La reuni\u00f3n de Gabinete se dar\u00e1 luego del recambio ministerial y de una jornada como la del lunes de esta semana, 17 de octubre, en la que el D\u00eda de la Lealtad peronista se celebr\u00f3 con varios actos durante la jornada, convocados por las distintas corrientes internas de la coalici\u00f3n gobernante. El kirchnerismo lo hizo en la Plaza de Mayo, el presidente Alberto Fern\u00e1ndez inaugur\u00f3 obras en Ca\u00f1uelas con el acompa\u00f1amiento de varios de sus ministros; un sector de la CGT se congreg\u00f3 en el club Obras Sanitarias, las organizaciones sociales en La Matanza y las 62 Organizaciones Peronistas en La Plata.<\/p>\n\n\n\n<p>Manzur no intervino en ninguno de ellos. Incluso trascendi\u00f3 que dejar\u00e1 la Jefatura de Gabinete en los primeros meses del a\u00f1o que viene para regresar a Tucum\u00e1n donde retomar\u00e1 su cargo de gobernador y que el Presidente ya est\u00e1 pensando en su reemplazante.<\/p>\n","protected":false},"excerpt":{"rendered":"<p>Ser\u00e1 la primera vez que participen Victoria Tolosa Paz, \u201cKelly\u201d Olmos y Ayel\u00e9n Mazzina. No concurrir\u00e1n Eduardo de Pedro, An\u00edbal Fern\u00e1ndez, Santiago Cafiero, Carla Vizzotti y no est\u00e1 confirmada la&hellip; <\/p>\n","protected":false},"author":7,"featured_media":12419,"comment_status":"closed","ping_status":"open","sticky":false,"template":"","format":"standard","meta":{"footnotes":""},"categories":[10],"tags":[],"class_list":["post-12418","post","type-post","status-publish","format-standard","has-post-thumbnail","hentry","category-nacionales"],"_links":{"self":[{"href":"https:\/\/corrientesdetarde.com\/index.php\/wp-json\/wp\/v2\/posts\/12418","targetHints":{"allow":["GET"]}}],"collection":[{"href":"https:\/\/corrientesdetarde.com\/index.php\/wp-json\/wp\/v2\/posts"}],"about":[{"href":"https:\/\/corrientesdetarde.com\/index.php\/wp-json\/wp\/v2\/types\/post"}],"author":[{"embeddable":true,"href":"https:\/\/corrientesdetarde.com\/index.php\/wp-json\/wp\/v2\/users\/7"}],"replies":[{"embeddable":true,"href":"https:\/\/corrientesdetarde.com\/index.php\/wp-json\/wp\/v2\/comments?post=12418"}],"version-history":[{"count":1,"href":"https:\/\/corrientesdetarde.com\/index.php\/wp-json\/wp\/v2\/posts\/12418\/revisions"}],"predecessor-version":[{"id":12420,"href":"https:\/\/corrientesdetarde.com\/index.php\/wp-json\/wp\/v2\/posts\/12418\/revisions\/12420"}],"wp:featuredmedia":[{"embeddable":true,"href":"https:\/\/corrientesdetarde.com\/index.php\/wp-json\/wp\/v2\/media\/12419"}],"wp:attachment":[{"href":"https:\/\/corrientesdetarde.com\/index.php\/wp-json\/wp\/v2\/media?parent=12418"}],"wp:term":[{"taxonomy":"category","embeddable":true,"href":"https:\/\/corrientesdetarde.com\/index.php\/wp-json\/wp\/v2\/categories?post=12418"},{"taxonomy":"post_tag","embeddable":true,"href":"https:\/\/corrientesdetarde.com\/index.php\/wp-json\/wp\/v2\/tags?post=12418"}],"curies":[{"name":"wp","href":"https:\/\/api.w.org\/{rel}","templated":true}]}}