{"id":124181,"date":"2024-02-08T13:44:25","date_gmt":"2024-02-08T16:44:25","guid":{"rendered":"https:\/\/corrientesdetarde.com\/?p=124181"},"modified":"2024-02-08T13:44:30","modified_gmt":"2024-02-08T16:44:30","slug":"el-presidente-del-psg-intento-hacer-una-compra-colosal-pero-no-se-lo-permitieron-y-estallo-de-bronca","status":"publish","type":"post","link":"https:\/\/corrientesdetarde.com\/index.php\/deportes\/el-presidente-del-psg-intento-hacer-una-compra-colosal-pero-no-se-lo-permitieron-y-estallo-de-bronca\/","title":{"rendered":"El presidente del PSG intent\u00f3 hacer una compra colosal pero no se lo permitieron y estall\u00f3 de bronca"},"content":{"rendered":"\n<p>Nasser Al-Khelaifi se mostr\u00f3 furioso tras el Congreso de la UEFA que se celebr\u00f3 en Par\u00eds y en el que fue reelegido al frente de la Asociaci\u00f3n Europea de Clubes.<\/p>\n\n\n\n<p>El presidente del Par\u00eds Saint-Germani Nasser Al-Khelaifi, anunci\u00f3 que el club<strong>\u00a0abandonar\u00e1 el Parque de los Pr\u00edncipes<\/strong>, cansado de la decisi\u00f3n del Ayuntamiento de la capital de\u00a0<strong>negarse a venderle el hist\u00f3rico estadio<\/strong>\u00a0donde juega el equipo.<\/p>\n\n\n\n<p><strong>\u201cYa se acab\u00f3. Vamos a irnos del Parque de los Pr\u00edncipes\u201d<\/strong>, asegur\u00f3 Al-Khelaifi\u00a0tras el Congreso de la UEFA que se celebr\u00f3 en Par\u00eds y en el que fue reelegido al frente de la Asociaci\u00f3n Europea de Clubes (ECA) y como miembro del Comit\u00e9 Ejecutivo de la UEFA.<\/p>\n\n\n\n<p>Dos d\u00edas despu\u00e9s de que la alcaldesa de Par\u00eds, la socialista Anne Hidalgo, lograra aprobar una moci\u00f3n inscribiendo el estadio en el&nbsp;<strong>patrimonio de la ciudad<\/strong>, lo que dificulta su venta, Al-Khalaefi<strong>&nbsp;elev\u00f3 el tono y dio por rotas las negociaciones con el Ayuntamiento.<\/strong><\/p>\n\n\n\n<h2 class=\"wp-block-heading\">\u201cHemos desperdiciado a\u00f1os queriendo comprar el Parque de los Pr\u00edncipes\u201d<\/h2>\n\n\n\n<p>\u201cEs demasiado f\u00e1cil decir ahora que el estadio no est\u00e1 en venta. Nosotros sabemos lo que queremos,<strong>&nbsp;hemos desperdiciado a\u00f1os queriendo comprar el Parque de los Pr\u00edncipes<\/strong>. Ahora se acab\u00f3, nos vamos\u201d, dijo el mandatario catar\u00ed.<\/p>\n\n\n\n<figure class=\"wp-block-image\"><img decoding=\"async\" src=\"https:\/\/tn.com.ar\/resizer\/BXqpGt10xHKpXj29TMbqIqLXIMc=\/767x0\/smart\/filters:format(webp)\/cloudfront-us-east-1.images.arcpublishing.com\/artear\/2KRXN75CGRERDJOPQVXGUM6GPQ.jpg\" alt=\"\u201cYa se acab\u00f3. Vamos a irnos del Parque de los Pr\u00edncipes\u201d, asegur\u00f3 Al-Khelaifi  (Foto: AFP).\"\/><\/figure>\n\n\n\n<p>En declaraciones a&nbsp;<em>France Info<\/em>, Al Khelaifi reproch\u00f3 a Hidalgo haberles hecho perder \u201c8 a\u00f1os\u201d, ya que entonces, poco despu\u00e9s de la compra del PSG por un fondo catar\u00ed,&nbsp;<strong>no estaba tan opuesta a la venta del estadio<\/strong>.<\/p>\n\n\n\n<p>\u201cSi la alcaldesa hubiera tenido ese discurso ocho a\u00f1os antes, el club hubiera buscado ya irse del Parque de los Pr\u00edncipes\u201d, insisti\u00f3.<\/p>\n\n\n\n<p>Fuentes del club se\u00f1alaron que, a partir de ahora,&nbsp;<strong>dejan de trabajar en cualquier proyecto de reforma o remodelaci\u00f3n del estadio<\/strong>, levantado en 1972 y con capacidad para 45.000 espectadores. Los medios franceses publicaron en los \u00faltimos meses que el PSG ya explor\u00f3 terrenos situados en las afueras de Par\u00eds para levantar un&nbsp;<strong>nuevo&nbsp;<\/strong>estadio.<\/p>\n","protected":false},"excerpt":{"rendered":"<p>Nasser Al-Khelaifi se mostr\u00f3 furioso tras el Congreso de la UEFA que se celebr\u00f3 en Par\u00eds y en el que fue reelegido al frente de la Asociaci\u00f3n Europea de Clubes.&hellip; <\/p>\n","protected":false},"author":8,"featured_media":124182,"comment_status":"closed","ping_status":"open","sticky":false,"template":"","format":"standard","meta":{"footnotes":""},"categories":[4],"tags":[],"class_list":["post-124181","post","type-post","status-publish","format-standard","has-post-thumbnail","hentry","category-deportes"],"_links":{"self":[{"href":"https:\/\/corrientesdetarde.com\/index.php\/wp-json\/wp\/v2\/posts\/124181","targetHints":{"allow":["GET"]}}],"collection":[{"href":"https:\/\/corrientesdetarde.com\/index.php\/wp-json\/wp\/v2\/posts"}],"about":[{"href":"https:\/\/corrientesdetarde.com\/index.php\/wp-json\/wp\/v2\/types\/post"}],"author":[{"embeddable":true,"href":"https:\/\/corrientesdetarde.com\/index.php\/wp-json\/wp\/v2\/users\/8"}],"replies":[{"embeddable":true,"href":"https:\/\/corrientesdetarde.com\/index.php\/wp-json\/wp\/v2\/comments?post=124181"}],"version-history":[{"count":1,"href":"https:\/\/corrientesdetarde.com\/index.php\/wp-json\/wp\/v2\/posts\/124181\/revisions"}],"predecessor-version":[{"id":124183,"href":"https:\/\/corrientesdetarde.com\/index.php\/wp-json\/wp\/v2\/posts\/124181\/revisions\/124183"}],"wp:featuredmedia":[{"embeddable":true,"href":"https:\/\/corrientesdetarde.com\/index.php\/wp-json\/wp\/v2\/media\/124182"}],"wp:attachment":[{"href":"https:\/\/corrientesdetarde.com\/index.php\/wp-json\/wp\/v2\/media?parent=124181"}],"wp:term":[{"taxonomy":"category","embeddable":true,"href":"https:\/\/corrientesdetarde.com\/index.php\/wp-json\/wp\/v2\/categories?post=124181"},{"taxonomy":"post_tag","embeddable":true,"href":"https:\/\/corrientesdetarde.com\/index.php\/wp-json\/wp\/v2\/tags?post=124181"}],"curies":[{"name":"wp","href":"https:\/\/api.w.org\/{rel}","templated":true}]}}