{"id":124367,"date":"2024-02-09T10:38:11","date_gmt":"2024-02-09T13:38:11","guid":{"rendered":"https:\/\/corrientesdetarde.com\/?p=124367"},"modified":"2024-02-09T10:38:23","modified_gmt":"2024-02-09T13:38:23","slug":"quien-es-el-ex-comisario-detenido-por-el-crimen-del-monaguillo-sus-oscuros-antecedentes","status":"publish","type":"post","link":"https:\/\/corrientesdetarde.com\/index.php\/policiales\/quien-es-el-ex-comisario-detenido-por-el-crimen-del-monaguillo-sus-oscuros-antecedentes\/","title":{"rendered":"Qui\u00e9n es el ex comisario detenido por el crimen del monaguillo: sus oscuros antecedentes"},"content":{"rendered":"\n<p>Se llama<strong>\u00a0Adri\u00e1n Francisco Brulc<\/strong>\u00a0y este jueves fue detenido tras ser acusado por el\u00a0<strong>doble crimen del monaguillo Germ\u00e1n Zucarelli y de su t\u00eda de 75 a\u00f1os<\/strong>, atacados a balazos el viernes pasado por la noche en la localidad bonaerense de Lan\u00fas.<\/p>\n\n\n\n<figure class=\"wp-block-image\"><a href=\"https:\/\/www.a24.com\/policiales\/crimen-del-monaguillo-y-su-tia-los-ultimos-gritos-las-victimas-y-la-sospecha-un-rito-iniciacion-n1288743\"><img decoding=\"async\" src=\"https:\/\/media.a24.com\/p\/7a6e5c12c8e7df710fd7ab1a3a52cec7\/adjuntos\/296\/imagenes\/009\/290\/0009290955\/350x197\/smart\/asesinato-lanusavif.avif\" alt=\"Crimen del monaguillo: los \u00faltimos gritos de ayuda y la sospecha de un rito de iniciaci\u00f3n\" title=\"Crimen del monaguillo: los \u00faltimos gritos de ayuda y la sospecha de un rito de iniciaci\u00f3n\"\/><\/a><\/figure>\n\n\n\n<p>Al&nbsp;<strong>exjefe departamental de Almirante Brown<\/strong>, de 54 a\u00f1os, se lo&nbsp;<strong>identific\u00f3&nbsp;<\/strong>a partir del relevamiento de las<strong>&nbsp;c\u00e1maras de seguridad<\/strong>, que capt\u00f3 la huida a toda velocidad de un autom\u00f3vil Volkswagen CrossFox oscuro, desde el cual descendi\u00f3 el autor de los disparos.<\/p>\n\n\n\n<p>Luego de que se produjera la detenci\u00f3n, en las \u00faltimas horas, se conocieron otros pol\u00e9micos antecedentes de Brulc.<\/p>\n\n\n\n<h2 class=\"wp-block-heading\">Crimen del monaguillo: el incre\u00edble prontuario del detenido,&nbsp;<strong>exjefe departamental de Almirante Brown<\/strong><\/h2>\n\n\n\n<figure class=\"wp-block-image\"><img decoding=\"async\" src=\"https:\/\/media.a24.com\/p\/c88fccd1fc786a9702fc356f9e051a52\/adjuntos\/296\/imagenes\/009\/292\/0009292917\/1200x675\/smart\/adrian-francisco-brulc-exjefe-departamental-almirante-brown-foto-archivo.jpg\" alt=\"Adri\u00e1n Francisco Brulc, exjefe departamental de Almirante Brown (Foto: archivo).\" title=\"Adri\u00e1n Francisco Brulc, exjefe departamental de Almirante Brown (Foto: archivo).\"\/><\/figure>\n\n\n\n<p>Adri\u00e1n Francisco Brulc, exjefe departamental de Almirante Brown (Foto: archivo).<\/p>\n\n\n\n<p><strong>En febrero de 2019 fue detenido tras ser acusado por lavado de activos,<\/strong>&nbsp;causa a cargo del juez federal Federico Villena en Lomas de Zamora, en la que intervinieron la (Unidad de Informaci\u00f3n Financiera) UIF y la AFIP.<\/p>\n\n\n\n<p>Mediante la Auditor\u00eda General de Asuntos Internos del Ministerio de Seguridad, en 2017, se establecieron&nbsp;<strong>incompatibilidades entre los ingresos reportados por Brulc (40 mil pesos mensuales en ese entonces) y sus bienes<\/strong>: un departamento en Caballito, una casa en Lan\u00fas, dos autos, una camioneta 4\u00d74 y cinco terrenos en la localidad de Esteban Echeverr\u00eda valuados en ese entonces en 250 mil d\u00f3lares.<\/p>\n\n\n\n<p>Brulc estaba bajo sospecha de que su fortuna proven\u00eda del&nbsp;<strong>&#8220;narcotr\u00e1fico&#8221; y robos de &#8220;piratas del asfalto&#8221;.&nbsp;<\/strong>Al momento de su detenci\u00f3n e imputaci\u00f3n, en la casa del hombre, en Lan\u00fas, se hall\u00f3 una gran cantidad de armas pesadas y municiones.<\/p>\n\n\n\n<p>Seg\u00fan investigadores, en ese tiempo, la principal maniobra de lavado de dinero se realizaba a trav\u00e9s de una concesionaria de autos en el partido de Esteban Echeverr\u00eda, a nombre de una persona muy cercana al comisario (que tambi\u00e9n qued\u00f3 detenido).<\/p>\n\n\n\n<p>Con el tiempo,&nbsp;<strong>Brulc recuper\u00f3 su libertad. Este viernes, el exjefe departamental de Almirante Brown, afrontar\u00e1 una<\/strong>&nbsp;<strong>indagatoria; esta vez por el crimen de Zuccarelli<\/strong>, con un expediente a cargo de la fiscal Silvia Bussano.<\/p>\n\n\n\n<h2 class=\"wp-block-heading\">C\u00f3mo fue el crimen del monaguillo y su t\u00eda en Lan\u00fas<\/h2>\n\n\n\n<p>El doble crimen ocurri\u00f3 alrededor de las 22.30 del viernes pasado en la calle General Pico y General Guido, a unas cuatro cuadras de la comisar\u00eda 8va. del barrio Villa Obrera, del partido de Lan\u00fas, en la zona sur del Gran Buenos Aires.<\/p>\n\n\n\n<p>Zucarelli iba caminando junto a su t\u00eda cuando ambos fueron atacados a balazos desde una camioneta y casi sin mediar palabra, por lo que cayeron al piso gravemente heridos.<\/p>\n\n\n\n<p>Zucarelli era due\u00f1o de una santer\u00eda, ten\u00eda participaci\u00f3n activa en la iglesia de su zona, no ten\u00eda hijos y resid\u00eda con sus padres.<\/p>\n\n\n\n<p>El monaguillo falleci\u00f3 la misma noche del ataque y su t\u00eda muri\u00f3 el domingo por la tarde tras permanecer un d\u00eda y medio internada.<\/p>\n","protected":false},"excerpt":{"rendered":"<p>Se llama\u00a0Adri\u00e1n Francisco Brulc\u00a0y este jueves fue detenido tras ser acusado por el\u00a0doble crimen del monaguillo Germ\u00e1n Zucarelli y de su t\u00eda de 75 a\u00f1os, atacados a balazos el viernes&hellip; <\/p>\n","protected":false},"author":12,"featured_media":124386,"comment_status":"closed","ping_status":"open","sticky":false,"template":"","format":"standard","meta":{"footnotes":""},"categories":[33],"tags":[],"class_list":["post-124367","post","type-post","status-publish","format-standard","has-post-thumbnail","hentry","category-policiales"],"_links":{"self":[{"href":"https:\/\/corrientesdetarde.com\/index.php\/wp-json\/wp\/v2\/posts\/124367","targetHints":{"allow":["GET"]}}],"collection":[{"href":"https:\/\/corrientesdetarde.com\/index.php\/wp-json\/wp\/v2\/posts"}],"about":[{"href":"https:\/\/corrientesdetarde.com\/index.php\/wp-json\/wp\/v2\/types\/post"}],"author":[{"embeddable":true,"href":"https:\/\/corrientesdetarde.com\/index.php\/wp-json\/wp\/v2\/users\/12"}],"replies":[{"embeddable":true,"href":"https:\/\/corrientesdetarde.com\/index.php\/wp-json\/wp\/v2\/comments?post=124367"}],"version-history":[{"count":1,"href":"https:\/\/corrientesdetarde.com\/index.php\/wp-json\/wp\/v2\/posts\/124367\/revisions"}],"predecessor-version":[{"id":124387,"href":"https:\/\/corrientesdetarde.com\/index.php\/wp-json\/wp\/v2\/posts\/124367\/revisions\/124387"}],"wp:featuredmedia":[{"embeddable":true,"href":"https:\/\/corrientesdetarde.com\/index.php\/wp-json\/wp\/v2\/media\/124386"}],"wp:attachment":[{"href":"https:\/\/corrientesdetarde.com\/index.php\/wp-json\/wp\/v2\/media?parent=124367"}],"wp:term":[{"taxonomy":"category","embeddable":true,"href":"https:\/\/corrientesdetarde.com\/index.php\/wp-json\/wp\/v2\/categories?post=124367"},{"taxonomy":"post_tag","embeddable":true,"href":"https:\/\/corrientesdetarde.com\/index.php\/wp-json\/wp\/v2\/tags?post=124367"}],"curies":[{"name":"wp","href":"https:\/\/api.w.org\/{rel}","templated":true}]}}