{"id":124368,"date":"2024-02-09T10:17:06","date_gmt":"2024-02-09T13:17:06","guid":{"rendered":"https:\/\/corrientesdetarde.com\/?p=124368"},"modified":"2024-02-09T10:17:10","modified_gmt":"2024-02-09T13:17:10","slug":"dia-mundial-de-la-pizza-por-que-se-celebra-cada-9-de-febrero","status":"publish","type":"post","link":"https:\/\/corrientesdetarde.com\/index.php\/nacionales\/dia-mundial-de-la-pizza-por-que-se-celebra-cada-9-de-febrero\/","title":{"rendered":"D\u00eda Mundial de la Pizza: por qu\u00e9 se celebra cada 9 de febrero"},"content":{"rendered":"\n<h3 class=\"wp-block-heading\"><strong>La pizza es una de las elaboraciones m\u00e1s consumidas del mundo. Y, en su honor, tiene un d\u00eda especial en conmemoraci\u00f3n para sus amantes.<\/strong><\/h3>\n\n\n\n<p>Cada\u00a0<strong>9 de febrero,<\/strong>\u00a0desde el\u00a0<strong>2017<\/strong>, se celebra en\u00a0<strong>Argentina<\/strong>\u00a0y el mundo el\u00a0<strong>D\u00eda Mundial de la Pizza<\/strong>, una fecha que re\u00fane a millones de\u00a0<strong>degustadores<\/strong>\u00a0que aprovechan la ocasi\u00f3n para disfrutar las infinitas versiones de este plato, tanto en su preparaci\u00f3n como en sus condimentos.<\/p>\n\n\n\n<h2 class=\"wp-block-heading\">\u00bfPor qu\u00e9 se celebra el D\u00eda de la Pizza el 9 de febrero?<\/h2>\n\n\n\n<p>En\u00a0<strong>2017<\/strong>, la\u00a0<strong>pizza\u00a0<\/strong>fue oficialmente declarada\u00a0<strong>Patrimonio Inmaterial de la Humanidad por la\u00a0UNESCO<\/strong>. Esta distinci\u00f3n se otorg\u00f3 debido a su papel significativo en la vida social y su contribuci\u00f3n a la transmisi\u00f3n de este\u00a0<strong>arte culinario<\/strong>\u00a0entre generaciones.Informate m\u00e1s<\/p>\n\n\n\n<figure class=\"wp-block-image\"><img decoding=\"async\" src=\"https:\/\/media.ambito.com\/p\/56308fa5a294f527e033d8045b903e2c\/adjuntos\/239\/imagenes\/040\/716\/0040716793\/pizza-avenajpg.jpg\" alt=\"Pizza\" title=\"Pizza\"\/><\/figure>\n\n\n\n<h2 class=\"wp-block-heading\">Cu\u00e1l es el origen de la pizza<\/h2>\n\n\n\n<p>A pesar de su&nbsp;<strong>origen italiano<\/strong>, la palabra<strong>&nbsp;pizza<\/strong>&nbsp;proviene del&nbsp;<strong>griego &#8220;p\u0113ktos&#8221;<\/strong>, que significa&nbsp;<strong>&#8220;s\u00f3lido&#8221; o &#8220;coagulado&#8221;<\/strong>. La base es una masa, generalmente circular (aunque tambi\u00e9n puede ser rectangular o de cualquier otra forma), elaborada con&nbsp;<strong>harina de trigo, sal, agua y levadura<\/strong>.<\/p>\n\n\n\n<p>Se cree que el antecedente es el&nbsp;<strong>pan&nbsp;<\/strong>que se consum\u00eda en las antiguas culturas de&nbsp;<strong>Egipto, Persia, Grecia y Roma<\/strong>. En el periodo&nbsp;<strong>521-500 a.C.<\/strong>, los soldados persas com\u00edan una especie de pan plano en el que pon\u00edan&nbsp;<strong>d\u00e1tiles y queso fundido<\/strong>, lo mismo que en la&nbsp;<strong>antigua Roma<\/strong>, donde los soldados hac\u00edan lo propio con un<strong>&nbsp;pan plano<\/strong>&nbsp;al que echaban&nbsp;<strong>aceite de oliva<\/strong>&nbsp;macerado con distintas&nbsp;<strong>hierbas<\/strong>.<\/p>\n\n\n\n<figure class=\"wp-block-image\"><img decoding=\"async\" src=\"https:\/\/media.ambito.com\/p\/8e54b617722ddda3a847cb09c7b20193\/adjuntos\/239\/imagenes\/040\/420\/0040420499\/francisca-pizza-margheritajpg.jpg\" alt=\"La pizza suele considerarse como un s\u00edmbolo de la gastronom\u00eda y cultura de Italia.\" title=\"La pizza suele considerarse como un s\u00edmbolo de la gastronom\u00eda y cultura de Italia.\"\/><\/figure>\n\n\n\n<p>La pizza suele considerarse como un s\u00edmbolo de la gastronom\u00eda y cultura de Italia.<\/p>\n\n\n\n<p>Francisca<\/p>\n\n\n\n<h2 class=\"wp-block-heading\">Las pizzas m\u00e1s populares y consumidas alrededor del mundo<\/h2>\n\n\n\n<p>En el mundo estos son los tipos de pizza y sabores m\u00e1s consumidos:<\/p>\n\n\n\n<ul class=\"wp-block-list\"><li><strong>Margarita:\u00a0<\/strong>es el tipo de pizza m\u00e1s b\u00e1sico y popular en el mundo, con tomate, albahaca y queso mozzarella.<\/li><li><strong>Pepperoni:<\/strong>\u00a0tambi\u00e9n conocido como salami, con un toque picante.<\/li><li><strong>Hawaiana:<\/strong>\u00a0es una combinaci\u00f3n agridulce de pi\u00f1a, jam\u00f3n y queso. Este sabor tropical es muy controversial entre los amantes de la pizza.<\/li><li><strong>Napolitana o Romana:\u00a0<\/strong>con anchoas, ajo y alcaparras.<\/li><li><strong>Cuatro quesos:\u00a0<\/strong>contiene queso azul, mozzarella, parmesano y provolone.<\/li><li><strong>Cuatro estaciones:\u00a0<\/strong>con sabores de cada estaci\u00f3n: alcachofas (primavera), aceitunas, tomate y albahaca (verano), champi\u00f1ones (oto\u00f1o) y jam\u00f3n serrano (invierno).<\/li><li><strong>Calzone:\u00a0<\/strong>es una versi\u00f3n de la pizza poco convencional, por su forma de media luna o empanada. Rellena con jam\u00f3n, queso, tomate y mozzarella.<\/li><\/ul>\n","protected":false},"excerpt":{"rendered":"<p>La pizza es una de las elaboraciones m\u00e1s consumidas del mundo. Y, en su honor, tiene un d\u00eda especial en conmemoraci\u00f3n para sus amantes. Cada\u00a09 de febrero,\u00a0desde el\u00a02017, se celebra&hellip; <\/p>\n","protected":false},"author":12,"featured_media":124384,"comment_status":"closed","ping_status":"open","sticky":false,"template":"","format":"standard","meta":{"footnotes":""},"categories":[15,10],"tags":[],"class_list":["post-124368","post","type-post","status-publish","format-standard","has-post-thumbnail","hentry","category-cultura","category-nacionales"],"_links":{"self":[{"href":"https:\/\/corrientesdetarde.com\/index.php\/wp-json\/wp\/v2\/posts\/124368","targetHints":{"allow":["GET"]}}],"collection":[{"href":"https:\/\/corrientesdetarde.com\/index.php\/wp-json\/wp\/v2\/posts"}],"about":[{"href":"https:\/\/corrientesdetarde.com\/index.php\/wp-json\/wp\/v2\/types\/post"}],"author":[{"embeddable":true,"href":"https:\/\/corrientesdetarde.com\/index.php\/wp-json\/wp\/v2\/users\/12"}],"replies":[{"embeddable":true,"href":"https:\/\/corrientesdetarde.com\/index.php\/wp-json\/wp\/v2\/comments?post=124368"}],"version-history":[{"count":1,"href":"https:\/\/corrientesdetarde.com\/index.php\/wp-json\/wp\/v2\/posts\/124368\/revisions"}],"predecessor-version":[{"id":124385,"href":"https:\/\/corrientesdetarde.com\/index.php\/wp-json\/wp\/v2\/posts\/124368\/revisions\/124385"}],"wp:featuredmedia":[{"embeddable":true,"href":"https:\/\/corrientesdetarde.com\/index.php\/wp-json\/wp\/v2\/media\/124384"}],"wp:attachment":[{"href":"https:\/\/corrientesdetarde.com\/index.php\/wp-json\/wp\/v2\/media?parent=124368"}],"wp:term":[{"taxonomy":"category","embeddable":true,"href":"https:\/\/corrientesdetarde.com\/index.php\/wp-json\/wp\/v2\/categories?post=124368"},{"taxonomy":"post_tag","embeddable":true,"href":"https:\/\/corrientesdetarde.com\/index.php\/wp-json\/wp\/v2\/tags?post=124368"}],"curies":[{"name":"wp","href":"https:\/\/api.w.org\/{rel}","templated":true}]}}