{"id":124393,"date":"2024-02-09T11:40:06","date_gmt":"2024-02-09T14:40:06","guid":{"rendered":"https:\/\/corrientesdetarde.com\/?p=124393"},"modified":"2024-02-09T11:40:18","modified_gmt":"2024-02-09T14:40:18","slug":"el-miercoles-14-comenzara-el-pago-de-la-ultima-parte-del-bono-de-fin-de-ano-y-plus-extraordinario","status":"publish","type":"post","link":"https:\/\/corrientesdetarde.com\/index.php\/locales\/el-miercoles-14-comenzara-el-pago-de-la-ultima-parte-del-bono-de-fin-de-ano-y-plus-extraordinario\/","title":{"rendered":"El mi\u00e9rcoles 14 comenzar\u00e1 el pago de la \u00faltima parte del bono de fin de a\u00f1o y plus extraordinario"},"content":{"rendered":"\n<p>La Municipalidad de la ciudad de Corrientes iniciar\u00e1 el mi\u00e9rcoles 14 de febrero el pago de la segunda y \u00faltima parte del bono de fin de a\u00f1o, junto con el plus extraordinario, seg\u00fan confirm\u00f3 el intendente Eduardo Tassano.<br>Los trabajadores de planta y contrato y los agentes Neike bancarizados tendr\u00e1n depositados los pagos en sus respectivas cuentas bancarias el mismo mi\u00e9rcoles 14.<br>Por su parte, aquellos trabajadores Neike que no est\u00e1n bancarizados acceder\u00e1n al pago en la sede central de la Caja Municipal de Pr\u00e9stamos (CMP), ubicada en Brasil 1269. Los pagos se realizan de lunes a viernes, de 7:30 a 12:30 y de 16 a 20:30.<br>En este caso, el mi\u00e9rcoles 14 les corresponder\u00e1 cobrar a los trabajadores cuyos DNI terminen en 0, 1 y 2; el jueves 15, a los agentes con DNI finalizados en 3, 4, 5 y 6; y el viernes 16, a los que tengan documentos que culminen en 7, 8 y 9.<br><br>REFUERZO ECON\u00d3MICO DE FIN DE A\u00d1O<br>De acuerdo con lo anunciado oportunamente por el intendente, el refuerzo econ\u00f3mico extraordinario de fin de a\u00f1o 2023 se dispuso en dos pagos: en enero y en febrero. El bono es por un total de $100.000, cuya primera parte de $50.000 se abon\u00f3 en enero y la segunda, de otros $50.000, se efectiviza en febrero.<br>La disposici\u00f3n, que alcanza a todos los trabajadores, se fij\u00f3 a trav\u00e9s de un acuerdo alcanzado en diciembre en Mesa Paritaria integrada por funcionarios del Departamento Ejecutivo, miembros del Concejo Deliberante capitalino y representantes de la Asociaci\u00f3n de Obreros y Empleados Municipales (AOEM).<\/p>\n\n\n","protected":false},"excerpt":{"rendered":"<p>La Municipalidad de la ciudad de Corrientes iniciar\u00e1 el mi\u00e9rcoles 14 de febrero el pago de la segunda y \u00faltima parte del bono de fin de a\u00f1o, junto con el&hellip; <\/p>\n","protected":false},"author":12,"featured_media":124427,"comment_status":"closed","ping_status":"open","sticky":false,"template":"","format":"standard","meta":{"footnotes":""},"categories":[8],"tags":[],"class_list":["post-124393","post","type-post","status-publish","format-standard","has-post-thumbnail","hentry","category-locales"],"_links":{"self":[{"href":"https:\/\/corrientesdetarde.com\/index.php\/wp-json\/wp\/v2\/posts\/124393","targetHints":{"allow":["GET"]}}],"collection":[{"href":"https:\/\/corrientesdetarde.com\/index.php\/wp-json\/wp\/v2\/posts"}],"about":[{"href":"https:\/\/corrientesdetarde.com\/index.php\/wp-json\/wp\/v2\/types\/post"}],"author":[{"embeddable":true,"href":"https:\/\/corrientesdetarde.com\/index.php\/wp-json\/wp\/v2\/users\/12"}],"replies":[{"embeddable":true,"href":"https:\/\/corrientesdetarde.com\/index.php\/wp-json\/wp\/v2\/comments?post=124393"}],"version-history":[{"count":1,"href":"https:\/\/corrientesdetarde.com\/index.php\/wp-json\/wp\/v2\/posts\/124393\/revisions"}],"predecessor-version":[{"id":124429,"href":"https:\/\/corrientesdetarde.com\/index.php\/wp-json\/wp\/v2\/posts\/124393\/revisions\/124429"}],"wp:featuredmedia":[{"embeddable":true,"href":"https:\/\/corrientesdetarde.com\/index.php\/wp-json\/wp\/v2\/media\/124427"}],"wp:attachment":[{"href":"https:\/\/corrientesdetarde.com\/index.php\/wp-json\/wp\/v2\/media?parent=124393"}],"wp:term":[{"taxonomy":"category","embeddable":true,"href":"https:\/\/corrientesdetarde.com\/index.php\/wp-json\/wp\/v2\/categories?post=124393"},{"taxonomy":"post_tag","embeddable":true,"href":"https:\/\/corrientesdetarde.com\/index.php\/wp-json\/wp\/v2\/tags?post=124393"}],"curies":[{"name":"wp","href":"https:\/\/api.w.org\/{rel}","templated":true}]}}