{"id":124394,"date":"2024-02-09T11:36:34","date_gmt":"2024-02-09T14:36:34","guid":{"rendered":"https:\/\/corrientesdetarde.com\/?p=124394"},"modified":"2024-02-09T11:40:24","modified_gmt":"2024-02-09T14:40:24","slug":"jorge-macri-lamento-las-victimas-fatales-del-derrumbe-en-caballito","status":"publish","type":"post","link":"https:\/\/corrientesdetarde.com\/index.php\/nacionales\/jorge-macri-lamento-las-victimas-fatales-del-derrumbe-en-caballito\/","title":{"rendered":"Jorge Macri lament\u00f3 las v\u00edctimas fatales del derrumbe en Caballito"},"content":{"rendered":"\n<p>El\u00a0jefe de Gobierno porte\u00f1o,\u00a0<strong>Jorge Macri<\/strong>, expres\u00f3 este jueves por la noche sus &#8220;<strong>\u00a0m\u00e1s sentidas condolencias<\/strong>&#8221; por las\u00a0<strong>dos v\u00edctimas fatales por un derrumbe en Caballito<\/strong>\u00a0e instruy\u00f3 a las distintas \u00e1reas de su gesti\u00f3n que &#8220;brinden la ayuda necesaria&#8221; a todos los afectados.<\/p>\n\n\n\n<p>Asimismo,&nbsp;<strong>puso a disposici\u00f3n de la Justicia &#8220;toda la informaci\u00f3n necesaria para que se realice la investigaci\u00f3n correspondiente y se esclarezcan los hechos que desencadenaron esta tragedia&#8221;<\/strong>.<\/p>\n\n\n\n<p>&#8220;Mis m\u00e1s sentidas condolencias a las familias y amigos de las dos personas que tr\u00e1gicamente perdieron la vida en el derrumbe de la obra en construcci\u00f3n en Av. Pedro Goyena.&nbsp;<strong>Los abrazo en el dolor<\/strong>&#8220;, escribi\u00f3 Macri en su cuenta de X (ex Twitter).<\/p>\n\n\n\n<p>Y a\u00f1adi\u00f3, en la misma l\u00ednea: &#8220;<strong>Instru\u00ed a las distintas \u00e1reas de gobierno a que asistan emocional y psicol\u00f3gicamente a todos los afectados<\/strong>&nbsp;y brinden la ayuda necesaria a quienes no pueden volver a su casa&#8221;.<\/p>\n\n\n\n<p>&#8220;<strong>Valoro y agradezco el r\u00e1pido y valiente operativo que llevaron adelante los bomberos, el SAME y los distintos equipos de Emergencias de la Ciudad<\/strong>, respondiendo de manera r\u00e1pida para salvar a quienes estaban atrapados en los escombros&#8221;, sostuvo el jefe de Gobierno porte\u00f1o.<\/p>\n\n\n\n<p><\/p>\n\n\n\n<blockquote class=\"wp-block-quote is-layout-flow wp-block-quote-is-layout-flow\"><p>Mis m\u00e1s sentidas condolencias a las familias y amigos de las dos personas que tr\u00e1gicamente perdieron la vida en el derrumbe de la obra en construcci\u00f3n en Av. Pedro Goyena. Los abrazo en el dolor.<br><br>Instru\u00ed a las distintas \u00e1reas de gobierno a que asistan emocional y\u2026\u2014 Jorge Macri (@jorgemacri)\u00a0February 9, 2024<\/p><\/blockquote>\n\n\n\n<h2 class=\"wp-block-heading\">Derrumbe en Caballito<\/h2>\n\n\n\n<p>Una<strong>&nbsp;mujer de 75 a\u00f1os<\/strong>&nbsp;y un<strong>&nbsp;hombre de 82 murieron hoy a causa del derrumbe ocurrido en una vivienda en el barrio porte\u00f1o de Caballito<\/strong>, mientras otro fue rescatado de entre los escombros y trasladado para su asistencia al Hospital Durand, inform\u00f3 la Polic\u00eda de la Ciudad.<\/p>\n\n\n\n<p><strong>El colapso se produjo antes de las 13 horas, sobre la avenida Pedro Goyena al 500,&nbsp;<\/strong>donde hay una obra en construcci\u00f3n que tiene una fosa de dos subsuelos a cielo abierto, explicaron las fuentes del caso en&nbsp;<strong>A24<\/strong>.<\/p>\n","protected":false},"excerpt":{"rendered":"<p>El\u00a0jefe de Gobierno porte\u00f1o,\u00a0Jorge Macri, expres\u00f3 este jueves por la noche sus &#8220;\u00a0m\u00e1s sentidas condolencias&#8221; por las\u00a0dos v\u00edctimas fatales por un derrumbe en Caballito\u00a0e instruy\u00f3 a las distintas \u00e1reas de&hellip; <\/p>\n","protected":false},"author":12,"featured_media":124425,"comment_status":"closed","ping_status":"open","sticky":false,"template":"","format":"standard","meta":{"footnotes":""},"categories":[10],"tags":[],"class_list":["post-124394","post","type-post","status-publish","format-standard","has-post-thumbnail","hentry","category-nacionales"],"_links":{"self":[{"href":"https:\/\/corrientesdetarde.com\/index.php\/wp-json\/wp\/v2\/posts\/124394","targetHints":{"allow":["GET"]}}],"collection":[{"href":"https:\/\/corrientesdetarde.com\/index.php\/wp-json\/wp\/v2\/posts"}],"about":[{"href":"https:\/\/corrientesdetarde.com\/index.php\/wp-json\/wp\/v2\/types\/post"}],"author":[{"embeddable":true,"href":"https:\/\/corrientesdetarde.com\/index.php\/wp-json\/wp\/v2\/users\/12"}],"replies":[{"embeddable":true,"href":"https:\/\/corrientesdetarde.com\/index.php\/wp-json\/wp\/v2\/comments?post=124394"}],"version-history":[{"count":2,"href":"https:\/\/corrientesdetarde.com\/index.php\/wp-json\/wp\/v2\/posts\/124394\/revisions"}],"predecessor-version":[{"id":124430,"href":"https:\/\/corrientesdetarde.com\/index.php\/wp-json\/wp\/v2\/posts\/124394\/revisions\/124430"}],"wp:featuredmedia":[{"embeddable":true,"href":"https:\/\/corrientesdetarde.com\/index.php\/wp-json\/wp\/v2\/media\/124425"}],"wp:attachment":[{"href":"https:\/\/corrientesdetarde.com\/index.php\/wp-json\/wp\/v2\/media?parent=124394"}],"wp:term":[{"taxonomy":"category","embeddable":true,"href":"https:\/\/corrientesdetarde.com\/index.php\/wp-json\/wp\/v2\/categories?post=124394"},{"taxonomy":"post_tag","embeddable":true,"href":"https:\/\/corrientesdetarde.com\/index.php\/wp-json\/wp\/v2\/tags?post=124394"}],"curies":[{"name":"wp","href":"https:\/\/api.w.org\/{rel}","templated":true}]}}