{"id":124397,"date":"2024-02-09T11:24:05","date_gmt":"2024-02-09T14:24:05","guid":{"rendered":"https:\/\/corrientesdetarde.com\/?p=124397"},"modified":"2024-02-09T11:24:30","modified_gmt":"2024-02-09T14:24:30","slug":"tras-el-fracaso-de-la-ley-omnibus-javier-milei-se-quedo-sin-agenda-y-evalua-cambios-en-su-politica","status":"publish","type":"post","link":"https:\/\/corrientesdetarde.com\/index.php\/politica\/tras-el-fracaso-de-la-ley-omnibus-javier-milei-se-quedo-sin-agenda-y-evalua-cambios-en-su-politica\/","title":{"rendered":"Tras el fracaso de la Ley \u00d3mnibus, Javier Milei se qued\u00f3 sin agenda y eval\u00faa cambios en su pol\u00edtica"},"content":{"rendered":"\n<p>Tras el\u00a0fracaso de la ley \u00f3mnibus\u00a0en el Congreso, el presidente\u00a0<strong>Javier Milei<\/strong>\u00a0no sabe qu\u00e9 hacer. Intenta manotazos que luego descarta, y eval\u00faa un\u00a0<strong>cambio de estrategia parlamentaria y el despido de funcionarios<\/strong>\u00a0acusados de \u201ctraidores\u201d y posibles modificaciones en el Gabinete, mientras que considera dividir el texto de 664 art\u00edculos en\u00a0<strong>varios proyectos de ley m\u00e1s breves.<\/strong><\/p>\n\n\n\n<p>\u201cMilei no sabe qu\u00e9 hacer. Le proponen ideas,&nbsp;<strong>nadie sabe muy bien c\u00f3mo seguir<\/strong>, y qued\u00f3&nbsp;<strong>sin agenda.&nbsp;<\/strong>Se qued\u00f3 sin letra porque lo \u00fanico que se hablaba en las reuniones de gabinete era del DNU y la Ley Bases&#8221;, confi\u00f3 a&nbsp;<strong>A24.com<\/strong>&nbsp;un alto funcionario que participa de esas reuniones.<\/p>\n\n\n\n<p>&#8220;En cada reuni\u00f3n se repasaba todo lo que se pod\u00eda hacer con las facultades delegadas y las privatizaciones, era el \u00fanico tema,&nbsp;<strong>no hab\u00eda Plan B<\/strong>\u201d, agreg\u00f3 la fuente.<\/p>\n\n\n\n<p>Seg\u00fan pudo saber<strong>&nbsp;A24.com<\/strong>, este mi\u00e9rcoles a la noche hubo una reuni\u00f3n reservada entre el jefe del Gabinete, Nicol\u00e1s Posse; el ministro del Interior, Guillermo Francos; el presidente de la C\u00e1mara de Diputados, Mart\u00edn Menem; y el asesor presidencial en marketing de campa\u00f1a, Santiago Caputo. Quer\u00edan proponerle soluciones al Presidente, que estaba en Israel y que se reunir\u00e1 con el papa Francisco el lunes pr\u00f3ximo en El Vaticano.<\/p>\n\n\n\n<h2 class=\"wp-block-heading\">La idea de fragmentar el proyecto de Ley Bases y tratarla en varios tramos<\/h2>\n\n\n\n<p>La conclusi\u00f3n de ese encuentro fue que le iban a proponer al Presidente&nbsp;<strong>fragmentar el proyecto de Ley Bases<\/strong>, que fijaba desregulaciones, superpoderes a Milei, una reforma del Estado y 27 privatizaciones. En cambio, de un texto largo, se intentar\u00eda con varios proyectos breves.<\/p>\n\n\n\n<p>\u201c<strong>Ojal\u00e1 lo hagan porque hay muchas cosas que nosotros quer\u00edamos votar<\/strong>\u201d, dijo a&nbsp;<strong>A24.com<\/strong>&nbsp;la diputada&nbsp;<strong>Marcela Campagnoli<\/strong>, de la Coalici\u00f3n C\u00edvica, una de las integrantes de la lista negra que difundi\u00f3 Milei de \u201ctraidores\u201d que \u201cvotaron en contra del pueblo\u201d.<\/p>\n\n\n\n<p>\u201cPuede ser todo, pero por ahora est\u00e1 todo trabado y definir\u00e1 Milei a su regreso de la gira por Israel y El Vaticano\u201d, se\u00f1alaron fuentes de la Presidencia a&nbsp;<strong>A24.com.<\/strong><\/p>\n\n\n\n<p>Un alt\u00edsimo funcionario del gabinete se\u00f1al\u00f3 que tras aquella reuni\u00f3n, \u201cel Gobierno no est\u00e1 urgido por definirlo ahora\u201d. Y a\u00f1adi\u00f3: \u201cVeremos la mejor forma de avanzar en alguna de las reformas propuestas. La semana pr\u00f3xima, al regreso del Presidente, se decidir\u00e1 m\u00e1s espec\u00edficamente\u201d.<\/p>\n\n\n\n<figure class=\"wp-block-image\"><img decoding=\"async\" src=\"https:\/\/media.a24.com\/p\/0ebbfd55bd8d0d82457af672e2a2cca4\/adjuntos\/296\/imagenes\/009\/291\/0009291528\/1200x675\/smart\/javier-milei-y-su-paso-el-muro-los-lamentos-israel-foto-ap.jpeg\" alt=\"Javier Milei y su paso por el Muro de los Lamentos en Israel (Foto: AP).\" title=\"Javier Milei y su paso por el Muro de los Lamentos en Israel (Foto: AP).\"\/><\/figure>\n\n\n\n<p>Javier Milei y su paso por el Muro de los Lamentos en Israel (Foto: AP).<\/p>\n\n\n\n<h2 class=\"wp-block-heading\">Milei eval\u00faa echar a &#8220;traidores&#8221;, pero descart\u00f3 plebiscito y aborto<\/h2>\n\n\n\n<p>No neg\u00f3 la posibilidad de enviar nuevos proyectos de ley para separar la declaraci\u00f3n de emergencia, los superpoderes, las privatizaciones y las reformas del Estado, entre otras cosas. Tampoco se descarta que Milei decida&nbsp;<strong>echar a funcionarios acusados de \u201ctraidores\u201d&nbsp;<\/strong>por el fracaso de la mega ley.<\/p>\n\n\n\n<p>La primera reacci\u00f3n fue amenazar con una consulta popular para presionar a los diputados y a los gobernadores que se opusieron a los recortes de fondos que implicaba la ley. Ahora,<strong>\u00a0el Presidente retrocedi\u00f3<\/strong>\u00a0y no avanzar\u00e1 en\u00a0el\u00a0plebiscito.<\/p>\n\n\n\n<p>Sus asesores le hicieron entender que&nbsp;<strong>era muy riesgoso<\/strong>&nbsp;someterse a un plebiscito cuando ya comienzan a sentirse las primeras se\u00f1ales de desgaste y fatiga por el ajuste fiscal y la alta inflaci\u00f3n que impacta sobre los bolsillos de la clase media y baja. Lejos de su imagen del 10 de diciembre, una consulta de este tipo&nbsp;<strong>costar\u00eda 50 mil millones de pesos<\/strong>&nbsp;y ser\u00eda de aqu\u00ed a unos meses, con una popularidad desgastada. Si perdiera el plebiscito quedar\u00eda muy debilitado y habr\u00eda perdido la pulseada contra los gobernadores.<\/p>\n\n\n\n<p>Tambi\u00e9n la Casa Rosada sorprendi\u00f3 con la presentaci\u00f3n de un\u00a0proyecto de ley para derogar la ley del aborto legal, firmado por las diputadas libertarias\u00a0<strong>Roc\u00edo Bonacci\u00a0<\/strong>y<strong>\u00a0Lilia Lemoine<\/strong>, entre otros. En el mediod\u00eda de este jueves, Lemoine aclar\u00f3 que no lo hab\u00eda firmado y sus compa\u00f1eros, tampoco; excepto Bonacci. La Casa Rosada\u00a0neg\u00f3 haberlo impulsado: era introducir un conflicto m\u00e1s en el Congreso.<\/p>\n\n\n\n<h2 class=\"wp-block-heading\">Malestar interno en Diputados con Mart\u00edn Menem<\/h2>\n\n\n\n<p>\u201cEl problema es que tenemos diputados, e incluso el propio&nbsp;<strong>Mart\u00edn Menem<\/strong>, el presidente de la C\u00e1mara, que&nbsp;<strong>no entienden ni saben c\u00f3mo es legislar<\/strong>\u201d, dijo a&nbsp;<strong>A24.com<\/strong>&nbsp;un miembro de la bancada libertaria, indignado con Menem por los errores no forzados que se cometieron en la sesi\u00f3n del martes \u00faltimo.<\/p>\n\n\n\n<p>El propio jefe del bloque,&nbsp;<strong>Oscar Zago<\/strong>, retir\u00f3 el proyecto y lo devolvi\u00f3 a comisi\u00f3n pensando que era como ir a un cuarto intermedio, pero en realidad lo estaba anulando todo y llev\u00e1ndolo a cero. El mismo ministro Francos tambi\u00e9n pensaba eso.<\/p>\n\n\n\n<p>Este jueves hubo una reuni\u00f3n de diputados en la que muchos se quejaron del manejo de Menem de la C\u00e1mara. Su primo&nbsp;<strong>Eduardo \u201cLule\u201d Menem<\/strong>&nbsp;llam\u00f3 durante la sesi\u00f3n del martes al extitular de la Aduana,&nbsp;<strong>Guillermo Michel<\/strong>, para pedirle si pod\u00eda levantar 20 diputados massistas, as\u00ed pod\u00edan ganar algunas de las votaciones. Pero Michel, mano derecha del exministro de Econom\u00eda,&nbsp;<strong>Sergio Massa<\/strong>, le dijo que no estaba a su alcance cumplir con semejante pedido, fuera de lo com\u00fan.<\/p>\n\n\n\n<figure class=\"wp-block-image\"><img decoding=\"async\" src=\"https:\/\/media.a24.com\/p\/3ed4e33ca241272200d0b33293d2f7e6\/adjuntos\/296\/imagenes\/009\/290\/0009290664\/1200x675\/smart\/debate-diputados-pasaron-un-cuarto-intermedio-una-reunion-bloques-martin-menem-foto-archivo.jpg\" alt=\"En LLA hay cr\u00edticas hacia Mart\u00edn Menem, presidente de la C\u00e1mara de Diputados, por su manejo en la sesi\u00f3n de la ley \u00f3mnibus (Foto: archivo).\" title=\"En LLA hay cr\u00edticas hacia Mart\u00edn Menem, presidente de la C\u00e1mara de Diputados, por su manejo en la sesi\u00f3n de la ley \u00f3mnibus (Foto: archivo).\"\/><\/figure>\n\n\n\n<p>En LLA hay cr\u00edticas hacia Mart\u00edn Menem, presidente de la C\u00e1mara de Diputados, por su manejo en la sesi\u00f3n de la ley \u00f3mnibus (Foto: archivo).<\/p>\n\n\n\n<p>Finalmente, los peronistas de Uni\u00f3n por la Patria, incluidos los massistas, votaron en contra del proyecto. Pero Milei no los puso en la lista de los \u201ctraidores\u201d. El Presidente nombr\u00f3 muchos funcionarios peronistas y massistas y esos dos sectores votaron en contra de la ley. Sin embargo, a ninguno de esos funcionarios est\u00e1 previsto echarlos, seg\u00fan confirmaron en el Gobierno a&nbsp;<strong>A24.com.<\/strong><\/p>\n\n\n\n<p>En cambio, los ca\u00f1ones apuntan al director de la ANSES,&nbsp;<strong>Osvaldo Giordano<\/strong>, cuya esposa es diputada,&nbsp;<strong>Alejandra Torres<\/strong>, y vot\u00f3 en contra de la Ley Bases. Milei est\u00e1 muy enojado con todos los gobernadores, pero especialmente con el de C\u00f3rdoba,&nbsp;<strong>Mart\u00edn Llaryllora<\/strong>, que se opuso a la ley. Es el jefe de Giordano, que ser\u00eda el m\u00e1s endeble hoy en su cargo.<\/p>\n\n\n\n<p>Tambi\u00e9n otros cordobeses, como&nbsp;<strong>Daniel Tillard<\/strong>, presidente del Banco Naci\u00f3n, y&nbsp;<strong>Franco Mogetta<\/strong>, secretario de Transportes, podr\u00edan peligrar en sus cargos. Milei tambi\u00e9n est\u00e1 furioso con los gobernadores de Santa Fe,&nbsp;<strong>Maximiliano Pullaro;<\/strong>&nbsp;de Jujuy,&nbsp;<strong>Carlos Sadir;<\/strong>&nbsp;de Misiones,&nbsp;<strong>Hugo Passalacqua;<\/strong>&nbsp;y de Salta,&nbsp;<strong>Gustavo S\u00e1enz.<\/strong><\/p>\n\n\n\n<p>Este \u00faltimo es el jefe espiritual de&nbsp;<strong>Flavia Royon<\/strong>, la secretaria de Miner\u00eda, que tambi\u00e9n est\u00e1 vinculada a altos empresarios del rubro de la miner\u00eda y la energ\u00eda y fue nombrada por Massa. Tambi\u00e9n podr\u00eda ser eyectada por Milei, aunque los apoyos de Royon la aseguran en su cargo.<\/p>\n\n\n\n<h2 class=\"wp-block-heading\">Milei no quiere ir a la inauguraci\u00f3n de las sesiones ordinarias del Congreso<\/h2>\n\n\n\n<p>Hay dirigentes libertarios que opinan que ser\u00eda conveniente en este momento un&nbsp;<strong>reseteo del gabinete de Milei.<\/strong>&nbsp;Pero no necesariamente opine lo mismo Milei, quien&nbsp;<strong>no quiere asistir y dar el discurso de inauguraci\u00f3n del per\u00edodo ordinario<\/strong>&nbsp;de sesiones del Congreso, el 1 de marzo, como es tradici\u00f3n para todos los presidentes. Es all\u00ed donde informa el estado de la Naci\u00f3n.<\/p>\n\n\n\n<p>\u201cMilei no quiere ir al Congreso. Imaginate que tendr\u00e1 que enfrentar a 257 diputados que le rechazaron la ley, aunque haya sido Zago el que la retir\u00f3.&nbsp;<strong>Milei dijo que todos ellos son traidores, delincuentes, estafadores, casta, ladrones y que votaron en contra del pueblo<\/strong>, adem\u00e1s de publicar sus caras en las redes sociales\u201d, se\u00f1alan en el Gobierno.<\/p>\n\n\n\n<p>\u201cImaginate si va al discurso y lo empiezan a insultar y \u00e9l empieza a responder con insultos y acusaciones a los diputados, ser\u00eda un esc\u00e1ndalo internacional y de eso no se vuelve, quedar\u00eda a tiro del juicio pol\u00edtico\u201d, se\u00f1alan a&nbsp;<strong>A24.com.<\/strong><\/p>\n\n\n\n<p>Por otra parte, qu\u00e9 va a decir de la ley \u00f3mnibus si fue la primera ley que envi\u00f3 y se la rechazaron. Despu\u00e9s de que Milei critic\u00f3 con\u00a0agravios a los diputados opositores ante los empresarios de Israel, este mi\u00e9rcoles, el ministro de Econom\u00eda,\u00a0<strong>Luis Caputo<\/strong>, dio reportajes period\u00edsticos en donde dijo que la megaley no era necesaria para seguir haciendo el ajuste y que eran \u201cdos cosas separadas\u201d.<\/p>\n\n\n\n<figure class=\"wp-block-image\"><img decoding=\"async\" src=\"https:\/\/media.a24.com\/p\/7df2d447319204d71c67d3b27ed40c5d\/adjuntos\/296\/imagenes\/009\/280\/0009280891\/1200x675\/smart\/luis-caputo-anuncio-rebaja-tasas-mipymes-financiacion-planes-permanentes-foto-gentileza-na.png\" alt=\"Luis Caputo dijo que la megaley no era necesaria para seguir haciendo el ajuste y que eran \u201cdos cosas separadas\u201d (Foto: gentileza N\/A).\" title=\"Luis Caputo dijo que la megaley no era necesaria para seguir haciendo el ajuste y que eran \u201cdos cosas separadas\u201d (Foto: gentileza N\/A).\"\/><\/figure>\n\n\n\n<p>Luis Caputo dijo que la megaley no era necesaria para seguir haciendo el ajuste y que eran \u201cdos cosas separadas\u201d (Foto: gentileza N\/A).<\/p>\n\n\n\n<h2 class=\"wp-block-heading\">Caputo intent\u00f3 calmar con una visi\u00f3n optimista<\/h2>\n\n\n\n<p>Se\u00f1al\u00f3 que los resultados del ajuste fiscal son mucho mejores que los previstos y en su entorno aseguran que&nbsp;<strong>en marzo alcanzar\u00e1 un super\u00e1vit fiscal de un bill\u00f3n de pesos<\/strong>, en junio de dos billones y en septiembre de casi tres billones. Ese es el objetivo para llegar a d\u00e9ficit financiero cero: equilibrar las cuentas, acceder a los d\u00f3lares y comenzar la recuperaci\u00f3n de la econom\u00eda con sectores exportadores y luego internos.<\/p>\n\n\n\n<p>Sin embargo, los resultados de la inflaci\u00f3n son preocupantes y m\u00e1s a\u00fan el efecto sobre la econom\u00eda real: ca\u00edda de demanda, recesi\u00f3n, desempleo y cierres de empresas.<\/p>\n\n\n\n<p>Caputo busc\u00f3 llevar tranquilidad a los mercados y se\u00f1al\u00f3 que la econom\u00eda estaba bajo control y que se iba a llegar al super\u00e1vit sin necesidad de tener una ley. Seg\u00fan la visi\u00f3n de otros economistas, como\u00a0<strong>Roberto Cachanosky<\/strong>, los datos presupuestarios no est\u00e1n disponibles, pero el equilibrio se podr\u00eda alcanzar con la licuaci\u00f3n de las jubilaciones.<\/p>\n\n\n\n<blockquote class=\"wp-block-quote is-layout-flow wp-block-quote-is-layout-flow\"><p>Por ahora, el plan econ\u00f3mico ha quedado en una mezcla de rodrigazo (cambio de precios relativos) y licuaci\u00f3n del gasto p\u00fablico al estilo Duhalde-Remes 2002, m\u00e1s licuaci\u00f3n del los pasivos remunerados del BCRA.<br>Curiosamente, de proponer cerrar el BCRA, pas\u00f3 a ser un instrumento muy\u2026\u2014 Roberto Cachanosky (@RCachanosky)\u00a0February 8, 2024<\/p><\/blockquote>\n\n\n\n<p>Sin embargo, en la ma\u00f1ana del jueves, Caputo se levant\u00f3 de la cama y dispuso el\u00a0recorte del Fondo Compensador del Transporte\u00a0para las provincias.<\/p>\n\n\n\n<p>Esto provocar\u00eda que el boleto de transportes de pasajeros en C\u00f3rdoba, Santa Fe o Mendoza pase a costar&nbsp;<strong>1000 pesos.<\/strong>&nbsp;\u201cEs horroroso. Se fue acostar diciendo que estaba todo bien y se levant\u00f3 con un guada\u00f1azo\u201d, dijo una legisladora. Los gobernadores est\u00e1n convencidos de que&nbsp;<strong>Milei les declar\u00f3 la guerra y que todos los puentes est\u00e1n rotos.<\/strong><\/p>\n","protected":false},"excerpt":{"rendered":"<p>Tras el\u00a0fracaso de la ley \u00f3mnibus\u00a0en el Congreso, el presidente\u00a0Javier Milei\u00a0no sabe qu\u00e9 hacer. Intenta manotazos que luego descarta, y eval\u00faa un\u00a0cambio de estrategia parlamentaria y el despido de funcionarios\u00a0acusados&hellip; <\/p>\n","protected":false},"author":12,"featured_media":124417,"comment_status":"closed","ping_status":"open","sticky":false,"template":"","format":"standard","meta":{"footnotes":""},"categories":[3],"tags":[],"class_list":["post-124397","post","type-post","status-publish","format-standard","has-post-thumbnail","hentry","category-politica"],"_links":{"self":[{"href":"https:\/\/corrientesdetarde.com\/index.php\/wp-json\/wp\/v2\/posts\/124397","targetHints":{"allow":["GET"]}}],"collection":[{"href":"https:\/\/corrientesdetarde.com\/index.php\/wp-json\/wp\/v2\/posts"}],"about":[{"href":"https:\/\/corrientesdetarde.com\/index.php\/wp-json\/wp\/v2\/types\/post"}],"author":[{"embeddable":true,"href":"https:\/\/corrientesdetarde.com\/index.php\/wp-json\/wp\/v2\/users\/12"}],"replies":[{"embeddable":true,"href":"https:\/\/corrientesdetarde.com\/index.php\/wp-json\/wp\/v2\/comments?post=124397"}],"version-history":[{"count":2,"href":"https:\/\/corrientesdetarde.com\/index.php\/wp-json\/wp\/v2\/posts\/124397\/revisions"}],"predecessor-version":[{"id":124419,"href":"https:\/\/corrientesdetarde.com\/index.php\/wp-json\/wp\/v2\/posts\/124397\/revisions\/124419"}],"wp:featuredmedia":[{"embeddable":true,"href":"https:\/\/corrientesdetarde.com\/index.php\/wp-json\/wp\/v2\/media\/124417"}],"wp:attachment":[{"href":"https:\/\/corrientesdetarde.com\/index.php\/wp-json\/wp\/v2\/media?parent=124397"}],"wp:term":[{"taxonomy":"category","embeddable":true,"href":"https:\/\/corrientesdetarde.com\/index.php\/wp-json\/wp\/v2\/categories?post=124397"},{"taxonomy":"post_tag","embeddable":true,"href":"https:\/\/corrientesdetarde.com\/index.php\/wp-json\/wp\/v2\/tags?post=124397"}],"curies":[{"name":"wp","href":"https:\/\/api.w.org\/{rel}","templated":true}]}}