{"id":124398,"date":"2024-02-09T11:05:10","date_gmt":"2024-02-09T14:05:10","guid":{"rendered":"https:\/\/corrientesdetarde.com\/?p=124398"},"modified":"2024-02-09T11:21:56","modified_gmt":"2024-02-09T14:21:56","slug":"piden-la-detencion-urgente-de-la-mole-moli-tras-el-dramatico-relato-de-su-ex-marta-galiano","status":"publish","type":"post","link":"https:\/\/corrientesdetarde.com\/index.php\/espectaculos\/piden-la-detencion-urgente-de-la-mole-moli-tras-el-dramatico-relato-de-su-ex-marta-galiano\/","title":{"rendered":"Piden la detenci\u00f3n urgente de La Mole Moli tras el dram\u00e1tico relato de su ex, Marta Galiano"},"content":{"rendered":"\n<p><strong>Fabio La Mole Moli<\/strong>\u00a0fue condenado a mediados de 2023 por violencia de g\u00e9nero tras la denuncia realizada en 2019 por su ex pareja,\u00a0<strong>la Negra Marta Galiano<\/strong>.<\/p>\n\n\n\n<p>En ese fallo el ex boxeador fue condenado a 2 a\u00f1os y 8 meses de prisi\u00f3n, sin prisi\u00f3n efectiva, por no superar la pena de tres a\u00f1os. Sin embargo, el cordob\u00e9s, seg\u00fan cont\u00f3 su ex pareja, no estar\u00eda cumpliendo con las medidas restrictivas que le impuso el juez.<\/p>\n\n\n\n<p><strong>Marta Galiano&nbsp;<\/strong>brind\u00f3 una fuerte entrevista para el ciclo&nbsp;<strong>A la tarde, Am\u00e9rica Tv<\/strong>, y entre l\u00e1grimas explic\u00f3 que el ex boxeador se mud\u00f3 a 50 metros de ella.<\/p>\n\n\n\n<p><em>&#8220;Ya no s\u00e9 que hacer, a \u00e9l no le importa la Justicia. La tengo a media cuadra y no puedo ver a mi hija&#8221;,<\/em>&nbsp;dijo conmovida. Y record\u00f3 el calvario que vivi\u00f3 al lado de<strong>&nbsp;La Mole<\/strong>:&nbsp;<em>&#8220;Ten\u00eda la piernas negras de tantos golpes que me daba. Mi casa era un infierno&#8221;<\/em>.<\/p>\n\n\n\n<p>En este sentido, tras el dram\u00e1tico relato de la ex de&nbsp;<strong>La Mole<\/strong>,&nbsp;<strong>Diego Esteves<\/strong>&nbsp;precis\u00f3 m\u00e1s detalles de lo que sucedi\u00f3 despu\u00e9s:<em>&nbsp;&#8220;Fue una madrugada intensa para la Mole Moli con la polic\u00eda, quien le toc\u00f3 el timbre de su casa a las 2 de la ma\u00f1ana y le orden\u00f3 por pedido de la fiscal\u00eda general de C\u00f3rdoba, que se presentara en la Justicia de R\u00edo Segundo y se apersonara a primera hora de la ma\u00f1ana&#8221;.<\/em><\/p>\n\n\n\n<p><em>&#8220;\u00c9l fue all\u00ed, estuvo un buen rato y la Justicia quer\u00eda ver que hab\u00eda pasado sobre si lo que hab\u00eda contado &#8216;La Negra&#8217; sobre la perimetral hab\u00eda sido cierto. Lo escucharon y tuvieron un buen rato, y le pidieron que fuera hasta la polic\u00eda de Villa del Rosario, de donde ambos son oriundos&#8221;,<\/em>&nbsp;agreg\u00f3 el periodista.<\/p>\n\n\n\n<p>Y ampli\u00f3:<em>&nbsp;&#8220;Le dijo que fuera a notificarse de la perimetral que est\u00e1 vigente desde el a\u00f1o pasado y que le proh\u00edbe acercarse a menos de 200 metros de su ex mujer. A media ma\u00f1ana, el Poder Judicial de C\u00f3rdoba, corrigi\u00f3 la perimetral. Se enter\u00f3 por televisi\u00f3n que &#8216;La Negra&#8217; y la Mole viven a 50 metros cuando la perimetral era de 200 metros. Entonces hicieron una correcci\u00f3n y que los 200 metros pasaran a 50 metros&#8221;.<\/em><\/p>\n\n\n\n<p>En tanto, la colega&nbsp;<strong>Ivanna Martin<\/strong>, aport\u00f3 m\u00e1s detalles sobre la causa:&nbsp;<em>&#8220;La abogada Mariana Montalto pidi\u00f3 la urgente detenci\u00f3n de la Mole Moli. Est\u00e1n todas las alarmas encendidas en C\u00f3rdoba. La fiscal\u00eda general pide, adem\u00e1s, un inminente allanamiento en la casa y ya tiene la Justicia en su poder las im\u00e1genes de las c\u00e1maras cercanas a las casas de ambos, ya que solamente lo separan tres veredas&#8221;.<\/em><\/p>\n\n\n\n<p><em>&#8220;Despu\u00e9s de la denuncia de Marta Galiano, a la Mole se le empezaron a caer las protecciones, tanto las protecciones pol\u00edticas como policiales y las que ten\u00eda hasta este momento. Porque la entrevista de su expareja fue un antes y un despu\u00e9s. Luego de la nota, pudo radicar una denuncia que incluye mont\u00f3n de violaciones perimetrales que \u00e9l ya hab\u00eda hecho en todo el \u00faltimo a\u00f1o, cuando estaba en libertad condicional&#8221;<\/em>, explic\u00f3 la cronista.<\/p>\n\n\n\n<p><em>&#8220;Ella<\/em><strong>&nbsp;(Galiano)&nbsp;<\/strong><em>nunca hab\u00eda logrado radicar la denuncia porque iba a la comisar\u00eda y no se la tomaban. Anoche le tomaron todas las denuncias y, dicho por ella misma, la recibieron &#8216;como una reina&#8217;. Ahora hasta tiene custodia en su propia casa y anoche a las 2 de la ma\u00f1ana la polic\u00eda se acerc\u00f3 para preguntarle c\u00f3mo se encontraba y le contest\u00f3 &#8216;que bueno que se acordaron que vivo ac\u00e1'&#8221;<\/em>, cerr\u00f3&nbsp;<strong>Ivanna Martin<\/strong>.<\/p>\n\n\n\n<h2 class=\"wp-block-heading\">La Mole Moli fue condenado por violencia de g\u00e9nero pero no ir\u00e1 a la c\u00e1rcel: &#8220;Quiero morir como un caballero&#8221;<\/h2>\n\n\n\n<p><strong>Fabio La Mole Moli<\/strong>\u00a0fue condenado este lunes por la<strong>\u00a0C\u00e1mara 12 del Crimen<\/strong>\u00a0a dos a\u00f1os y dos meses de prisi\u00f3n por el delito de coacci\u00f3n tras la denuncia de violencia de g\u00e9nero que realiz\u00f3 en 2019 su ex pareja,\u00a0<strong>la Negra Marta Galiano<\/strong>.<\/p>\n\n\n\n<p>El ex boxeador de 54 a\u00f1os no ir\u00e1 a prisi\u00f3n ya que la condena es de ejecuci\u00f3n condicional. En charla con el ciclo&nbsp;<strong>Intrusos, Am\u00e9rica Tv<\/strong>,&nbsp;<strong>La Mole Moli<\/strong>&nbsp;cont\u00f3 c\u00f3mo tom\u00f3 esta resoluci\u00f3n de la Justicia a pocos minutos del fallo en su contra.<\/p>\n\n\n\n<p><em>&#8220;Hace cuatro a\u00f1os que estoy con esto y por suerte se termin\u00f3. Mi familia no est\u00e1 destruida, est\u00e1n ac\u00e1 todos mis hijos acompa\u00f1\u00e1ndome y la Negra podr\u00eda estar sentada ac\u00e1 tranquilamente&#8221;<\/em>, se defendi\u00f3 el ex deportista, quien estaba rodeado de sus hijos en la entrevista.<\/p>\n\n\n\n<p>Y agreg\u00f3:&nbsp;<em>&#8220;Hasta hace siete d\u00edas atr\u00e1s estaba todo b\u00e1rbaro, segu\u00edamos en contacto con ella<\/em>&nbsp;<strong>(su ex pareja)<\/strong>&nbsp;<em>y tom\u00e1bamos mate, ten\u00edamos una relaci\u00f3n divina. Ella sigue siendo mi familia, la Negra que am\u00e9 y me voy a quedar con las cosas bonitas de ella&#8221;.<\/em><\/p>\n\n\n\n<p><em>&#8220;Desde la denuncia hace cuatro a\u00f1os atr\u00e1s nunca la dej\u00e9, siempre estuve en todo lo que necesit\u00f3 y la voy a seguir cuidando si ella quiere&#8221;<\/em>, argument\u00f3<strong>&nbsp;La Mole Moli<\/strong>.<\/p>\n\n\n\n<p>Y remarc\u00f3:&nbsp;<em>&#8220;De mis hijos extramatrimoniales yo fui de frente con ella y con mis hijos, se los dije cuatro a\u00f1os atr\u00e1s. No me van a hacer hablar porque quiero morir como un caballero. No quiero entrar en puter\u00edo, quiero dar por terminado esto&#8221;<\/em>.<\/p>\n","protected":false},"excerpt":{"rendered":"<p>Fabio La Mole Moli\u00a0fue condenado a mediados de 2023 por violencia de g\u00e9nero tras la denuncia realizada en 2019 por su ex pareja,\u00a0la Negra Marta Galiano. En ese fallo el&hellip; <\/p>\n","protected":false},"author":12,"featured_media":124403,"comment_status":"closed","ping_status":"open","sticky":false,"template":"","format":"standard","meta":{"footnotes":""},"categories":[19,33],"tags":[],"class_list":["post-124398","post","type-post","status-publish","format-standard","has-post-thumbnail","hentry","category-espectaculos","category-policiales"],"_links":{"self":[{"href":"https:\/\/corrientesdetarde.com\/index.php\/wp-json\/wp\/v2\/posts\/124398","targetHints":{"allow":["GET"]}}],"collection":[{"href":"https:\/\/corrientesdetarde.com\/index.php\/wp-json\/wp\/v2\/posts"}],"about":[{"href":"https:\/\/corrientesdetarde.com\/index.php\/wp-json\/wp\/v2\/types\/post"}],"author":[{"embeddable":true,"href":"https:\/\/corrientesdetarde.com\/index.php\/wp-json\/wp\/v2\/users\/12"}],"replies":[{"embeddable":true,"href":"https:\/\/corrientesdetarde.com\/index.php\/wp-json\/wp\/v2\/comments?post=124398"}],"version-history":[{"count":2,"href":"https:\/\/corrientesdetarde.com\/index.php\/wp-json\/wp\/v2\/posts\/124398\/revisions"}],"predecessor-version":[{"id":124412,"href":"https:\/\/corrientesdetarde.com\/index.php\/wp-json\/wp\/v2\/posts\/124398\/revisions\/124412"}],"wp:featuredmedia":[{"embeddable":true,"href":"https:\/\/corrientesdetarde.com\/index.php\/wp-json\/wp\/v2\/media\/124403"}],"wp:attachment":[{"href":"https:\/\/corrientesdetarde.com\/index.php\/wp-json\/wp\/v2\/media?parent=124398"}],"wp:term":[{"taxonomy":"category","embeddable":true,"href":"https:\/\/corrientesdetarde.com\/index.php\/wp-json\/wp\/v2\/categories?post=124398"},{"taxonomy":"post_tag","embeddable":true,"href":"https:\/\/corrientesdetarde.com\/index.php\/wp-json\/wp\/v2\/tags?post=124398"}],"curies":[{"name":"wp","href":"https:\/\/api.w.org\/{rel}","templated":true}]}}