{"id":124416,"date":"2024-02-09T11:31:40","date_gmt":"2024-02-09T14:31:40","guid":{"rendered":"https:\/\/corrientesdetarde.com\/?p=124416"},"modified":"2024-02-09T11:31:52","modified_gmt":"2024-02-09T14:31:52","slug":"yacare-negro-aparecio-en-el-porton-de-una-familia","status":"publish","type":"post","link":"https:\/\/corrientesdetarde.com\/index.php\/medio-ambiente\/yacare-negro-aparecio-en-el-porton-de-una-familia\/","title":{"rendered":"yacar\u00e9 negro apareci\u00f3 en el port\u00f3n de una familia"},"content":{"rendered":"\n<p>Ayer jueves, una familia intentaba salir de su casa, cuando avist\u00f3 un yacar\u00e9 negro que estaba frente a su port\u00f3n, lo primero que hicieron fue llamar al Centro de Conservaci\u00f3n Aguar\u00e1 que al cabo de unos minutos lleg\u00f3 al lugar para su rescate y liberado en en su h\u00e1bitat natural.\u00a0<\/p>\n\n\n\n<p>Catalina Mancedo, miembro del Centro de Conservaci\u00f3n Aguar\u00e1 se\u00f1al\u00f3: \u201cse hizo el rescate, es un yacar\u00e9 negro, hermoso ejemplar. Necesit\u00f3 ser traslocado, estaba en buenas condiciones y ya fue liberado\u201d.<\/p>\n\n\n\n<p>Consultada sobre las posibles razones de su aparici\u00f3n, Catalina Mancedo respondi\u00f3 que: \u201cobviamente esto ya es producto del calor extremo que estamos teniendo estos d\u00edas, y por la sequ\u00eda los esteros y lagunas est\u00e1n bajando su cauce normal, nuestro r\u00edo tambi\u00e9n est\u00e1 super bajo y esto lleva a los animales que viven en ambientes acu\u00e1ticos que es la mayor\u00eda de la fauna silvestre a otros lugares para poder sobrevivir\u201d.\u00a0<\/p>\n\n\n\n<figure class=\"wp-block-embed is-type-video is-provider-youtube wp-block-embed-youtube wp-embed-aspect-16-9 wp-has-aspect-ratio\"><div class=\"wp-block-embed__wrapper\">\n<iframe loading=\"lazy\" title=\"Rescate de un yacar\u00e9 en Corrientes\" width=\"1110\" height=\"624\" src=\"https:\/\/www.youtube.com\/embed\/W1WYujFmz7g?feature=oembed\" frameborder=\"0\" allow=\"accelerometer; autoplay; clipboard-write; encrypted-media; gyroscope; picture-in-picture; web-share\" allowfullscreen><\/iframe>\n<\/div><\/figure>\n","protected":false},"excerpt":{"rendered":"<p>Ayer jueves, una familia intentaba salir de su casa, cuando avist\u00f3 un yacar\u00e9 negro que estaba frente a su port\u00f3n, lo primero que hicieron fue llamar al Centro de Conservaci\u00f3n&hellip; <\/p>\n","protected":false},"author":1,"featured_media":124423,"comment_status":"closed","ping_status":"open","sticky":false,"template":"","format":"standard","meta":{"footnotes":""},"categories":[6],"tags":[],"class_list":["post-124416","post","type-post","status-publish","format-standard","has-post-thumbnail","hentry","category-medio-ambiente"],"_links":{"self":[{"href":"https:\/\/corrientesdetarde.com\/index.php\/wp-json\/wp\/v2\/posts\/124416","targetHints":{"allow":["GET"]}}],"collection":[{"href":"https:\/\/corrientesdetarde.com\/index.php\/wp-json\/wp\/v2\/posts"}],"about":[{"href":"https:\/\/corrientesdetarde.com\/index.php\/wp-json\/wp\/v2\/types\/post"}],"author":[{"embeddable":true,"href":"https:\/\/corrientesdetarde.com\/index.php\/wp-json\/wp\/v2\/users\/1"}],"replies":[{"embeddable":true,"href":"https:\/\/corrientesdetarde.com\/index.php\/wp-json\/wp\/v2\/comments?post=124416"}],"version-history":[{"count":1,"href":"https:\/\/corrientesdetarde.com\/index.php\/wp-json\/wp\/v2\/posts\/124416\/revisions"}],"predecessor-version":[{"id":124424,"href":"https:\/\/corrientesdetarde.com\/index.php\/wp-json\/wp\/v2\/posts\/124416\/revisions\/124424"}],"wp:featuredmedia":[{"embeddable":true,"href":"https:\/\/corrientesdetarde.com\/index.php\/wp-json\/wp\/v2\/media\/124423"}],"wp:attachment":[{"href":"https:\/\/corrientesdetarde.com\/index.php\/wp-json\/wp\/v2\/media?parent=124416"}],"wp:term":[{"taxonomy":"category","embeddable":true,"href":"https:\/\/corrientesdetarde.com\/index.php\/wp-json\/wp\/v2\/categories?post=124416"},{"taxonomy":"post_tag","embeddable":true,"href":"https:\/\/corrientesdetarde.com\/index.php\/wp-json\/wp\/v2\/tags?post=124416"}],"curies":[{"name":"wp","href":"https:\/\/api.w.org\/{rel}","templated":true}]}}