{"id":124468,"date":"2024-02-09T14:02:17","date_gmt":"2024-02-09T17:02:17","guid":{"rendered":"https:\/\/corrientesdetarde.com\/?p=124468"},"modified":"2024-02-09T14:10:49","modified_gmt":"2024-02-09T17:10:49","slug":"milei-brindara-su-discurso-de-apertura-de-sesiones-ordinarias-en-la-plaza-de-espaldas-al-congreso-un-acto-de-venganza-simbolica","status":"publish","type":"post","link":"https:\/\/corrientesdetarde.com\/index.php\/politica\/milei-brindara-su-discurso-de-apertura-de-sesiones-ordinarias-en-la-plaza-de-espaldas-al-congreso-un-acto-de-venganza-simbolica\/","title":{"rendered":"MILEI BRINDARIA SU DISCURSO DE APERTURA DE SESIONES ORDINARIAS EN LA PLAZA, DE ESPALDAS AL CONGRESO: UN ACTO DE VENGANZA SIMB\u00d3LICA"},"content":{"rendered":"\n<p>(Pablo Roma, Congreso Nacional) &#8211; El Senador de la Naci\u00f3n, Mart\u00edn Lousteau, revel\u00f3 en una entrevista con Willy Kohan en el programa de Marcelo Longobardi por Radio Rivadavia que el Presidente de la Naci\u00f3n est\u00e1 considerando inaugurar el periodo de sesiones ordinarias del Congreso brindando su discurso desde las escalinatas del edificio legislativo.<\/p>\n\n\n\n<p>Esta informaci\u00f3n, confirmada por diversas fuentes legislativas, sugiere un gesto inusual por parte del mandatario, Javier Milei, quien analiza pronunciar su discurso el 1 de marzo, fecha establecida por la Constituci\u00f3n para este acto, frente al Congreso pero de espaldas al mismo.<br>Esta decisi\u00f3n evocar\u00eda la acci\u00f3n realizada por Milei durante su ceremonia de asunci\u00f3n el pasado 10 de diciembre, donde tambi\u00e9n opt\u00f3 por dirigirse &#8220;de cara a su gente de bien&#8221;, en palabras del propio mandatario, en lugar de enfrentar al Congreso. Este gesto simb\u00f3lico se enmarca en un contexto de tensi\u00f3n entre el Ejecutivo y el Legislativo, exacerbado por el desacuerdo en torno a la Ley \u00d3mnibus y la percepci\u00f3n del Presidente de que algunos legisladores no han cumplido con los acuerdos establecidos.<br>Seg\u00fan fuentes cercanas a la Casa Rosada, el enojo de Milei con ciertos sectores de diputados es evidente, especialmente aquellos vinculados a gobernadores que, seg\u00fan el Gobierno, no han cumplido con los compromisos asumidos respecto a la ley mencionada. Entre los se\u00f1alados se encuentra el titular del bloque Hacemos Coalici\u00f3n Federal (HCF), Miguel \u00c1ngel Pichetto, a quien se le acusa de modificar el proyecto de ley al ingresar al Congreso, eliminando aspectos clave del mismo.<br>Este malestar ha llevado al Presidente a evaluar la posibilidad de solicitar la renuncia del titular de la ANSeS, Osvaldo Giordano, y tomar medidas dr\u00e1sticas respecto a otros funcionarios que no est\u00e9n alineados con su visi\u00f3n pol\u00edtica. Sin embargo, estas decisiones han generado cierta controversia dentro del Gobierno, con rumores sobre posibles renuncias y disputas internas entre distintos sectores.<br>Este posible acto de Milei, de dar su discurso de apertura de sesiones ordinarias de espaldas al Congreso, ha generado cr\u00edticas y preocupaciones entre distintos l\u00edderes pol\u00edticos, quienes consideran que contraviene las normas constitucionales y el protocolo establecido. Ante esta situaci\u00f3n, se baraja la posibilidad de presentar un amparo legal en caso de que sea necesario defender el respeto a las instituciones y al orden constitucional.<br>En resumen, la decisi\u00f3n de Milei de dar su discurso de apertura de sesiones ordinarias de espaldas al Congreso representa un gesto de confrontaci\u00f3n y descontento con el Poder Legislativo, en un contexto de tensiones pol\u00edticas y disputas internas en el Gobierno.<\/p>\n","protected":false},"excerpt":{"rendered":"<p>(Pablo Roma, Congreso Nacional) &#8211; El Senador de la Naci\u00f3n, Mart\u00edn Lousteau, revel\u00f3 en una entrevista con Willy Kohan en el programa de Marcelo Longobardi por Radio Rivadavia que el&hellip; <\/p>\n","protected":false},"author":11,"featured_media":124470,"comment_status":"closed","ping_status":"open","sticky":false,"template":"","format":"standard","meta":{"footnotes":""},"categories":[26,3],"tags":[54,1556,336,1558],"class_list":["post-124468","post","type-post","status-publish","format-standard","has-post-thumbnail","hentry","category-destacados","category-politica","tag-congreso","tag-espaldas","tag-milei","tag-venganza"],"_links":{"self":[{"href":"https:\/\/corrientesdetarde.com\/index.php\/wp-json\/wp\/v2\/posts\/124468","targetHints":{"allow":["GET"]}}],"collection":[{"href":"https:\/\/corrientesdetarde.com\/index.php\/wp-json\/wp\/v2\/posts"}],"about":[{"href":"https:\/\/corrientesdetarde.com\/index.php\/wp-json\/wp\/v2\/types\/post"}],"author":[{"embeddable":true,"href":"https:\/\/corrientesdetarde.com\/index.php\/wp-json\/wp\/v2\/users\/11"}],"replies":[{"embeddable":true,"href":"https:\/\/corrientesdetarde.com\/index.php\/wp-json\/wp\/v2\/comments?post=124468"}],"version-history":[{"count":2,"href":"https:\/\/corrientesdetarde.com\/index.php\/wp-json\/wp\/v2\/posts\/124468\/revisions"}],"predecessor-version":[{"id":124474,"href":"https:\/\/corrientesdetarde.com\/index.php\/wp-json\/wp\/v2\/posts\/124468\/revisions\/124474"}],"wp:featuredmedia":[{"embeddable":true,"href":"https:\/\/corrientesdetarde.com\/index.php\/wp-json\/wp\/v2\/media\/124470"}],"wp:attachment":[{"href":"https:\/\/corrientesdetarde.com\/index.php\/wp-json\/wp\/v2\/media?parent=124468"}],"wp:term":[{"taxonomy":"category","embeddable":true,"href":"https:\/\/corrientesdetarde.com\/index.php\/wp-json\/wp\/v2\/categories?post=124468"},{"taxonomy":"post_tag","embeddable":true,"href":"https:\/\/corrientesdetarde.com\/index.php\/wp-json\/wp\/v2\/tags?post=124468"}],"curies":[{"name":"wp","href":"https:\/\/api.w.org\/{rel}","templated":true}]}}