{"id":12463,"date":"2022-10-19T08:25:45","date_gmt":"2022-10-19T11:25:45","guid":{"rendered":"https:\/\/corrientesdetarde.com\/?p=12463"},"modified":"2022-10-19T08:25:47","modified_gmt":"2022-10-19T11:25:47","slug":"realizaran-la-primera-fiesta-nacional-del-sanguche-de-milanesa","status":"publish","type":"post","link":"https:\/\/corrientesdetarde.com\/index.php\/nacionales\/realizaran-la-primera-fiesta-nacional-del-sanguche-de-milanesa\/","title":{"rendered":"Realizar\u00e1n la primera fiesta nacional del sanguche de milanesa"},"content":{"rendered":"\n<p>Uno de los platos m\u00e1s amados por los argentinos tendr\u00e1 su propio evento y se realizar\u00e1 en noviembre. Los detalles en la nota.<\/p>\n\n\n\n<p>La primera Fiesta Nacional del S\u00e1nguche de Milanesa ser\u00e1 una realidad. Este plato es uno de los m\u00e1s amados por los argentinos y en noviembre tendr\u00e1 su propio festejo en la provincia de Tucum\u00e1n.<\/p>\n\n\n\n<p>En la previa del evento se realizar\u00e1 una preselecci\u00f3n para elegir a las mejores sangucher\u00edas de toda la provincia. El concurso ya est\u00e1 en marcha y el jueves 20 se elegir\u00e1 en Monteros, a partir de las 20:30 horas en la Feria Municipal, y el 21 en Lules con cita en la Plaza 9 de Julio.<\/p>\n\n\n\n<h3 class=\"wp-block-heading\">CU\u00c1NDO ES LA FIESTA NACIONAL DEL SANGUCHE DE MILANESA Y C\u00d3MO PARTICIPAR<\/h3>\n\n\n\n<p>La Fiesta Nacional del S\u00e1nguche de Milanesa se realizar\u00e1 del 11 al 13 de noviembre en el Predio de la Sociedad Rural de Tucum\u00e1n. En di\u00e1logo con T\u00e9lam, el organizador del evento Diego Viruel explic\u00f3 que la preselecci\u00f3n es para que los tucumanos tengan en la celebraci\u00f3n a &#8220;las mejores sangucher\u00edas de toda la provincia&#8221;.<\/p>\n\n\n\n<p>Viruel tambi\u00e9n detall\u00f3 de que cada departamento saldr\u00e1 &#8220;un ganador&#8221; que tendr\u00e1 su propio stand en la Fiesta Nacional. La iniciativa tiene aval de la provincia a trav\u00e9s del apoyo del Ente Tucum\u00e1n Turismo, a cargo de Sebasti\u00e1n Giobellina.<\/p>\n\n\n\n<p>En este sentido, el organizador del evento asegur\u00f3 que desde la gobernaci\u00f3n comprendieron que la movida es muy propia de la provincia y que est\u00e1 &#8220;muy arraigada en el tucumano&#8221;.<\/p>\n\n\n\n<p>&#8220;La milanesa tucumana tiene varios ingredientes que la hacen \u00fanica, pero en realidad tambi\u00e9n habr\u00eda que hablar de c\u00f3mo se arma el s\u00e1nguche, que tambi\u00e9n es distinto, que se arma en el momento y se puede personalizar&#8221;, asegur\u00f3.<\/p>\n","protected":false},"excerpt":{"rendered":"<p>Uno de los platos m\u00e1s amados por los argentinos tendr\u00e1 su propio evento y se realizar\u00e1 en noviembre. Los detalles en la nota. La primera Fiesta Nacional del S\u00e1nguche de&hellip; <\/p>\n","protected":false},"author":4,"featured_media":12467,"comment_status":"closed","ping_status":"open","sticky":false,"template":"","format":"standard","meta":{"footnotes":""},"categories":[10],"tags":[],"class_list":["post-12463","post","type-post","status-publish","format-standard","has-post-thumbnail","hentry","category-nacionales"],"_links":{"self":[{"href":"https:\/\/corrientesdetarde.com\/index.php\/wp-json\/wp\/v2\/posts\/12463","targetHints":{"allow":["GET"]}}],"collection":[{"href":"https:\/\/corrientesdetarde.com\/index.php\/wp-json\/wp\/v2\/posts"}],"about":[{"href":"https:\/\/corrientesdetarde.com\/index.php\/wp-json\/wp\/v2\/types\/post"}],"author":[{"embeddable":true,"href":"https:\/\/corrientesdetarde.com\/index.php\/wp-json\/wp\/v2\/users\/4"}],"replies":[{"embeddable":true,"href":"https:\/\/corrientesdetarde.com\/index.php\/wp-json\/wp\/v2\/comments?post=12463"}],"version-history":[{"count":1,"href":"https:\/\/corrientesdetarde.com\/index.php\/wp-json\/wp\/v2\/posts\/12463\/revisions"}],"predecessor-version":[{"id":12468,"href":"https:\/\/corrientesdetarde.com\/index.php\/wp-json\/wp\/v2\/posts\/12463\/revisions\/12468"}],"wp:featuredmedia":[{"embeddable":true,"href":"https:\/\/corrientesdetarde.com\/index.php\/wp-json\/wp\/v2\/media\/12467"}],"wp:attachment":[{"href":"https:\/\/corrientesdetarde.com\/index.php\/wp-json\/wp\/v2\/media?parent=12463"}],"wp:term":[{"taxonomy":"category","embeddable":true,"href":"https:\/\/corrientesdetarde.com\/index.php\/wp-json\/wp\/v2\/categories?post=12463"},{"taxonomy":"post_tag","embeddable":true,"href":"https:\/\/corrientesdetarde.com\/index.php\/wp-json\/wp\/v2\/tags?post=12463"}],"curies":[{"name":"wp","href":"https:\/\/api.w.org\/{rel}","templated":true}]}}