{"id":124639,"date":"2024-02-10T09:03:36","date_gmt":"2024-02-10T12:03:36","guid":{"rendered":"https:\/\/corrientesdetarde.com\/?p=124639"},"modified":"2024-02-10T09:03:47","modified_gmt":"2024-02-10T12:03:47","slug":"salud-insiste-en-la-importancia-de-completar-las-vacunas-de-calendario-regular-2","status":"publish","type":"post","link":"https:\/\/corrientesdetarde.com\/index.php\/bienestar-y-salud\/salud-insiste-en-la-importancia-de-completar-las-vacunas-de-calendario-regular-2\/","title":{"rendered":"Salud insiste en la importancia de completar las vacunas de calendario regular"},"content":{"rendered":"\n<p><em>Las dosis se encuentran disponibles en los vacunatorios de la provincia. Entre ellas: la Triple Viral, que protege del Sarampi\u00f3n, la Rubeola, y la Parotiditis y se aplica a los 12 meses de vida y a los 5-6 a\u00f1os, en tanto que, para los adultos, est\u00e1 incluida la Doble Viral, que protege del Sarampi\u00f3n, y de la Rubeola.<\/em><\/p>\n\n\n\n<p>Desde el Ministerio de Salud P\u00fablica, a cargo de Ricardo Cardozo, insisten en la importancia de tener completo el calendario regular de vacunaci\u00f3n. Todas las vacunas que se incluyen en el mismo, son obligatorias, gratuitas y se aplican en todos los vacunatorios de la provincia.<\/p>\n\n\n\n<p>Ante la confirmaci\u00f3n de un caso de sarampi\u00f3n en un paciente de 6 a\u00f1os residente en Barcelona, Espa\u00f1a, con domicilio temporario en Ciudad de Buenos Aires, el Ministerio de Salud de la Naci\u00f3n y de la Ciudad Aut\u00f3noma de Buenos Aires, emitieron la alerta con el objetivo de informar sobre la situaci\u00f3n epidemiol\u00f3gica e instar a los equipos de salud a fortalecer la vigilancia de enfermedad febril exantem\u00e1tica (EFE), verificar y completar esquemas de vacunaci\u00f3n y sensibilizar a la poblaci\u00f3n sobre la importancia de la consulta temprana ante la aparici\u00f3n de fiebre y exantema..<\/p>\n\n\n\n<p>La Argentina interrumpi\u00f3 la circulaci\u00f3n end\u00e9mica del sarampi\u00f3n en el 2000. Desde entonces se registraron brotes de menos de un a\u00f1o de duraci\u00f3n, sin p\u00e9rdida del estado de eliminaci\u00f3n. El mayor brote se registr\u00f3 entre 2019 y 2020, con un total de 179 casos, que se circunscribieron a la Ciudad Aut\u00f3noma de Buenos Aires (CABA) y 19 municipios de la provincia de Buenos Aires (PBA). En el 2021 no se registraron casos confirmados. En 2022, se registraron dos casos de sarampi\u00f3n: uno en CABA y otro en Vicente L\u00f3pez (PBA): el primero correspondi\u00f3 a un caso importado y el segundo, un caso de origen desconocido. Ambos sin relaci\u00f3n entre ellos y sin casos secundarios.<\/p>\n\n\n\n<p>El 19 de enero del corriente a\u00f1o, se confirm\u00f3 un caso de sarampi\u00f3n en la provincia de Salta en un ni\u00f1o de 19 meses sin vacunaci\u00f3n, que evolucion\u00f3 con neumon\u00eda con requerimiento de internaci\u00f3n en unidad de cuidados intensivos para asistencia respiratoria mec\u00e1nica, con buena evoluci\u00f3n posterior. El caso se confirm\u00f3 por laboratorio. A pesar de una exhaustiva investigaci\u00f3n llevada a cabo por el equipo de respuesta r\u00e1pida a brotes de Salta, la fuente de infecci\u00f3n no fue identificada hasta la fecha. Se identificaron los contactos durante el per\u00edodo de transmisibilidad y, habiendo transcurrido 30 d\u00edas de seguimiento, no se presentaron casos secundarios. Se realizaron acciones de vacunaci\u00f3n de bloqueo, b\u00fasquedas comunitarias y monitoreos de vacunaci\u00f3n seg\u00fan la ruta de desplazamiento del caso.<\/p>\n\n\n\n<p><strong>Prevenci\u00f3n<\/strong><\/p>\n\n\n\n<p>Todas las personas desde el a\u00f1o de vida deben tener esquema de vacunaci\u00f3n completo contra el sarampi\u00f3n y la rub\u00e9ola, seg\u00fan Calendario Nacional de Vacunaci\u00f3n:<\/p>\n\n\n\n<p>&#8211; De 12 meses a 4 a\u00f1os: deben acreditar UNA DOSIS de vacuna triple viral<\/p>\n\n\n\n<p>&#8211; Mayores de 5 a\u00f1os, adolescentes y personas adultas deben acreditar al menos DOS DOSIS de vacuna con componente contra sarampi\u00f3n y rub\u00e9ola aplicada despu\u00e9s del a\u00f1o de vida (doble o triple viral) o contar con serolog\u00eda IgG positiva para sarampi\u00f3n y rub\u00e9ola.<\/p>\n\n\n\n<p>&#8211; Las personas nacidas antes de 1965 se consideran inmunes y no necesitan vacunarse.<\/p>\n","protected":false},"excerpt":{"rendered":"<p>Las dosis se encuentran disponibles en los vacunatorios de la provincia. Entre ellas: la Triple Viral, que protege del Sarampi\u00f3n, la Rubeola, y la Parotiditis y se aplica a los&hellip; <\/p>\n","protected":false},"author":3,"featured_media":124640,"comment_status":"closed","ping_status":"open","sticky":false,"template":"","format":"standard","meta":{"footnotes":""},"categories":[16],"tags":[],"class_list":["post-124639","post","type-post","status-publish","format-standard","has-post-thumbnail","hentry","category-bienestar-y-salud"],"_links":{"self":[{"href":"https:\/\/corrientesdetarde.com\/index.php\/wp-json\/wp\/v2\/posts\/124639","targetHints":{"allow":["GET"]}}],"collection":[{"href":"https:\/\/corrientesdetarde.com\/index.php\/wp-json\/wp\/v2\/posts"}],"about":[{"href":"https:\/\/corrientesdetarde.com\/index.php\/wp-json\/wp\/v2\/types\/post"}],"author":[{"embeddable":true,"href":"https:\/\/corrientesdetarde.com\/index.php\/wp-json\/wp\/v2\/users\/3"}],"replies":[{"embeddable":true,"href":"https:\/\/corrientesdetarde.com\/index.php\/wp-json\/wp\/v2\/comments?post=124639"}],"version-history":[{"count":1,"href":"https:\/\/corrientesdetarde.com\/index.php\/wp-json\/wp\/v2\/posts\/124639\/revisions"}],"predecessor-version":[{"id":124641,"href":"https:\/\/corrientesdetarde.com\/index.php\/wp-json\/wp\/v2\/posts\/124639\/revisions\/124641"}],"wp:featuredmedia":[{"embeddable":true,"href":"https:\/\/corrientesdetarde.com\/index.php\/wp-json\/wp\/v2\/media\/124640"}],"wp:attachment":[{"href":"https:\/\/corrientesdetarde.com\/index.php\/wp-json\/wp\/v2\/media?parent=124639"}],"wp:term":[{"taxonomy":"category","embeddable":true,"href":"https:\/\/corrientesdetarde.com\/index.php\/wp-json\/wp\/v2\/categories?post=124639"},{"taxonomy":"post_tag","embeddable":true,"href":"https:\/\/corrientesdetarde.com\/index.php\/wp-json\/wp\/v2\/tags?post=124639"}],"curies":[{"name":"wp","href":"https:\/\/api.w.org\/{rel}","templated":true}]}}